{"id":165588,"date":"2025-06-10T11:52:09","date_gmt":"2025-06-10T11:52:09","guid":{"rendered":"https:\/\/www.europesays.com\/fr\/165588\/"},"modified":"2025-06-10T11:52:09","modified_gmt":"2025-06-10T11:52:09","slug":"avant-le-concert-de-billie-eilish-laccor-arena-sest-transformee-en-camping-geant","status":"publish","type":"post","link":"https:\/\/www.europesays.com\/fr\/165588\/","title":{"rendered":"Avant le concert de Billie Eilish , l\u2019Accor Arena s\u2019est transform\u00e9e en camping g\u00e9ant"},"content":{"rendered":"\n<p> La lecture de ce contenu est susceptible d\u2019entra\u00eener un d\u00e9p\u00f4t de cookies de la part de l\u2019op\u00e9rateur tiers qui l\u2019h\u00e9berge. Compte-tenu des choix que vous avez exprim\u00e9s en mati\u00e8re de d\u00e9p\u00f4t de cookies, nous avons bloqu\u00e9 l\u2019affichage de ce contenu. Si vous souhaitez y acc\u00e9der, vous devez accepter la cat\u00e9gorie de cookies \u201cContenus tiers\u201d en cliquant sur le bouton ci-dessous. <\/p>\n<p> Lire la Vid\u00e9o              <\/p>\n<p class=\"asset asset-text\">MUSIQUE &#8211; Une belle preuve de d\u00e9vouement. Avant les deux <a href=\"https:\/\/www.huffingtonpost.fr\/culture\/article\/chris-martin-rend-hommage-a-la-legendaire-celine-dion-en-plein-concert-de-coldplay_251122.html\" target=\"_blank\" rel=\"noopener\">concerts<\/a> parisiens de <a href=\"https:\/\/www.huffingtonpost.fr\/culture\/article\/billie-eilish-est-fan-d-une-artiste-en-ce-moment-et-elle-vient-de-poitiers_248914.html\" target=\"_blank\" rel=\"noopener\">Billie Eilish<\/a> qui se tiennent \u00e0 l\u2019Accor Arena les mardi et mercredi\u00a010\u00a0et 11\u00a0juin, ses fans ont d\u00e9cid\u00e9 de tout faire pour avoir la meilleure place possible. Quitte \u00e0 camper plusieurs jours devant la salle de 20\u00a0000\u00a0places <strong>comme vous pouvez le voir dans notre vid\u00e9o en t\u00eate d\u2019article<\/strong>.<\/p>\n<p class=\"asset asset-text\">Certains sont pr\u00e9sents depuis le d\u00e9but du week-end pour pouvoir entrer le plus t\u00f4t et maximiser leurs chances de voir leur idole de (tr\u00e8s) pr\u00e8s. En attendant, ces fans doivent passer le temps et pour \u00e7a, ils se rassemblent pour jouer aux cartes ou bien pour faire des karaok\u00e9s avec les titres de la chanteuse am\u00e9ricaine. Un bon moyen \u00e9galement pour r\u00e9viser les paroles \u00e0 quelques heures (ou jours) du concert.<\/p>\n<p class=\"asset asset-text\">Et pour ce qui est de l\u2019hygi\u00e8ne, les fans ont aussi tout pr\u00e9vu. \u00ab\u00a0On se lave, il y a des h\u00f4tels juste \u00e0 c\u00f4t\u00e9, des Airbnb aux alentours ou des gens qui habitent juste \u00e0 c\u00f4t\u00e9\u00a0\u00bb, a expliqu\u00e9 Lara au micro de <a href=\"https:\/\/www.bfmtv.com\/people\/musique\/on-a-envie-d-etre-tout-devant-plus-de-24h-avant-le-concert-de-billie-eilish-les-fans-campent-deja-devant-l-accor-arena_AV-202506090495.html\" target=\"_blank\" rel=\"noopener\" title=\"Nouvelle fen\u00eatre\">BFMTV<\/a>. \u00ab\u00a0On s\u2019arrange directement entre nous pour savoir qui peut aller se laver chez l\u2019un ou l\u2019autre\u00a0\u00bb, a pr\u00e9cis\u00e9 un de ses amis qui fait la queue avec elle.<\/p>\n<p class=\"asset asset-text\">Ceux qui n\u2019ont pas pu patienter plusieurs heures voire plusieurs jours devant la salle de spectacle ont quand m\u00eame pu aller \u00e0 la boutique \u00e9ph\u00e9m\u00e8re qui a ouvert au c\u0153ur des Galeries Lafayette. L\u00e0-bas, il est possible d\u2019acheter des v\u00eatements \u00e0 l\u2019effigie de l\u2019interpr\u00e8te de lovely. Mais sur place, il faut tout de m\u00eame d\u00e9penser plus de 50\u00a0euros pour un simple t-shirt.<\/p>\n","protected":false},"excerpt":{"rendered":"La lecture de ce contenu est susceptible d\u2019entra\u00eener un d\u00e9p\u00f4t de cookies de la part de l\u2019op\u00e9rateur tiers&hellip;\n","protected":false},"author":2,"featured_media":165589,"comment_status":"","ping_status":"","sticky":false,"template":"","format":"standard","meta":{"footnotes":""},"categories":[1355],"tags":[11936,1697,251,58,59,1011,27,1361,873,2532],"class_list":{"0":"post-165588","1":"post","2":"type-post","3":"status-publish","4":"format-standard","5":"has-post-thumbnail","7":"category-musique","8":"tag-billie-eilish","9":"tag-concert","10":"tag-culture","11":"tag-divertissement","12":"tag-entertainment","13":"tag-fr","14":"tag-france","15":"tag-music","16":"tag-musique","17":"tag-nos-videos"},"share_on_mastodon":{"url":"https:\/\/pubeurope.com\/@fr\/114658931158480820","error":""},"_links":{"self":[{"href":"https:\/\/www.europesays.com\/fr\/wp-json\/wp\/v2\/posts\/165588","targetHints":{"allow":["GET"]}}],"collection":[{"href":"https:\/\/www.europesays.com\/fr\/wp-json\/wp\/v2\/posts"}],"about":[{"href":"https:\/\/www.europesays.com\/fr\/wp-json\/wp\/v2\/types\/post"}],"author":[{"embeddable":true,"href":"https:\/\/www.europesays.com\/fr\/wp-json\/wp\/v2\/users\/2"}],"replies":[{"embeddable":true,"href":"https:\/\/www.europesays.com\/fr\/wp-json\/wp\/v2\/comments?post=165588"}],"version-history":[{"count":0,"href":"https:\/\/www.europesays.com\/fr\/wp-json\/wp\/v2\/posts\/165588\/revisions"}],"wp:featuredmedia":[{"embeddable":true,"href":"https:\/\/www.europesays.com\/fr\/wp-json\/wp\/v2\/media\/165589"}],"wp:attachment":[{"href":"https:\/\/www.europesays.com\/fr\/wp-json\/wp\/v2\/media?parent=165588"}],"wp:term":[{"taxonomy":"category","embeddable":true,"href":"https:\/\/www.europesays.com\/fr\/wp-json\/wp\/v2\/categories?post=165588"},{"taxonomy":"post_tag","embeddable":true,"href":"https:\/\/www.europesays.com\/fr\/wp-json\/wp\/v2\/tags?post=165588"}],"curies":[{"name":"wp","href":"https:\/\/api.w.org\/{rel}","templated":true}]}}