{"id":165592,"date":"2025-06-10T11:55:10","date_gmt":"2025-06-10T11:55:10","guid":{"rendered":"https:\/\/www.europesays.com\/fr\/165592\/"},"modified":"2025-06-10T11:55:10","modified_gmt":"2025-06-10T11:55:10","slug":"un-long-dossier-du-psg-vers-une-issue-a-50-millions-deuros","status":"publish","type":"post","link":"https:\/\/www.europesays.com\/fr\/165592\/","title":{"rendered":"Un long dossier du PSG vers une issue \u00e0 50 millions d&rsquo;euros"},"content":{"rendered":"<p><strong>Randal Kolo Muani, attaquant de 26 ans de l\u2019Equipe de France qui \u00e9tait en difficult\u00e9 au Paris Saint-Germain, a \u00e9t\u00e9 pr\u00eat\u00e9 \u00e0 la Juventus Turin jusqu\u2019\u00e0 la fin de la saison 2024-2025 sans option d\u2019achat. Il s\u2019est d\u2019abord bien relanc\u00e9 et le <a href=\"https:\/\/www.parisfans.fr\/transferts\/mercato-kolo-muani-la-juventus-annonce-son-choix-pour-la-suite-829882.html\" target=\"_blank\" rel=\"noopener\">le club turinois a annonc\u00e9 sa volont\u00e9 de le garder<\/a>. Sauf que ce n\u2019est toujours pas concr\u00e9tis\u00e9 et on attend donc une annonce officielle. Le Corriere dello Sport assure qu\u2019il y a un bon espoir d\u2019un nouveau pr\u00eat, cette fois avec une option d\u2019achat \u00e0 50 millions d\u2019euros.<\/strong><\/p>\n<blockquote class=\"twitter-tweet\">\n<p dir=\"ltr\" lang=\"fr\">CorSport : La <a href=\"https:\/\/twitter.com\/hashtag\/Juve?src=hash&amp;ref_src=twsrc%5Etfw\" target=\"_blank\" rel=\"noopener\">#Juve<\/a> est optimiste pour conserver pour Randal Kolo Muani la saison prochaine, son pr\u00eat pourrait \u00eatre rallong\u00e9 avec option d\u2019achat de 50M.<\/p>\n<p>La Stampa : L\u2019accord PSG-Juve pour prolonger le pr\u00eat de \u00ab\u00a0RKM\u00a0\u00bb jusqu\u2019\u00e0 la fin du Mondial des clubs pose les bases pour trouver\u2026 <a href=\"https:\/\/t.co\/8woQbu7CaD\">pic.twitter.com\/8woQbu7CaD<\/a><\/p>\n<p>\u2014 GuillaumeMP (@Guillaumemp) <a href=\"https:\/\/twitter.com\/Guillaumemp\/status\/1932335028958109783?ref_src=twsrc%5Etfw\" target=\"_blank\" rel=\"noopener\">June 10, 2025<\/a><\/p>\n<\/blockquote>\n<p>Attention, il n\u2019y a toujours rien de s\u00fbr. Kolo Muani a attir\u00e9 de nombreuses rumeurs et il n\u2019y a rien toujours rien de s\u00fbr. Il faut attendre des \u00e9l\u00e9ments officiels. La n\u00e9gociation doit encore se d\u00e9rouler, probablement apr\u00e8s la Coupe du Monde des Clubs.<\/p>\n<p>Mais l\u2019issue, si c\u2019est avec un s\u00e9jour prolong\u00e9 \u00e0 la Juventus, pourrait bien se faire pour une somme autour des 50 millions d\u2019euros. Une certaine perte par rapport au transfert pour environ 90 millions d\u2019euros au PSG, mais un plut\u00f4t beau sauvetage tant il semblait perdu \u00e0 Paris.<\/p>\n<p>\t\t\t\t\t\t\t\t\t\t\t\t\t\t\t\t\t\t\t\t\t\t\t<img loading=\"lazy\" src=\"https:\/\/www.europesays.com\/fr\/wp-content\/uploads\/2025\/04\/ParisFans_Logo.png\" decoding=\"async\" class=\"lazyload\" width=\"240\" height=\"54\" data-eio-rwidth=\"240\" data-eio-rheight=\"54\"\/><\/p>\n<p>\t\t\t\t\t\t\t\t<script async src=\"https:\/\/platform.twitter.com\/widgets.js\" charset=\"utf-8\"><\/script><\/p>\n","protected":false},"excerpt":{"rendered":"Randal Kolo Muani, attaquant de 26 ans de l\u2019Equipe de France qui \u00e9tait en difficult\u00e9 au Paris Saint-Germain,&hellip;\n","protected":false},"author":2,"featured_media":165593,"comment_status":"","ping_status":"","sticky":false,"template":"","format":"standard","meta":{"footnotes":""},"categories":[9],"tags":[1011,27,7157,60,96],"class_list":{"0":"post-165592","1":"post","2":"type-post","3":"status-publish","4":"format-standard","5":"has-post-thumbnail","7":"category-sports","8":"tag-fr","9":"tag-france","10":"tag-randal-kolo-muani","11":"tag-sports","12":"tag-une"},"share_on_mastodon":{"url":"https:\/\/pubeurope.com\/@fr\/114658943216628572","error":""},"_links":{"self":[{"href":"https:\/\/www.europesays.com\/fr\/wp-json\/wp\/v2\/posts\/165592","targetHints":{"allow":["GET"]}}],"collection":[{"href":"https:\/\/www.europesays.com\/fr\/wp-json\/wp\/v2\/posts"}],"about":[{"href":"https:\/\/www.europesays.com\/fr\/wp-json\/wp\/v2\/types\/post"}],"author":[{"embeddable":true,"href":"https:\/\/www.europesays.com\/fr\/wp-json\/wp\/v2\/users\/2"}],"replies":[{"embeddable":true,"href":"https:\/\/www.europesays.com\/fr\/wp-json\/wp\/v2\/comments?post=165592"}],"version-history":[{"count":0,"href":"https:\/\/www.europesays.com\/fr\/wp-json\/wp\/v2\/posts\/165592\/revisions"}],"wp:featuredmedia":[{"embeddable":true,"href":"https:\/\/www.europesays.com\/fr\/wp-json\/wp\/v2\/media\/165593"}],"wp:attachment":[{"href":"https:\/\/www.europesays.com\/fr\/wp-json\/wp\/v2\/media?parent=165592"}],"wp:term":[{"taxonomy":"category","embeddable":true,"href":"https:\/\/www.europesays.com\/fr\/wp-json\/wp\/v2\/categories?post=165592"},{"taxonomy":"post_tag","embeddable":true,"href":"https:\/\/www.europesays.com\/fr\/wp-json\/wp\/v2\/tags?post=165592"}],"curies":[{"name":"wp","href":"https:\/\/api.w.org\/{rel}","templated":true}]}}