{"id":165594,"date":"2025-06-10T11:56:09","date_gmt":"2025-06-10T11:56:09","guid":{"rendered":"https:\/\/www.europesays.com\/fr\/165594\/"},"modified":"2025-06-10T11:56:09","modified_gmt":"2025-06-10T11:56:09","slug":"des-torrents-de-haine-homophobe-christophe-beaugrand-evoque-les-insultes-recues-apres-son-home-jacking","status":"publish","type":"post","link":"https:\/\/www.europesays.com\/fr\/165594\/","title":{"rendered":"\u00ab\u00a0Des torrents de haine homophobe\u00a0\u00bb\u2026 Christophe Beaugrand \u00e9voque les insultes re\u00e7ues apr\u00e8s son home-jacking"},"content":{"rendered":"<p>Un traumatisme en suit \u2013 malheureusement \u2013 un autre\u00a0: apr\u00e8s avoir \u00e9t\u00e9 <a href=\"https:\/\/www.20minutes.fr\/faits_divers\/4157255-20250606-planque-toit-christophe-beaugrand-parle-tentative-home-jacking-dont-victime\" class=\"color-ultramarine c-link\" target=\"_blank\" rel=\"noopener\">victime d\u2019une tentative de home-jacking<\/a> le 5\u00a0juin 2025, l\u2019animateur <a href=\"https:\/\/www.20minutes.fr\/arts-stars\/people\/4088458-20240426-christophe-beaugrand-reagit-attaques-extreme-droite-contre-gpa-permis-devenir-pere\" class=\"color-ultramarine c-link\" target=\"_blank\" rel=\"noopener\">Christophe Beaugrand<\/a> a subi une vague de haine sur les <a href=\"https:\/\/www.20minutes.fr\/dossier\/reseaux_sociaux\" class=\"color-ultramarine c-link\" target=\"_blank\" rel=\"noopener\">r\u00e9seaux sociaux<\/a> au motif qu\u2019il vit au sein d\u2019une <a href=\"https:\/\/www.20minutes.fr\/by-the-web\/4030610-20230419-mariage-tous-comment-plus-grande-visibilite-familles-homoparentales-fait-evoluer-mentalites\" class=\"color-ultramarine c-link\" target=\"_blank\" rel=\"noopener\">famille homoparentale<\/a>, a-t-il r\u00e9v\u00e9l\u00e9, lundi 9\u00a0juin 2025, <a href=\"https:\/\/www.tf1.fr\/tmc\/quotidien-avec-yann-barthes\/videos\/invite-christophe-beaugrand-victime-dune-violente-tentative-de-home-jacking-40941722.html\" rel=\"nofollow noopener\" target=\"_blank\" class=\"color-ultramarine c-link\">dans l\u2019\u00e9mission Quotidien<\/a> (TMC).<\/p>\n<\/p>\n<p>Des messages haineux \u00ab\u00a0par centaines\u00a0\u00bb<\/p>\n<p>Celui qui pr\u00e9sentera <a href=\"https:\/\/www.20minutes.fr\/arts-stars\/television\/4156907-20250610-secret-story-tf1-part-loft-geant-interieur-hangar-assure-christophe-beaugrand\" class=\"color-ultramarine c-link\" target=\"_blank\" rel=\"noopener\">la 13e saison de Secret Story<\/a>, sur TF1, ce mardi 10\u00a0juin 2025, a en effet confi\u00e9 \u00e0 <a href=\"https:\/\/www.20minutes.fr\/dossier\/yann_barthes\" class=\"color-ultramarine c-link\" target=\"_blank\" rel=\"noopener\">Yann Barth\u00e8s<\/a> que s\u2019il avait re\u00e7u de nombreux soutiens \u00e0 la suite de la m\u00e9diatisation de son agression, de nombreux messages ouvertement <a href=\"https:\/\/www.20minutes.fr\/dossier\/homophobie\" class=\"color-ultramarine c-link\" target=\"_blank\" rel=\"noopener\">homophobes<\/a> lui avaient \u00e9galement \u00e9t\u00e9 adress\u00e9s.<\/p>\n<blockquote class=\"twitter-tweet\" align=\"center\" data-lang=\"fr_FR\">\n<p lang=\"fr\" dir=\"ltr\">Ce que <a href=\"https:\/\/twitter.com\/Tof_Beaugrand?ref_src=twsrc%5Etfw\" target=\"_blank\" rel=\"noopener\">@Tof_Beaugrand<\/a> a v\u00e9cu c\u2019est horrible, aucun \u00eatre humain ne doit vivre \u00e7a. <br \/>Sans parler des commentaires haineux qu\u2019ils car lui et son mari ont subi. Bon courage \u2764\ufe0f\u200d\ud83e\ude79 <a href=\"https:\/\/twitter.com\/hashtag\/SecretStory?src=hash&amp;ref_src=twsrc%5Etfw\" target=\"_blank\" rel=\"noopener\">#SecretStory<\/a> <a href=\"https:\/\/twitter.com\/hashtag\/Quotidien?src=hash&amp;ref_src=twsrc%5Etfw\" target=\"_blank\" rel=\"noopener\">#Quotidien<\/a><\/p>\n<p>\u2014 DimiRoro \ud83c\uddeb\ud83c\uddf7 \u2764\ufe0f\ud83d\udda4 (@dimi_roro) <a href=\"https:\/\/twitter.com\/dimi_roro\/status\/1932143772512735542?ref_src=twsrc%5Etfw\" target=\"_blank\" rel=\"noopener\">June 9, 2025<\/a><\/p><\/blockquote>\n<p class=\"mb-m@xs text-l@xs\">En cliquant sur\u00ab J\u2019accepte \u00bb, vous acceptez le d\u00e9p\u00f4t de cookies par des services externes et aurez ainsi acc\u00e8s aux contenus de nos partenaires.<\/p>\n<p class=\"mb-xl@xs text-s@xs\">Plus d\u2019informations sur la page<a href=\"https:\/\/www.20minutes.fr\/gestion-cookies\" class=\"mx-xxs@xs color-ultramarine\" target=\"_blank\" rel=\"noopener\">Politique de gestion des cookies<\/a><\/p>\n<p>J\u2019accepte<\/p>\n<p>\u00ab\u00a0Le probl\u00e8me de ces gens-l\u00e0, ce n\u2019est pas qu\u2019une famille avait \u00e9t\u00e9 attaqu\u00e9e et risquait de mourir, c\u2019est le fait <a href=\"https:\/\/www.20minutes.fr\/arts-stars\/people\/4090481-20240510-christophe-beaugrand-savoure-vie-famille-epanouie-malgre-menaces\" class=\"color-ultramarine c-link\" target=\"_blank\" rel=\"noopener\">que l\u2019on soit une famille homoparentale<\/a>, a-t-il d\u00e9velopp\u00e9. Donc j\u2019ai re\u00e7u des messages de gens qui nous ont \u00e9crit\u00a0: \u00ab\u00a0Il aurait mieux valu les pousser du toit ces d\u00e9g\u00e9n\u00e9r\u00e9s\u00a0\u00bb, en me mentionnant, \u00e7a m\u2019\u00e9tait destin\u00e9.\u00a0\u00bb<\/p>\n<p><a href=\"https:\/\/www.20minutes.fr\/dossier\/homophobie\" class=\"c-link c-btn c-btn--primary\" target=\"_blank\" rel=\"noopener\">Notre dossier \u00ab Homophobie \u00bb<\/a><\/p>\n<p>\u00c0 Yann Barth\u00e8s, qui lui demandait combien de messages haineux il avait re\u00e7us, l\u2019<a href=\"https:\/\/www.20minutes.fr\/dossier\/animateur\" class=\"color-ultramarine c-link\" target=\"_blank\" rel=\"noopener\">animateur <\/a>a r\u00e9pondu \u00ab\u00a0des centaines\u00a0\u00bb\u2026 avant de reconna\u00eetre qu\u2019il ne porterait pas plainte contre leurs auteurs. \u00ab\u00a0J\u2019ai l\u00e2ch\u00e9 l\u2019affaire de ce c\u00f4t\u00e9-l\u00e0\u00a0\u00bb, a-t-il confi\u00e9, ses avocats lui ayant assur\u00e9 que ceux qui l\u2019attaquent \u00ab\u00a0pourront plaider l\u2019humour, la <a href=\"https:\/\/www.20minutes.fr\/arts-stars\/web\/liberte-expression\/\" class=\"color-ultramarine c-link\" target=\"_blank\" rel=\"noopener\">libert\u00e9 d\u2019expression<\/a>, le deuxi\u00e8me degr\u00e9\u00a0etc\u00a0\u00bb.<\/p>\n<p><script async src=\"https:\/\/platform.twitter.com\/widgets.js\" charset=\"utf-8\"><\/script><\/p>\n","protected":false},"excerpt":{"rendered":"Un traumatisme en suit \u2013 malheureusement \u2013 un autre\u00a0: apr\u00e8s avoir \u00e9t\u00e9 victime d\u2019une tentative de home-jacking le&hellip;\n","protected":false},"author":2,"featured_media":165595,"comment_status":"","ping_status":"","sticky":false,"template":"","format":"standard","meta":{"footnotes":""},"categories":[8],"tags":[58,4739,59,652,1011,27,9816,8717,1404,938,29901,252,199,8648,133,1405],"class_list":{"0":"post-165594","1":"post","2":"type-post","3":"status-publish","4":"format-standard","5":"has-post-thumbnail","7":"category-divertissement","8":"tag-divertissement","9":"tag-emission-de-television","10":"tag-entertainment","11":"tag-famille","12":"tag-fr","13":"tag-france","14":"tag-home-jacking","15":"tag-homophobie","16":"tag-quotidien","17":"tag-reseaux-sociaux","18":"tag-secret-story","19":"tag-television","20":"tag-tf1","21":"tag-tmc","22":"tag-video","23":"tag-yann-barthes"},"share_on_mastodon":{"url":"https:\/\/pubeurope.com\/@fr\/114658946767844537","error":""},"_links":{"self":[{"href":"https:\/\/www.europesays.com\/fr\/wp-json\/wp\/v2\/posts\/165594","targetHints":{"allow":["GET"]}}],"collection":[{"href":"https:\/\/www.europesays.com\/fr\/wp-json\/wp\/v2\/posts"}],"about":[{"href":"https:\/\/www.europesays.com\/fr\/wp-json\/wp\/v2\/types\/post"}],"author":[{"embeddable":true,"href":"https:\/\/www.europesays.com\/fr\/wp-json\/wp\/v2\/users\/2"}],"replies":[{"embeddable":true,"href":"https:\/\/www.europesays.com\/fr\/wp-json\/wp\/v2\/comments?post=165594"}],"version-history":[{"count":0,"href":"https:\/\/www.europesays.com\/fr\/wp-json\/wp\/v2\/posts\/165594\/revisions"}],"wp:featuredmedia":[{"embeddable":true,"href":"https:\/\/www.europesays.com\/fr\/wp-json\/wp\/v2\/media\/165595"}],"wp:attachment":[{"href":"https:\/\/www.europesays.com\/fr\/wp-json\/wp\/v2\/media?parent=165594"}],"wp:term":[{"taxonomy":"category","embeddable":true,"href":"https:\/\/www.europesays.com\/fr\/wp-json\/wp\/v2\/categories?post=165594"},{"taxonomy":"post_tag","embeddable":true,"href":"https:\/\/www.europesays.com\/fr\/wp-json\/wp\/v2\/tags?post=165594"}],"curies":[{"name":"wp","href":"https:\/\/api.w.org\/{rel}","templated":true}]}}