{"id":165596,"date":"2025-06-10T11:57:09","date_gmt":"2025-06-10T11:57:09","guid":{"rendered":"https:\/\/www.europesays.com\/fr\/165596\/"},"modified":"2025-06-10T11:57:09","modified_gmt":"2025-06-10T11:57:09","slug":"a-quoi-ressemblera-le-design-liquid-glass-de-linterface-des-iphone-et-ipad","status":"publish","type":"post","link":"https:\/\/www.europesays.com\/fr\/165596\/","title":{"rendered":"\u00e0 quoi ressemblera le design \u00abliquid glass\u00bb de l\u2019interface des iPhone et iPad ?"},"content":{"rendered":"<p>La firme californienne a d\u00e9voil\u00e9 lundi sa toute nouvelle interface, qui sera disponible d\u00e8s cet automne aux utilisateurs d\u2019iPhone et d\u2019iPad. Apple a \u00e9galement pr\u00e9cis\u00e9 l\u2019am\u00e9lioration de son syst\u00e8me d\u2019intelligence artificielle.<\/p>\n<p class=\"fig-paragraph\">Un design tout en transparence. C\u2019est la promesse d\u2019<a href=\"http:\/\/www.lefigaro.fr\/secteur\/high-tech\/intelligence-artificielle-apple-reste-tres-prudent-malgre-les-pressions-exterieures-20250610\" data-fig-type=\"NewsFlash\" data-gtm-custom-categorie=\"navigation\" data-gtm-custom-action=\"crossclick\" data-gtm-custom-label=\"Contextuel\" data-gtm-event=\"customEventSPE\" data-fig-domain=\"LEFIGARO\" target=\"_blank\" rel=\"noopener\">Apple<\/a>\u00a0pour son prochain iOS 26, nomm\u00e9 \u00abLiquid Glass\u00bb, pr\u00e9sent\u00e9 lundi. La firme californienne l\u2019assure, cette nouvelle interface offrira \u00abune exp\u00e9rience plus expressive et plus agr\u00e9able \u00e0 l\u2019\u00e9chelle du syst\u00e8me, tout en pr\u00e9servant le caract\u00e8re imm\u00e9diatement familier d\u2019iOS\u00bb. Visuellement, le design \u00abLiquid Glass\u00bb va \u00abrefl\u00e9ter et r\u00e9fracter les \u00e9l\u00e9ments environnants pour mettre le contenu en \u00e9vidence\u00bb, sur l\u2019\u00e9cran verrouill\u00e9 et sur celui de l\u2019accueil.<\/p>\n<p class=\"fig-paragraph\">Les utilisateurs pourront ainsi choisir entre plusieurs options de personnalisation, dont une apparence toute en transparence. Les fonds d\u2019\u00e9cran prendront \u00e9galement vie en 3D lorsque les utilisateurs manient leur iPhone ou iPad. L\u2019affichage sera aussi \u00e9tendu aux pages Web de l\u2019application Safari, du bord sup\u00e9rieur au bord inf\u00e9rieur de l\u2019\u00e9cran, \u00abpour afficher davantage de contenus\u00bb. L\u2019affichage plus ergonomique va \u00e9galement \u00eatre appliqu\u00e9 \u00e0 l\u2019application CarPlay, utilis\u00e9e plus de 600 millions de fois par jour dans les v\u00e9hicules compatibles. Les appels entrants seront par exemple notifi\u00e9s de fa\u00e7on \u00abplus compacte\u00bb pour ne pas manquer les prochaines \u00e9tapes des itin\u00e9raires routiers. Les cartes d\u2019embarquement d\u2019avion, disponibles sur l\u2019\u00e9cran verrouill\u00e9, partageront des informations en direct sur le vol, des itin\u00e9raires pr\u00e9cis ou encore la localisation d\u2019objets dans lesquels des Airtags auront \u00e9t\u00e9 gliss\u00e9s.<\/p>\n<p class=\"fig-paragraph\">En plus de l\u2019interface, l\u2019entreprise am\u00e9ricaine annonce enrichir son syst\u00e8me d\u2019intelligence artificielle embarqu\u00e9 dans ses appareils, intitul\u00e9 \u00abApple Intelligence\u00bb. Il va ainsi \u00abgagner en performance\u00bb et va notamment \u00eatre capable de traduire des discussions en direct lors des appels t\u00e9l\u00e9phoniques, vid\u00e9os et \u00e9changes textuels. Lors des appels, les discussions pourront par exemple \u00eatre traduites instantan\u00e9ment en allemand, anglais, espagnol, fran\u00e7ais et portugais. Les messages, eux, int\u00e9greront \u00e9galement le chinois, le cor\u00e9en, l\u2019italien et le japonais. Cette fonctionnalit\u00e9 de traduction va aussi \u00eatre ajout\u00e9e \u00e0 l\u2019application Apple Music afin que \u00ables utilisateurs comprennent le sens de leurs chansons pr\u00e9f\u00e9r\u00e9es\u00bb.<\/p>\n<p>    Gr\u00e2ce \u00e0 Apple Intelligence, les appels vont pouvoir \u00eatre traduits en direct.<br \/>\n                Apple<\/p>\n<p>Des exp\u00e9riences \u00abplus expressives\u00bb et \u00abplus personnelles\u00bb<\/p>\n<p class=\"fig-paragraph\">Si Apple Intelligence a \u00e9t\u00e9 con\u00e7u pour simplifier les actions des utilisateurs et leur faire gagner du temps, l\u2019intelligence artificielle sera capable d\u2019\u00e9liminer \u00ables appels non d\u00e9sir\u00e9s\u00bb. Les messages d\u2019exp\u00e9diteurs inconnus seront \u00e9galement filtr\u00e9s pour les diff\u00e9rencier plus facilement. En plus de sa propre solution d\u2019IA, Apple a ouvert d\u2019autres fonctionnalit\u00e9s \u00e0 la concurrence. Lors de la consultation de contenu, les utilisateurs pourront interroger ChatGPT mais aussi lancer des recherches sur Google, Etsy ou d\u2019autres applications prises en charge pour trouver des images et des produits similaires. Par exemple, si vous souhaitez acheter une lampe sur une image, ces applications pourront vous la retrouver sur le web et il suffira d\u2019un clic pour l\u2019obtenir.<\/p>\n<p class=\"fig-paragraph\">\u00abLes exp\u00e9riences se r\u00e9v\u00e8lent plus expressives et plus personnelles, que ce soit sur l\u2019\u00e9cran verrouill\u00e9 ou l\u2019\u00e9cran d\u2019accueil, mais aussi dans les apps T\u00e9l\u00e9phone et Messages dot\u00e9es de capacit\u00e9s in\u00e9dites permettant aux utilisateurs de privil\u00e9gier les interactions qui comptent le plus pour eux. Et avec de puissantes capacit\u00e9s Apple Intelligence in\u00e9dites, int\u00e9gr\u00e9es \u00e0 l\u2019\u00e9chelle du syst\u00e8me, les utilisateurs sont en mesure d\u2019accomplir leurs t\u00e2ches plus facilement\u00bb, r\u00e9sume Craig Federighi, Senior Vice President of Software Engineering d\u2019Apple.<\/p>\n<p class=\"fig-paragraph\">\u00c0 noter que les fonctionnalit\u00e9s d\u2019Apple Intelligence n\u00e9cessitent des appareils compatibles, \u00e0 savoir tous les mod\u00e8les d\u2019iPhone 16, l\u2019iPhone 15 Pro et l\u2019iPhone 15 Pro Max, l\u2019iPad mini (avec une puce A17 Pro) et les mod\u00e8les d\u2019iPad et de Mac \u00e9quip\u00e9s d\u2019une puce M1 (et mod\u00e8les ult\u00e9rieurs). L\u2019interface d\u2019iOS 26, elle, sera disponible d\u00e8s cet automne, sur de nombreux iPhone\u00a0: iPhone 16e, iPhone 16, iPhone 16 Plus, iPhone 16 Pro, iPhone 16 Pro Max, iPhone 15, iPhone 15 Plus, iPhone 15 Pro, iPhone 15 Pro Max, iPhone 14, iPhone 14 Plus, iPhone 14 Pro, iPhone 14 Pro Max, iPhone 13, iPhone 13 mini, iPhone 13 Pro, iPhone 13 Pro Max, iPhone 12, iPhone 12 mini, iPhone 12 Pro, iPhone 12 Pro Max, iPhone 11, iPhone 11 Pro, iPhone 11 Pro Max, iPhone SE (deuxi\u00e8me g\u00e9n\u00e9ration ou ult\u00e9rieure). Seules impasses, les iPhone Xs et Xr.<\/p>\n","protected":false},"excerpt":{"rendered":"La firme californienne a d\u00e9voil\u00e9 lundi sa toute nouvelle interface, qui sera disponible d\u00e8s cet automne aux utilisateurs&hellip;\n","protected":false},"author":2,"featured_media":165597,"comment_status":"","ping_status":"","sticky":false,"template":"","format":"standard","meta":{"footnotes":""},"categories":[7],"tags":[47,733,722,723,1011,27,727,726,142,310,29902,655,720,719,43,40,41,39,724,725,717,42,44,718,721,728],"class_list":{"0":"post-165596","1":"post","2":"type-post","3":"status-publish","4":"format-standard","5":"has-post-thumbnail","7":"category-sciences-et-technologies","8":"tag-actualite","9":"tag-apple","10":"tag-blog","11":"tag-blogs","12":"tag-fr","13":"tag-france","14":"tag-gadget","15":"tag-gadgets","16":"tag-high-tech","17":"tag-internet","18":"tag-ios","19":"tag-iphone","20":"tag-multimedia","21":"tag-nouvelles-technolgies","22":"tag-science","23":"tag-science-and-technology","24":"tag-sciences","25":"tag-sciences-et-technologies","26":"tag-smartphone","27":"tag-tablette","28":"tag-technologie","29":"tag-technologies","30":"tag-technology","31":"tag-tic","32":"tag-web","33":"tag-widgets"},"share_on_mastodon":{"url":"https:\/\/pubeurope.com\/@fr\/114658950951828649","error":""},"_links":{"self":[{"href":"https:\/\/www.europesays.com\/fr\/wp-json\/wp\/v2\/posts\/165596","targetHints":{"allow":["GET"]}}],"collection":[{"href":"https:\/\/www.europesays.com\/fr\/wp-json\/wp\/v2\/posts"}],"about":[{"href":"https:\/\/www.europesays.com\/fr\/wp-json\/wp\/v2\/types\/post"}],"author":[{"embeddable":true,"href":"https:\/\/www.europesays.com\/fr\/wp-json\/wp\/v2\/users\/2"}],"replies":[{"embeddable":true,"href":"https:\/\/www.europesays.com\/fr\/wp-json\/wp\/v2\/comments?post=165596"}],"version-history":[{"count":0,"href":"https:\/\/www.europesays.com\/fr\/wp-json\/wp\/v2\/posts\/165596\/revisions"}],"wp:featuredmedia":[{"embeddable":true,"href":"https:\/\/www.europesays.com\/fr\/wp-json\/wp\/v2\/media\/165597"}],"wp:attachment":[{"href":"https:\/\/www.europesays.com\/fr\/wp-json\/wp\/v2\/media?parent=165596"}],"wp:term":[{"taxonomy":"category","embeddable":true,"href":"https:\/\/www.europesays.com\/fr\/wp-json\/wp\/v2\/categories?post=165596"},{"taxonomy":"post_tag","embeddable":true,"href":"https:\/\/www.europesays.com\/fr\/wp-json\/wp\/v2\/tags?post=165596"}],"curies":[{"name":"wp","href":"https:\/\/api.w.org\/{rel}","templated":true}]}}