{"id":165601,"date":"2025-06-10T12:00:09","date_gmt":"2025-06-10T12:00:09","guid":{"rendered":"https:\/\/www.europesays.com\/fr\/165601\/"},"modified":"2025-06-10T12:00:09","modified_gmt":"2025-06-10T12:00:09","slug":"les-deux-sapeurs-pompiers-ensevelis-sous-les-decombres-sont-morts","status":"publish","type":"post","link":"https:\/\/www.europesays.com\/fr\/165601\/","title":{"rendered":"les deux sapeurs-pompiers ensevelis sous les d\u00e9combres sont morts"},"content":{"rendered":"<p>Deux sapeurs-pompiers sont morts, ensevelis sous les d\u00e9combres d\u2019un immeuble qui s\u2019est effondr\u00e9 \u00e0 Laon, dans l\u2019Aisne. Pr\u00e8s de 170 personnes ont \u00e9t\u00e9 mobilis\u00e9es sur place dans la nuit.<\/p>\n<p class=\"fig-paragraph\">Les deux sapeurs-pompiers port\u00e9s disparus depuis lundi soir \u00e0 Laon, dans l\u2019Aisne, sont morts, indique la pr\u00e9fecture de l\u2019Aisne ce mardi 10 juin. Les deux soldats du feu\u00a0<a href=\"http:\/\/www.lefigaro.fr\/actualite-france\/aisne-un-immeuble-prend-feu-deux-sapeurs-pompiers-ensevelis-sous-les-decombres-sont-portes-disparus-20250610\" target=\"_blank\" data-fig-type=\"NewsFlash\" rel=\"noopener\" data-gtm-custom-categorie=\"navigation\" data-gtm-custom-action=\"crossclick\" data-gtm-custom-label=\"Contextuel\" data-gtm-event=\"customEventSPE\" data-fig-domain=\"LEFIGARO\">avaient \u00e9t\u00e9 ensevelis apr\u00e8s un \u00abeffondrement structurel\u00bb du b\u00e2timent sur lequel<\/a>\u00a0ils intervenaient pour un violent incendie.<\/p>\n<p class=\"fig-paragraph\">\u00abEn d\u00e9pit d\u2019une mobilisation importante et de l\u2019activation de moyens sp\u00e9cialis\u00e9s dans le sauvetage\/d\u00e9blayage, les deux soldats du feu axonais ont \u00e9t\u00e9 d\u00e9couverts dans les d\u00e9combres sans vie\u00bb, a \u00e9crit la pr\u00e9fecture dans un communiqu\u00e9.<\/p>\n<p class=\"fig-paragraph\">Pr\u00e8s de 170 personnes avaient \u00e9t\u00e9 mobilis\u00e9es dans la nuit pour lutter contre les flammes et pour participer aux op\u00e9rations de recherche.<\/p>\n<p class=\"fig-paragraph\">Plus d\u2019informations \u00e0 venir&#8230;<\/p>\n","protected":false},"excerpt":{"rendered":"Deux sapeurs-pompiers sont morts, ensevelis sous les d\u00e9combres d\u2019un immeuble qui s\u2019est effondr\u00e9 \u00e0 Laon, dans l\u2019Aisne. Pr\u00e8s&hellip;\n","protected":false},"author":2,"featured_media":165602,"comment_status":"","ping_status":"","sticky":false,"template":"","format":"standard","meta":{"footnotes":""},"categories":[4],"tags":[119,11,3694,26788,271,2951,3695,3696,118,1011,27,2825,1253,303,12,1072,1311,2694,25,2949],"class_list":{"0":"post-165601","1":"post","2":"type-post","3":"status-publish","4":"format-standard","5":"has-post-thumbnail","7":"category-france","8":"tag-accident","9":"tag-actualites","10":"tag-affaires","11":"tag-aisne","12":"tag-crime","13":"tag-criminalite","14":"tag-enquetes","15":"tag-evenements","16":"tag-faits-divers","17":"tag-fr","18":"tag-france","19":"tag-insecurite","20":"tag-islamisme","21":"tag-justice","22":"tag-news","23":"tag-police","24":"tag-pompiers","25":"tag-proces","26":"tag-republique-francaise","27":"tag-violences"},"share_on_mastodon":{"url":"https:\/\/pubeurope.com\/@fr\/114658962556653826","error":""},"_links":{"self":[{"href":"https:\/\/www.europesays.com\/fr\/wp-json\/wp\/v2\/posts\/165601","targetHints":{"allow":["GET"]}}],"collection":[{"href":"https:\/\/www.europesays.com\/fr\/wp-json\/wp\/v2\/posts"}],"about":[{"href":"https:\/\/www.europesays.com\/fr\/wp-json\/wp\/v2\/types\/post"}],"author":[{"embeddable":true,"href":"https:\/\/www.europesays.com\/fr\/wp-json\/wp\/v2\/users\/2"}],"replies":[{"embeddable":true,"href":"https:\/\/www.europesays.com\/fr\/wp-json\/wp\/v2\/comments?post=165601"}],"version-history":[{"count":0,"href":"https:\/\/www.europesays.com\/fr\/wp-json\/wp\/v2\/posts\/165601\/revisions"}],"wp:featuredmedia":[{"embeddable":true,"href":"https:\/\/www.europesays.com\/fr\/wp-json\/wp\/v2\/media\/165602"}],"wp:attachment":[{"href":"https:\/\/www.europesays.com\/fr\/wp-json\/wp\/v2\/media?parent=165601"}],"wp:term":[{"taxonomy":"category","embeddable":true,"href":"https:\/\/www.europesays.com\/fr\/wp-json\/wp\/v2\/categories?post=165601"},{"taxonomy":"post_tag","embeddable":true,"href":"https:\/\/www.europesays.com\/fr\/wp-json\/wp\/v2\/tags?post=165601"}],"curies":[{"name":"wp","href":"https:\/\/api.w.org\/{rel}","templated":true}]}}