{"id":165603,"date":"2025-06-10T12:01:13","date_gmt":"2025-06-10T12:01:13","guid":{"rendered":"https:\/\/www.europesays.com\/fr\/165603\/"},"modified":"2025-06-10T12:01:13","modified_gmt":"2025-06-10T12:01:13","slug":"cette-etude-deconstruit-les-cliches-sur-la-vie-a-la-campagne","status":"publish","type":"post","link":"https:\/\/www.europesays.com\/fr\/165603\/","title":{"rendered":"cette \u00e9tude d\u00e9construit les clich\u00e9s sur la vie \u00e0 la campagne"},"content":{"rendered":"<p>        <img decoding=\"async\" loading=\"lazy\" src=\"https:\/\/www.europesays.com\/fr\/wp-content\/uploads\/2025\/06\/296401e_1729254401353-gettyimages-98843750.jpg\"  width=\"728\" height=\"409\" alt=\"Pour 83\u00a0% des r\u00e9pondants ruraux, \u00ab\u00a0les m\u00e9dias et les politiques imposent souvent une vision caricaturale de la ruralit\u00e9 depuis la ville\u00a0\u00bb.\"\/>  <\/p>\n<p>Paul Bradbury \/ Getty Images<\/p>\n<p>Pour 83\u00a0% des r\u00e9pondants ruraux, \u00ab\u00a0les m\u00e9dias et les politiques imposent souvent une vision caricaturale de la ruralit\u00e9 depuis la ville\u00a0\u00bb.<\/p>\n<p class=\"asset asset-text\">CAMPAGNES &#8211; Ils repr\u00e9sentent 33\u00a0% <a href=\"https:\/\/www.huffingtonpost.fr\/science\/article\/pour-eviter-le-declin-de-la-population-en-france-le-role-crucial-de-l-immigration-mis-en-lumiere-par-cette-etude_247949.html\" target=\"_blank\" rel=\"noopener\">de la population fran\u00e7aise<\/a>, et pourtant, leurs repr\u00e9sentations dans l\u2019espace public et m\u00e9diatique sont rares. Que pensent <a href=\"https:\/\/www.huffingtonpost.fr\/life\/article\/la-pauvrete-s-aggrave-en-france-en-particulier-dans-les-zones-rurales-selon-le-barometre-du-secours-populaire_239521.html\" target=\"_blank\" rel=\"noopener\">les \u00ab\u00a0ruraux\u00a0\u00bb<\/a>, un terme qui recouvre des r\u00e9alit\u00e9s diverses, de cet effacement\u00a0?<\/p>\n<p class=\"asset asset-text\">C\u2019est ce que cherche \u00e0 savoir l\u2019\u00e9tude <a href=\"https:\/\/fr.scribd.com\/document\/873818281\/Paroles-de-Campagne-Juin-2025-Web#from_embed\" target=\"_blank\" rel=\"noopener\" title=\"Nouvelle fen\u00eatre\">Paroles de campagne<\/a> port\u00e9e par quatre associations\u00a0: Destin Commun, Bouge ton coq, Insite, et Rura, qui a interrog\u00e9 3\u00a0532\u00a0personnes dont 1\u00a0557\u00a0habitants des campagnes. <a href=\"https:\/\/www.ouest-france.fr\/societe\/ruralites\/exclusif-cliches-difficultes-solutions-une-enquete-inedite-explore-la-vie-a-la-campagne-6f262a44-413c-11f0-b704-f7b46f41b8ae\" target=\"_blank\" rel=\"noopener\" title=\"Nouvelle fen\u00eatre\">D\u00e9voil\u00e9e aujourd\u2019hui par Ouest-France<\/a>, en partenariat avec France culture, elle a un objectif\u00a0: donner la parole \u00e0 celles et ceux qui vivent hors des villes, et qui sont stigmatis\u00e9s par un imaginaire collectif construit depuis les m\u00e9tropoles.<\/p>\n<p class=\"asset asset-text\">\u00ab\u00a0Agricole, conservatrice et fig\u00e9e\u00a0\u00bb\u00a0: c\u2019est avec ces trois mots que l\u2019\u00e9tude r\u00e9sume la mani\u00e8re dont la ruralit\u00e9 est per\u00e7ue par le reste de la France. Des clich\u00e9s qui \u00ab\u00a0tombent\u00a0\u00bb, selon le rapport, \u00e0 la lecture des r\u00e9ponses aux questions apport\u00e9es par les premiers concern\u00e9s. \u00ab\u00a0Seuls 4\u00a0% des ruraux pratiquent la chasse. Ils ne sont pas moins \u00e9colos que les citadins, mais le sont diff\u00e9remment\u00a0: plus de voiture mais moins d\u2019avions, plus de viande mais moins de d\u00e9chets [\u2026] ils ne sont pas uniform\u00e9ment attach\u00e9s aux traditions locales\u00a0\u00bb, d\u00e9crit l\u2019\u00e9tude.<\/p>\n<p>    Une \u00ab\u00a0vision caricaturale\u00a0\u00bb impos\u00e9e depuis la ville    <\/p>\n<p class=\"asset asset-text\">\u00ab\u00a0Personnellement, parmi les adjectifs suivants, comment pr\u00e9f\u00e9rez-vous vous d\u00e9finir\u00a0?\u00a0\u00bb interroge l\u2019\u00e9tude, laissant aux premiers concern\u00e9s le choix de se nommer. 31\u00a0% des interrog\u00e9s ruraux choisissent de se qualifier comme \u00ab\u00a0habitants de la campagne\u00a0\u00bb, assez loin devant le terme \u00ab\u00a0ruraux\u00a0\u00bb (23\u00a0%), mais aussi de termes comme \u00ab\u00a0villageois\u00a0\u00bb (19\u00a0%) ou \u00ab\u00a0campagnards\u00a0\u00bb (11\u00a0%).<\/p>\n<p class=\"asset asset-text\">Pour 83\u00a0% de ces r\u00e9pondants, \u00ab\u00a0les m\u00e9dias et les politiques imposent souvent une vision caricaturale de la ruralit\u00e9 depuis la ville\u00a0\u00bb. Pour preuve, l\u2019\u00e9tude a propos\u00e9 plusieurs affirmations sur la vie \u00e0 la campagne aux interrog\u00e9s, qui pouvaient r\u00e9pondre en choisissant une des trois opinions suivantes\u00a0: \u00ab\u00a0c\u2019est une id\u00e9e qui correspond plut\u00f4t bien \u00e0 la r\u00e9alit\u00e9\u00a0\u00bb, \u00ab\u00a0c\u2019est une id\u00e9e fausse mais \u00e7a me fait sourire\u00a0\u00bb, \u00ab\u00a0c\u2019est une id\u00e9e fausse et qui m\u2019agace\u00a0\u00bb. En t\u00eate des clich\u00e9s qui correspondent \u00e0 la vraie vie, le fait de devoir prendre sa voiture pour aller chercher du pain, dont 49\u00a0% des interrog\u00e9s estiment qu\u2019elle est raccord avec leur quotidien.<\/p>\n<p>    Absence de transports en commun plut\u00f4t que moto tun\u00e9e    <\/p>\n<p class=\"asset asset-text\">\u00c0 l\u2019inverse, 44\u00a0% des ruraux sont agac\u00e9s par l\u2019id\u00e9e re\u00e7ue qui voudrait qu\u2019ils poss\u00e8dent tous une moto tun\u00e9e, et ils sont 49\u00a0% \u00e0 avoir le m\u00eame sentiment devant l\u2019affirmation \u00ab\u00a0vivre \u00e0 la campagne veut dire \u00eatre mal habill\u00e9\u00a0\u00bb. L\u2019affirmation la plus largement rejet\u00e9e (\u00e0 53\u00a0%) est celle qui fait le lien entre ruralit\u00e9 et \u00eatre port\u00e9 sur l\u2019alcool.<\/p>\n<p class=\"asset asset-text\">L\u2019id\u00e9e que les habitants des campagnes puissent avoir une affection particuli\u00e8re pour la musique country fait sourire 54\u00a0% des interrog\u00e9s, tout comme le fait qu\u2019ils aient un mauvais r\u00e9seau internet ou t\u00e9l\u00e9phonique (46\u00a0% et 40\u00a0%).<\/p>\n<p class=\"asset asset-text\">Autant de st\u00e9r\u00e9otypes qui cachent des obstacles plus tangibles pour les r\u00e9pondants\u00a0: 50\u00a0% estiment que l\u2019absence de transports en commun et la d\u00e9pendance \u00e0 la voiture sont un inconv\u00e9nient \u00e0 la vie \u00e0 la campagne, quand 41\u00a0% citent la difficult\u00e9 \u00e0 consulter un m\u00e9decin \u00e0 aller \u00e0 l\u2019h\u00f4pital ou \u00e0 la maternit\u00e9.<\/p>\n","protected":false},"excerpt":{"rendered":"Paul Bradbury \/ Getty Images Pour 83\u00a0% des r\u00e9pondants ruraux, \u00ab\u00a0les m\u00e9dias et les politiques imposent souvent une&hellip;\n","protected":false},"author":2,"featured_media":165604,"comment_status":"","ping_status":"","sticky":false,"template":"","format":"standard","meta":{"footnotes":""},"categories":[2],"tags":[11,3226,11153,1011,27,5656,12,29903,29904],"class_list":{"0":"post-165603","1":"post","2":"type-post","3":"status-publish","4":"format-standard","5":"has-post-thumbnail","7":"category-actualites","8":"tag-actualites","9":"tag-campagne","10":"tag-cliches","11":"tag-fr","12":"tag-france","13":"tag-life","14":"tag-news","15":"tag-ruralite","16":"tag-vie-urbaine"},"share_on_mastodon":{"url":"https:\/\/pubeurope.com\/@fr\/114658966493115952","error":""},"_links":{"self":[{"href":"https:\/\/www.europesays.com\/fr\/wp-json\/wp\/v2\/posts\/165603","targetHints":{"allow":["GET"]}}],"collection":[{"href":"https:\/\/www.europesays.com\/fr\/wp-json\/wp\/v2\/posts"}],"about":[{"href":"https:\/\/www.europesays.com\/fr\/wp-json\/wp\/v2\/types\/post"}],"author":[{"embeddable":true,"href":"https:\/\/www.europesays.com\/fr\/wp-json\/wp\/v2\/users\/2"}],"replies":[{"embeddable":true,"href":"https:\/\/www.europesays.com\/fr\/wp-json\/wp\/v2\/comments?post=165603"}],"version-history":[{"count":0,"href":"https:\/\/www.europesays.com\/fr\/wp-json\/wp\/v2\/posts\/165603\/revisions"}],"wp:featuredmedia":[{"embeddable":true,"href":"https:\/\/www.europesays.com\/fr\/wp-json\/wp\/v2\/media\/165604"}],"wp:attachment":[{"href":"https:\/\/www.europesays.com\/fr\/wp-json\/wp\/v2\/media?parent=165603"}],"wp:term":[{"taxonomy":"category","embeddable":true,"href":"https:\/\/www.europesays.com\/fr\/wp-json\/wp\/v2\/categories?post=165603"},{"taxonomy":"post_tag","embeddable":true,"href":"https:\/\/www.europesays.com\/fr\/wp-json\/wp\/v2\/tags?post=165603"}],"curies":[{"name":"wp","href":"https:\/\/api.w.org\/{rel}","templated":true}]}}