{"id":165605,"date":"2025-06-10T12:02:11","date_gmt":"2025-06-10T12:02:11","guid":{"rendered":"https:\/\/www.europesays.com\/fr\/165605\/"},"modified":"2025-06-10T12:02:11","modified_gmt":"2025-06-10T12:02:11","slug":"loire-vanessa-paradis-en-concert-au-zenith-de-saint-etienne-en-2026-2","status":"publish","type":"post","link":"https:\/\/www.europesays.com\/fr\/165605\/","title":{"rendered":"Loire. Vanessa Paradis en concert au Z\u00e9nith de Saint-\u00c9tienne en 2026"},"content":{"rendered":"<p>Les St\u00e9phanois se souviennent sans doute de son r\u00f4le de Mathilde Teissier, cette lyc\u00e9enne du portail Rouge qui tombe amoureuse du personnage de Bruno Cremer dans le film Noce Blanche (1989, de Jean-Claude Brisseau).<\/p>\n<p>Depuis, <a href=\"https:\/\/www.leprogres.fr\/loire-42\/2019\/05\/11\/disparition-le-cineaste-jean-claude-brisseau-avait-tourne-a-saint-etienne-avec-vanessa-paradis\" target=\"_blank\" rel=\"nofollow noopener\">Vanessa Paradis a poursuivi une carri\u00e8re au cin\u00e9ma et dans la chanson<\/a>. Et c\u2019est pr\u00e9cis\u00e9ment avec un huiti\u00e8me album studio, sept avant apr\u00e8s Les Sources , que celle qui s\u2019est fait conna\u00eetre avec Joe le Taxi  (1988) passera par le Z\u00e9nith de Saint-\u00c9tienne le 27\u00a0mars 2026\u00a0: \u00ab\u00a0Un nouveau disque qui marque son grand retour musical aux influences pop &amp; soul qui lui sont ch\u00e8res\u00a0\u00bb, selon sa production.<\/p>\n<p>Les pr\u00e9ventes de ce concert ouvriront ce mercredi sur concert-auguri.fr puis jeudi sur ckelprod.com et dans les points de vente habituels.<\/p>\n<p class=\"note\">Vanessa Paradis, au Z\u00e9nith de Saint-\u00c9tienne, vendredi 27 mars 2026. Tarifs : de 35 \u00e0 110 euros.<\/p>\n","protected":false},"excerpt":{"rendered":"Les St\u00e9phanois se souviennent sans doute de son r\u00f4le de Mathilde Teissier, cette lyc\u00e9enne du portail Rouge qui&hellip;\n","protected":false},"author":2,"featured_media":165479,"comment_status":"","ping_status":"","sticky":false,"template":"","format":"standard","meta":{"footnotes":""},"categories":[9653],"tags":[1111,11,2430,1687,7539,1777,674,1011,27,3367,873,12,25,4001,7538],"class_list":{"0":"post-165605","1":"post","2":"type-post","3":"status-publish","4":"format-standard","5":"has-post-thumbnail","7":"category-saint-etienne","8":"tag-actu","9":"tag-actualites","10":"tag-auvergne-rhone-alpes","11":"tag-culture-loisirs","12":"tag-edition-loire-sud","13":"tag-eu","14":"tag-europe","15":"tag-fr","16":"tag-france","17":"tag-loire","18":"tag-musique","19":"tag-news","20":"tag-republique-francaise","21":"tag-saint-etienne","22":"tag-saint-etienne-ville"},"share_on_mastodon":{"url":"https:\/\/pubeurope.com\/@fr\/114658970398044383","error":""},"_links":{"self":[{"href":"https:\/\/www.europesays.com\/fr\/wp-json\/wp\/v2\/posts\/165605","targetHints":{"allow":["GET"]}}],"collection":[{"href":"https:\/\/www.europesays.com\/fr\/wp-json\/wp\/v2\/posts"}],"about":[{"href":"https:\/\/www.europesays.com\/fr\/wp-json\/wp\/v2\/types\/post"}],"author":[{"embeddable":true,"href":"https:\/\/www.europesays.com\/fr\/wp-json\/wp\/v2\/users\/2"}],"replies":[{"embeddable":true,"href":"https:\/\/www.europesays.com\/fr\/wp-json\/wp\/v2\/comments?post=165605"}],"version-history":[{"count":0,"href":"https:\/\/www.europesays.com\/fr\/wp-json\/wp\/v2\/posts\/165605\/revisions"}],"wp:featuredmedia":[{"embeddable":true,"href":"https:\/\/www.europesays.com\/fr\/wp-json\/wp\/v2\/media\/165479"}],"wp:attachment":[{"href":"https:\/\/www.europesays.com\/fr\/wp-json\/wp\/v2\/media?parent=165605"}],"wp:term":[{"taxonomy":"category","embeddable":true,"href":"https:\/\/www.europesays.com\/fr\/wp-json\/wp\/v2\/categories?post=165605"},{"taxonomy":"post_tag","embeddable":true,"href":"https:\/\/www.europesays.com\/fr\/wp-json\/wp\/v2\/tags?post=165605"}],"curies":[{"name":"wp","href":"https:\/\/api.w.org\/{rel}","templated":true}]}}