{"id":165608,"date":"2025-06-10T12:04:11","date_gmt":"2025-06-10T12:04:11","guid":{"rendered":"https:\/\/www.europesays.com\/fr\/165608\/"},"modified":"2025-06-10T12:04:11","modified_gmt":"2025-06-10T12:04:11","slug":"son-portable-vole-sonne-sur-un-sdf-en-possession-de-25-telephones","status":"publish","type":"post","link":"https:\/\/www.europesays.com\/fr\/165608\/","title":{"rendered":"son portable vol\u00e9 sonne sur un SDF en possession de 25 t\u00e9l\u00e9phones"},"content":{"rendered":"<p>Du 6 au 8\u00a0juin, la <a href=\"https:\/\/www.estrepublicain.fr\/culture-loisirs\/2025\/06\/08\/heavy-week-end-slipknot-pour-cloturer-trois-jours-de-fete\" target=\"_blank\" rel=\"noopener\">deuxi\u00e8me \u00e9dition du Heavy Week-End<\/a> qui s\u2019est d\u00e9roul\u00e9e dans l\u2019amphith\u00e9\u00e2tre plein air du <a href=\"https:\/\/www.estrepublicain.fr\/p\/zenith-du-grand-nancy\" target=\"_blank\" rel=\"noopener\">Z\u00e9nith du Grand Nancy,<\/a> a ravi les amateurs de musique metal avec une fr\u00e9quentation de 35\u00a0000 personnes sur les trois jours. Mais un tel \u00e9v\u00e9nement ne draine malheureusement pas que des \u00ab\u00a0m\u00e9talleux\u00a0\u00bb en <a href=\"https:\/\/www.estrepublicain.fr\/culture-loisirs\/2025\/06\/05\/nancy-open-air-quatrieme-edition-en-approche\" target=\"_blank\" rel=\"noopener\">Open Air<\/a> et des pickpockets se m\u00ealaient \u00e0 la foule pour tenter de se remplir les poches\u2026<\/p>\n<p>Vendredi 6\u00a0juin, vers 18 heures, Bernard ( \u2605) s\u2019aper\u00e7oit que son t\u00e9l\u00e9phone portable a disparu. Le fan emprunte alors celui de sa copine et compose son propre num\u00e9ro dans l\u2019espoir que la sonnerie lui permette de localiser l\u2019appareil. Bingo\u00a0! Le smartphone sonne sur un inconnu qui se trouve sur le parking du Z\u00e9nith. Une empoignade s\u2019ensuit avec l\u2019individu. Ce dernier chute lourdement au sol, face contre terre.<\/p>\n<p>  Envelopp\u00e9s dans du papier aluminium<\/p>\n<p>Alert\u00e9s par les agents de s\u00e9curit\u00e9, police et pompiers interviennent car le voleur pr\u00e9sum\u00e9 est bless\u00e9 au visage. Sans domicile fixe, sonn\u00e9, l\u2019homme \u00e2g\u00e9 de 57 ans est transport\u00e9 vers les urgences de l\u2019h\u00f4pital central.<\/p>\n<p>Le quinquag\u00e9naire est porteur de 25 t\u00e9l\u00e9phones dont plusieurs sont envelopp\u00e9s dans du papier aluminium. Une pellicule de\u2026 m\u00e9tal, cens\u00e9e faire barri\u00e8re au r\u00e9seau de t\u00e9l\u00e9phonie et \u00e0 la r\u00e9ception des appels de celles et ceux qui, comme Bernard, chercheraient leur smartphone.<\/p>\n<p>Plac\u00e9 en garde \u00e0 vue le lendemain, au sortir de l\u2019h\u00f4pital, le SDF a ensuite \u00e9t\u00e9 remis en libert\u00e9 avec une convocation devant le tribunal. Sur les 25 t\u00e9l\u00e9phones\u00a0r\u00e9cup\u00e9r\u00e9s par la police \u2013 tous n\u2019ont pas forc\u00e9ment \u00e9t\u00e9 vol\u00e9s au Z\u00e9nith \u2013, plusieurs propri\u00e9taires ont d\u00e9j\u00e0 \u00e9t\u00e9 identifi\u00e9s.<\/p>\n<p> (\u2605) le pr\u00e9nom a \u00e9t\u00e9 modifi\u00e9<\/p>\n","protected":false},"excerpt":{"rendered":"Du 6 au 8\u00a0juin, la deuxi\u00e8me \u00e9dition du Heavy Week-End qui s\u2019est d\u00e9roul\u00e9e dans l\u2019amphith\u00e9\u00e2tre plein air du&hellip;\n","protected":false},"author":2,"featured_media":165609,"comment_status":"","ping_status":"","sticky":false,"template":"","format":"standard","meta":{"footnotes":""},"categories":[9635],"tags":[1111,11,271,272,1707,1704,1706,1705,1777,674,274,1011,27,775,3457,1702,1703,12,25],"class_list":{"0":"post-165608","1":"post","2":"type-post","3":"status-publish","4":"format-standard","5":"has-post-thumbnail","7":"category-nancy","8":"tag-actu","9":"tag-actualites","10":"tag-crime","11":"tag-delit-et-contravention","12":"tag-edition-luneville","13":"tag-edition-nancy-et-agglomeration","14":"tag-edition-pont-a-mousson","15":"tag-edition-toul","16":"tag-eu","17":"tag-europe","18":"tag-faits-divers-justice","19":"tag-fr","20":"tag-france","21":"tag-grand-est","22":"tag-meurthe-et-moselle","23":"tag-nancy","24":"tag-nancy-ville-54b","25":"tag-news","26":"tag-republique-francaise"},"share_on_mastodon":{"url":"https:\/\/pubeurope.com\/@fr\/114658978380051100","error":""},"_links":{"self":[{"href":"https:\/\/www.europesays.com\/fr\/wp-json\/wp\/v2\/posts\/165608","targetHints":{"allow":["GET"]}}],"collection":[{"href":"https:\/\/www.europesays.com\/fr\/wp-json\/wp\/v2\/posts"}],"about":[{"href":"https:\/\/www.europesays.com\/fr\/wp-json\/wp\/v2\/types\/post"}],"author":[{"embeddable":true,"href":"https:\/\/www.europesays.com\/fr\/wp-json\/wp\/v2\/users\/2"}],"replies":[{"embeddable":true,"href":"https:\/\/www.europesays.com\/fr\/wp-json\/wp\/v2\/comments?post=165608"}],"version-history":[{"count":0,"href":"https:\/\/www.europesays.com\/fr\/wp-json\/wp\/v2\/posts\/165608\/revisions"}],"wp:featuredmedia":[{"embeddable":true,"href":"https:\/\/www.europesays.com\/fr\/wp-json\/wp\/v2\/media\/165609"}],"wp:attachment":[{"href":"https:\/\/www.europesays.com\/fr\/wp-json\/wp\/v2\/media?parent=165608"}],"wp:term":[{"taxonomy":"category","embeddable":true,"href":"https:\/\/www.europesays.com\/fr\/wp-json\/wp\/v2\/categories?post=165608"},{"taxonomy":"post_tag","embeddable":true,"href":"https:\/\/www.europesays.com\/fr\/wp-json\/wp\/v2\/tags?post=165608"}],"curies":[{"name":"wp","href":"https:\/\/api.w.org\/{rel}","templated":true}]}}