{"id":165614,"date":"2025-06-10T12:07:10","date_gmt":"2025-06-10T12:07:10","guid":{"rendered":"https:\/\/www.europesays.com\/fr\/165614\/"},"modified":"2025-06-10T12:07:10","modified_gmt":"2025-06-10T12:07:10","slug":"a-quelle-heure-et-sur-quelle-chaine-regarder-le-premier-barrage-du-top-14","status":"publish","type":"post","link":"https:\/\/www.europesays.com\/fr\/165614\/","title":{"rendered":"\u00e0 quelle heure et sur quelle cha\u00eene regarder le premier barrage du Top 14"},"content":{"rendered":"<p>Ce samedi 14 juin, le RCT re\u00e7oit le club tarnais. Le vainqueur d\u00e9fiera l\u2019UBB une semaine plus tard en demi-finale.<\/p>\n<p class=\"fig-paragraph\">Le second barrage du week-end mettra aux prises Toulon, 3e de la saison r\u00e9guli\u00e8re, et le\u00a0<a href=\"http:\/\/www.lefigaro.fr\/sports\/rugby\/top-14\/top-14-on-sait-ou-on-met-les-pieds-previent-xavier-sadourny-castres-20250608\" data-fig-type=\"NewsFlash\" data-gtm-custom-categorie=\"navigation\" data-gtm-custom-action=\"crossclick\" data-gtm-custom-label=\"Contextuel\" data-gtm-event=\"customEventSPE\" data-fig-domain=\"LEFIGARO\" target=\"_blank\" rel=\"noopener\">Castres Olympique<\/a>, 6e,\u00a0<a href=\"http:\/\/www.lefigaro.fr\/sports\/rugby\/top-14\/top-14-nouveau-record-d-affluence-dans-les-stades-20250609\" data-fig-type=\"NewsFlash\" data-gtm-custom-categorie=\"navigation\" data-gtm-custom-action=\"crossclick\" data-gtm-custom-label=\"Contextuel\" data-gtm-event=\"customEventSPE\" data-fig-domain=\"LEFIGARO\" target=\"_blank\" rel=\"noopener\">au stade Mayol<\/a>. \u00c0 domicile, les hommes de Pierre Mignoni partent avec les faveurs des pronostics.<\/p>\n<p class=\"fig-paragraph\">Mais attention aux Tarnais, jamais aussi forts que quand ils ne sont pas attendus, qui plus est port\u00e9s par le suppl\u00e9ment d\u2019\u00e2me de faire honneur \u00e0\u00a0<a href=\"http:\/\/www.lefigaro.fr\/sports\/rugby\/top-14\/top-14-en-video-le-vibrant-hommage-a-josaia-raisuqe-lors-de-la-reception-de-l-asm-20250524\" data-fig-type=\"NewsFlash\" data-gtm-custom-categorie=\"navigation\" data-gtm-custom-action=\"crossclick\" data-gtm-custom-label=\"Contextuel\" data-gtm-event=\"customEventSPE\" data-fig-domain=\"LEFIGARO\" target=\"_blank\" rel=\"noopener\">Josaia Raisuqe, disparu tragiquement il y a un mois.<\/a><\/p>\n<p class=\"fig-paragraph\">Le vainqueur d\u00e9fiera l\u2019UBB, r\u00e9cemment sacr\u00e9e champion d\u2019Europe, la semaine suivant en demi-finale \u00e0 Lyon.<\/p>\n<p class=\"fig-paragraph\">Ce match couperet est \u00e0 suivre ce samedi 14 juin \u00e0 partir de 21h en direct sur Canal + et \u00e9galement en live comment\u00e9 sur le site du Figaro.<\/p>\n","protected":false},"excerpt":{"rendered":"Ce samedi 14 juin, le RCT re\u00e7oit le club tarnais. Le vainqueur d\u00e9fiera l\u2019UBB une semaine plus tard&hellip;\n","protected":false},"author":2,"featured_media":165615,"comment_status":"","ping_status":"","sticky":false,"template":"","format":"standard","meta":{"footnotes":""},"categories":[9619],"tags":[1111,11,525,7336,4590,1981,2313,814,1777,674,1011,27,955,12,4589,882,2311,3461,25,1980,479,10405,2259,478,2310,2312],"class_list":{"0":"post-165614","1":"post","2":"type-post","3":"status-publish","4":"format-standard","5":"has-post-thumbnail","7":"category-toulon","8":"tag-actu","9":"tag-actualites","10":"tag-calendrier","11":"tag-castres-olympique","12":"tag-championnat-france","13":"tag-classement","14":"tag-clermont","15":"tag-direct","16":"tag-eu","17":"tag-europe","18":"tag-fr","19":"tag-france","20":"tag-match","21":"tag-news","22":"tag-phase-finale","23":"tag-provence-alpes-cote-dazur","24":"tag-racing","25":"tag-rct","26":"tag-republique-francaise","27":"tag-resultats","28":"tag-rugby","29":"tag-rugby-club-toulonnais","30":"tag-score","31":"tag-top-14","32":"tag-toulon","33":"tag-toulouse"},"share_on_mastodon":{"url":"https:\/\/pubeurope.com\/@fr\/114658990057513381","error":""},"_links":{"self":[{"href":"https:\/\/www.europesays.com\/fr\/wp-json\/wp\/v2\/posts\/165614","targetHints":{"allow":["GET"]}}],"collection":[{"href":"https:\/\/www.europesays.com\/fr\/wp-json\/wp\/v2\/posts"}],"about":[{"href":"https:\/\/www.europesays.com\/fr\/wp-json\/wp\/v2\/types\/post"}],"author":[{"embeddable":true,"href":"https:\/\/www.europesays.com\/fr\/wp-json\/wp\/v2\/users\/2"}],"replies":[{"embeddable":true,"href":"https:\/\/www.europesays.com\/fr\/wp-json\/wp\/v2\/comments?post=165614"}],"version-history":[{"count":0,"href":"https:\/\/www.europesays.com\/fr\/wp-json\/wp\/v2\/posts\/165614\/revisions"}],"wp:featuredmedia":[{"embeddable":true,"href":"https:\/\/www.europesays.com\/fr\/wp-json\/wp\/v2\/media\/165615"}],"wp:attachment":[{"href":"https:\/\/www.europesays.com\/fr\/wp-json\/wp\/v2\/media?parent=165614"}],"wp:term":[{"taxonomy":"category","embeddable":true,"href":"https:\/\/www.europesays.com\/fr\/wp-json\/wp\/v2\/categories?post=165614"},{"taxonomy":"post_tag","embeddable":true,"href":"https:\/\/www.europesays.com\/fr\/wp-json\/wp\/v2\/tags?post=165614"}],"curies":[{"name":"wp","href":"https:\/\/api.w.org\/{rel}","templated":true}]}}