{"id":165630,"date":"2025-06-10T12:19:10","date_gmt":"2025-06-10T12:19:10","guid":{"rendered":"https:\/\/www.europesays.com\/fr\/165630\/"},"modified":"2025-06-10T12:19:10","modified_gmt":"2025-06-10T12:19:10","slug":"strasbourg-un-homme-de-21-ans-blesse-par-arme-a-feu-dans-le-quartier-de-la-montagne-verte","status":"publish","type":"post","link":"https:\/\/www.europesays.com\/fr\/165630\/","title":{"rendered":"Strasbourg. Un homme de 21 ans bless\u00e9 par arme \u00e0 feu dans le quartier de la Montagne-Verte"},"content":{"rendered":"<p>Le jeune homme se trouvait vers 3 heures du matin route de Schirmeck, dans le quartier de la Montagne-Verte, \u00e0 Strasbourg quand il a \u00e9t\u00e9 vis\u00e9 par des tirs d\u2019arme \u00e0 feu. Touch\u00e9 \u00e0 trois reprises, il \u00e9tait conscient \u00e0 l\u2019arriv\u00e9e des secours. Ses jours ne sont pas en danger, indique une source polici\u00e8re.<\/p>\n<p>Un \u00e9quipage de la brigade anticriminalit\u00e9 a rep\u00e9r\u00e9 une voiture qui sortait d\u2019un parking \u00e0 proximit\u00e9 du lieu des tirs. Les policiers ont tent\u00e9 d\u2019intercepter le v\u00e9hicule qui a pris la fuite.<\/p>\n<p>La piste du r\u00e8glement de comptes privil\u00e9gi\u00e9e<\/p>\n<p>La victime \u00e9tant d\u00e9favorablement connue des forces de l\u2019ordre pour des violences, la piste du r\u00e8glement de comptes est privil\u00e9gi\u00e9e. Aucune interpellation n\u2019avait encore eu lieu mardi 10 juin \u00e0 la mi-journ\u00e9e.<\/p>\n<p>\u00ab \u00c7a laisse sous-entendre une certaine mont\u00e9e de violence sur Strasbourg, d\u00e9plore Sylvain Andr\u00e9, le porte-parole du syndicat de police Alliance dans le Bas-Rhin. Ce n\u2019est pas Marseille mais \u00e7a commence \u00e0 devenir parlant. Quand on voit toutes les agressions au couteau, voire par arme \u00e0 feu, \u00e7a montre qu\u2019il ne faut pas prendre \u00e0 la l\u00e9g\u00e8re la d\u00e9linquance strasbourgeoise. \u00bb<\/p>\n<p>Le repr\u00e9sentant syndical d\u00e9nonce \u00ab un d\u00e9ficit d\u2019au moins 100 effectifs\u00bb de police \u00ab dans le d\u00e9partement \u00bb du Bas-Rhin. En cause, selon lui, l\u2019absence de primes et d\u2019indemnit\u00e9s pour motiver les policiers \u00e0 postuler dans une ville excentr\u00e9e.<\/p>\n","protected":false},"excerpt":{"rendered":"Le jeune homme se trouvait vers 3 heures du matin route de Schirmeck, dans le quartier de la&hellip;\n","protected":false},"author":2,"featured_media":165631,"comment_status":"","ping_status":"","sticky":false,"template":"","format":"standard","meta":{"footnotes":""},"categories":[2820],"tags":[1111,11,2389,2880,1777,674,274,107,1011,27,775,12,25,640],"class_list":{"0":"post-165630","1":"post","2":"type-post","3":"status-publish","4":"format-standard","5":"has-post-thumbnail","7":"category-strasbourg","8":"tag-actu","9":"tag-actualites","10":"tag-alsace","11":"tag-edition-strasbourg","12":"tag-eu","13":"tag-europe","14":"tag-faits-divers-justice","15":"tag-fil-info","16":"tag-fr","17":"tag-france","18":"tag-grand-est","19":"tag-news","20":"tag-republique-francaise","21":"tag-strasbourg"},"share_on_mastodon":{"url":"https:\/\/pubeurope.com\/@fr\/114659037256336966","error":""},"_links":{"self":[{"href":"https:\/\/www.europesays.com\/fr\/wp-json\/wp\/v2\/posts\/165630","targetHints":{"allow":["GET"]}}],"collection":[{"href":"https:\/\/www.europesays.com\/fr\/wp-json\/wp\/v2\/posts"}],"about":[{"href":"https:\/\/www.europesays.com\/fr\/wp-json\/wp\/v2\/types\/post"}],"author":[{"embeddable":true,"href":"https:\/\/www.europesays.com\/fr\/wp-json\/wp\/v2\/users\/2"}],"replies":[{"embeddable":true,"href":"https:\/\/www.europesays.com\/fr\/wp-json\/wp\/v2\/comments?post=165630"}],"version-history":[{"count":0,"href":"https:\/\/www.europesays.com\/fr\/wp-json\/wp\/v2\/posts\/165630\/revisions"}],"wp:featuredmedia":[{"embeddable":true,"href":"https:\/\/www.europesays.com\/fr\/wp-json\/wp\/v2\/media\/165631"}],"wp:attachment":[{"href":"https:\/\/www.europesays.com\/fr\/wp-json\/wp\/v2\/media?parent=165630"}],"wp:term":[{"taxonomy":"category","embeddable":true,"href":"https:\/\/www.europesays.com\/fr\/wp-json\/wp\/v2\/categories?post=165630"},{"taxonomy":"post_tag","embeddable":true,"href":"https:\/\/www.europesays.com\/fr\/wp-json\/wp\/v2\/tags?post=165630"}],"curies":[{"name":"wp","href":"https:\/\/api.w.org\/{rel}","templated":true}]}}