{"id":165634,"date":"2025-06-10T12:21:10","date_gmt":"2025-06-10T12:21:10","guid":{"rendered":"https:\/\/www.europesays.com\/fr\/165634\/"},"modified":"2025-06-10T12:21:10","modified_gmt":"2025-06-10T12:21:10","slug":"conference-des-nations-unies-sur-locean-a-nice-deuxieme-journee","status":"publish","type":"post","link":"https:\/\/www.europesays.com\/fr\/165634\/","title":{"rendered":"Conf\u00e9rence des Nations unies sur l&rsquo;Oc\u00e9an \u00e0 Nice : deuxi\u00e8me journ\u00e9e."},"content":{"rendered":"<p>Merci Monsieur le secr\u00e9taire g\u00e9n\u00e9ral des Nations unies,<br \/>Monsieur le pr\u00e9sident de la R\u00e9publique du Costa Rica, cher ami,<br \/>Altesse,<br \/>Mesdames et Messieurs les chefs d&rsquo;\u00c9tat et de gouvernement,<br \/>Mesdames et Messieurs les dirigeants d&rsquo;organisations internationales,<br \/>Mesdames et Messieurs les ministres,<br \/>Mesdames et Messieurs les \u00e9lus,<br \/>Monsieur le maire de Nice,<br \/>Monsieur le pr\u00e9sident de r\u00e9gion, merci de l&rsquo;accueil qui nous est fait,<br \/>Mesdames et messieurs en vos grades et qualit\u00e9s.<\/p>\n<p>Le nom de Nice vient de \u00ab victoire \u00bb, \u00ab Nik\u00e9 \u00bb en grec. Et dans ce port fond\u00e9 par des marins phoc\u00e9ens au bord de la M\u00e9diterran\u00e9e, c&rsquo;est aujourd&rsquo;hui une victoire que nous c\u00e9l\u00e9brons en quelque sorte, une victoire pour nos oc\u00e9ans. D&rsquo;abord victoire que nous soyons tous l\u00e0, r\u00e9unis pour cette troisi\u00e8me conf\u00e9rence des Nations unies sur l&rsquo;oc\u00e9an \u00e0 Nice que nous coorganisons avec le Costa Rica, prenant le relais de nos amis portugais. Victoire sur l&rsquo;inertie et l&rsquo;indiff\u00e9rence aussi, sur la d\u00e9gradation de notre environnement, sur la tendance au d\u00e9sengagement international. Mais victoire fragile, car elle requiert des actions rapides et elle ne suppose aucun recul. Et cette mobilisation, oui, par elle-m\u00eame, est une victoire parce que nous connaissons les enjeux qui sont les n\u00f4tres. Et je veux ici les rappeler tr\u00e8s bri\u00e8vement.<\/p>\n<p>En 2024, le seuil des +1,5 degr\u00e9 par rapport aux temp\u00e9ratures pr\u00e9industrielles a \u00e9t\u00e9 d\u00e9pass\u00e9. Les \u00e9cosyst\u00e8mes sont menac\u00e9s, les r\u00e9cifs coralliens blanchissent \u00e0 une vitesse jamais observ\u00e9e jusqu&rsquo;alors, le vivier de poisson n&rsquo;a jamais \u00e9t\u00e9 aussi faible, les ouragans et les cyclones sont plus intenses et tant de nos territoires, je pense \u00e0 Mayotte ou \u00e0 La R\u00e9union, ont pay\u00e9 un lourd tribut en 2024. Et si la Terre se r\u00e9chauffe, l&rsquo;oc\u00e9an, quant \u00e0 lui, est en \u00e9bullition. Nos scientifiques nous disent des faits que nous n&rsquo;aurions pu imaginer, des canicules au sein m\u00eame de nos oc\u00e9ans. Et comme la mer monte, en plus du feu, c&rsquo;est la submersion qui nous guette.<\/p>\n<p>C&rsquo;est pourquoi cette mobilisation est une n\u00e9cessit\u00e9. Aujourd&rsquo;hui, \u00e0 Nice, nous avons plus de 120 pays, plus de 50 chefs d&rsquo;\u00c9tat et de gouvernement, plus de 30 chefs d&rsquo;Organisation internationale qui ont fait le d\u00e9placement, et \u00e7a vient d&rsquo;\u00eatre \u00e9voqu\u00e9, 100 000 personnes qui participeront \u00e0 cette conf\u00e9rence, avec des milliers d&rsquo;\u00e9v\u00e9nements partout organis\u00e9s. C&rsquo;est in\u00e9dit pour nos oc\u00e9ans. C&rsquo;\u00e9tait essentiel, car l&rsquo;oc\u00e9an nous relie tous au sein d&rsquo;un seul et m\u00eame \u00e9cosyst\u00e8me qui lie aussi climat et biodiversit\u00e9. Les \u00e9missions de gaz \u00e0 effet de serre ici touchent les calottes glaciaires aux p\u00f4les, qui, en fondant, provoquent en retour une hausse du niveau des mers qui touchent alors les 3 milliards d&rsquo;\u00eatres humains vivant sur toutes les zones c\u00f4ti\u00e8res de la plan\u00e8te. Les plastiques jet\u00e9s \u00e0 terre se retrouvent au gr\u00e9 des courants, au milieu du Pacifique et au fond des canyons de la M\u00e9diterran\u00e9e, et polluent toute notre cha\u00eene alimentaire. Et les premi\u00e8res victimes sont les \u00c9tats c\u00f4tiers, les \u00c9tats insulaires et toutes les petites \u00eeles. Nous avons tant de nos amis qui sont ici pr\u00e9sents et qui dirigent ces \u00c9tats ou ces collectivit\u00e9s. C&rsquo;est aussi le continent africain pr\u00e9sent ici en masse qui voit d\u00e9j\u00e0 son trait de c\u00f4te reculer alors m\u00eame que nos mers sont source d&rsquo;activit\u00e9s \u00e9conomiques, d&rsquo;alimentation durable, et ne l&rsquo;oublions pas, elles sont notre premier alli\u00e9 contre le changement climatique. Car nos oc\u00e9ans capturent un quart du carbone que nous \u00e9mettons et capturent une bonne partie de la chaleur que nous lib\u00e9rons. C&rsquo;est un grand r\u00e9gulateur des climats. Notre mobilisation est donc indispensable. Et elle l&rsquo;est avec la perspective, dans quelques mois, de la COP30 de Bel\u00e9m, Monsieur le Pr\u00e9sident, cher Lula, au c\u0153ur de cet autre fabuleux puits de carbone qu\u2019est la for\u00eat amazonienne.<\/p>\n<p>L&rsquo;oc\u00e9an, berceau de l&rsquo;humanit\u00e9, berceau de notre civilisation au bord de cette M\u00e9diterran\u00e9e ch\u00e9rie, c&rsquo;est aussi le c\u0153ur de notre combat climatique, celui pour l&rsquo;eau, l&rsquo;alimentation, l&rsquo;environnement, le climat, la biodiversit\u00e9. Et ces combats sont ins\u00e9parables et c&rsquo;est celui que nous menons. C&rsquo;est pourquoi cette conf\u00e9rence, \u00e0 mes yeux, a un premier objectif, et gr\u00e2ce \u00e0 votre mobilisation, tous et toutes, nous l&rsquo;avons atteint, c&rsquo;est de rappeler la n\u00e9cessit\u00e9 d&rsquo;engager la communaut\u00e9 internationale dans toutes ses composantes. Pour r\u00e9ussir la bataille pour les oc\u00e9ans, il nous faut redonner de la force au multilat\u00e9ralisme, derri\u00e8re le secr\u00e9taire g\u00e9n\u00e9ral des Nations unies, et bien consid\u00e9rer que la seule mani\u00e8re de r\u00e9pondre \u00e0 ce d\u00e9fi, c&rsquo;est de mobiliser tous les acteurs, les chefs d&rsquo;\u00c9tat et de gouvernement qui vont ici parler, mais \u00e9galement les scientifiques qui se sont mobilis\u00e9s, et je veux les en remercier. Il n&rsquo;y aura pas de bataille pour nos oc\u00e9ans si elle n&rsquo;est pas d&rsquo;abord fond\u00e9e sur une science libre, ouverte, partenariale. Le climat comme la biodiversit\u00e9, ce n&rsquo;est pas une question d&rsquo;opinion, c&rsquo;est une question de faits scientifiquement \u00e9tablis.<\/p>\n<p>C&rsquo;est pourquoi il nous faut d\u00e9fendre nos chercheurs, leur permettre d&rsquo;avancer, de chercher de mani\u00e8re libre et d&rsquo;\u00e9tablir ce qui est le c\u0153ur de notre action. Et l&rsquo;UNOC 3 sera l&rsquo;occasion d&rsquo;adopter de nouveaux outils, de nouvelles initiatives \u00e0 l&rsquo;appui du plan d&rsquo;action de Nice. Mais c&rsquo;est ce qui permettra aussi de transformer en organisation internationale, justement, Mercator Oc\u00e9an dont nous avions c\u00e9l\u00e9br\u00e9 la premi\u00e8re \u00e9bauche en 2022 et qui \u00e9laborera un jumeau num\u00e9rique de l&rsquo;oc\u00e9an, c&rsquo;est-\u00e0-dire une plateforme en ligne donnant acc\u00e8s \u00e0 une repr\u00e9sentation virtuelle de l&rsquo;oc\u00e9an bas\u00e9e sur les derni\u00e8res connaissances scientifiques de pointe. L&rsquo;IPOS, interface entre scientifique et politique, permettra aux \u00c9tats de recevoir l&rsquo;appui technique n\u00e9cessaire pour mettre en place des politiques publiques adapt\u00e9es aux contextes locaux. Le barom\u00e8tre Starfish, tous les 8 juin chaque ann\u00e9e, nous fournira l&rsquo;\u00e9tat de sant\u00e9 de l&rsquo;oc\u00e9an. L&rsquo;Alliance Space4Ocean renforcera la collaboration internationale en connectant le secteur spatial aux communaut\u00e9s oc\u00e9anographiques et mettra les donn\u00e9es spatiales au service de la protection oc\u00e9anique. Et pour aller plus loin dans l&rsquo;exploration, la surveillance, l&rsquo;analyse, nous lancerons aussi une nouvelle mission oc\u00e9anique spatiale nomm\u00e9e Corsair. Et puis, avec tous les acteurs mondiaux de la recherche oc\u00e9anographique et spatiale, publics comme priv\u00e9s, avec la d\u00e9termination de l&rsquo;Union europ\u00e9enne, nous allons lancer la plus grande des missions d&rsquo;exploration globale de l&rsquo;oc\u00e9an d\u00e8s 2026, la mission Neptune. Et plut\u00f4t que de se pr\u00e9cipiter sur Mars, faisons d\u00e9j\u00e0 en sorte de conna\u00eetre notre ultime fronti\u00e8re et notre meilleur ami, l&rsquo;oc\u00e9an. Ce sera \u00e7a, Neptune.<\/p>\n<p>Mobiliser la science donc, et nous baser sur celle-ci, mobiliser tous les acteurs locaux, et de mani\u00e8re in\u00e9dite, 300 \u00e9lus, maires et gouverneurs des 5 continents ont cr\u00e9\u00e9, sous l&rsquo;impulsion de Christian Estrosi que je remercie, la premi\u00e8re coalition des villes et r\u00e9gions pour lutter contre les effets du changement climatique et de l&rsquo;\u00e9l\u00e9vation du niveau des mers. Cette coalition d&rsquo;acteurs locaux, co-pr\u00e9sid\u00e9e avec la maire de la Nouvelle-Orl\u00e9ans, avec laquelle vous avez pr\u00e9sent\u00e9 vos travaux, c&rsquo;est aussi la mobilisation de tous les acteurs locaux \u00e0 travers le monde, de toutes celles et ceux qui sont touch\u00e9s au premier plan par les effets d\u00e9j\u00e0 du changement, mais ceux aussi qui permettent de construire sur le terrain les solutions pour \u00e9viter, r\u00e9duire, compenser, adapter sur le terrain les mauvais comportements, les \u00e9missions et permettre de r\u00e9pondre \u00e0 nos d\u00e9fis. C&rsquo;est aussi la mobilisation de la communaut\u00e9 \u00e9conomique, et je remercie Monaco pour l&rsquo;organisation du Blue Economy &amp; Finance Forum qui a permis de mettre 200 initiatives en place, des facilit\u00e9s financi\u00e8res avec une pluralit\u00e9 d&rsquo;acteurs et qui va nous permettre de mobiliser, justement, le monde \u00e9conomique et la finance. Et c&rsquo;est \u00e9galement la mobilisation de la jeunesse, de nos organisations non gouvernementales qui, \u00e0 l&rsquo;occasion de ce sommet et de cette Conf\u00e9rence des Nations unies, nous ont soumis leurs propositions, se sont mobilis\u00e9s, mais surtout veulent agir au quotidien \u00e0 nos c\u00f4t\u00e9s.<\/p>\n<p>La premi\u00e8re r\u00e9ponse, c&rsquo;est donc le multilat\u00e9ralisme, la mobilisation de tous et de tous les acteurs. Le deuxi\u00e8me \u00e9l\u00e9ment, c&rsquo;est la protection de la majeure partie de nos oc\u00e9ans et de la plan\u00e8te. Imaginez, jusqu&rsquo;\u00e0 il y a deux ans \u00e0 peine, la moiti\u00e9 de la plan\u00e8te, les deux tiers de nos oc\u00e9ans, vivaient sans v\u00e9ritables r\u00e8gles internationales. Pendant plus d&rsquo;une d\u00e9cennie, nous nous sommes battus et la Communaut\u00e9 internationale \u00e9tait bloqu\u00e9e pour pouvoir obtenir sur la haute mer enfin une r\u00e9gulation. C&rsquo;est ce qui a \u00e9t\u00e9 sign\u00e9 il y a quelques mois avec le trait\u00e9 qui, en anglais, se dit Biodiversity Beyond National Jurisdiction, BBNJ donc, qui r\u00e9gule la haute mer. Ce trait\u00e9 a \u00e9t\u00e9 sign\u00e9. Nous nous sommes fortement mobilis\u00e9s. Et je peux vous dire \u00e0 cet instant qu&rsquo;\u00e0 la cinquantaine de ratifications d\u00e9j\u00e0 d\u00e9pos\u00e9es, ici m\u00eame ces derni\u00e8res heures, 15 pays se sont formellement engag\u00e9s \u00e0 les rejoindre, ce qui fait que l&rsquo;accord politique est obtenu, qui nous permet de dire que ce trait\u00e9 sur la haute mer sera bien mis en \u0153uvre. C&rsquo;est donc gagn\u00e9. Il aura fallu 12 ans en 1982 pour faire de m\u00eame avec la Convention du droit de la mer. En deux ans, par cette mobilisation collective, nous aurons r\u00e9ussi \u00e0 faire appliquer enfin ce trait\u00e9 qui simplement donne des r\u00e8gles, va permettre de lutter efficacement contre la p\u00eache ill\u00e9gale, va permettre de prot\u00e9ger nos oc\u00e9ans dans les deux tiers du globe, dans les deux tiers, pardon, de ces oc\u00e9ans et la moiti\u00e9 de la plan\u00e8te.<\/p>\n<p>La troisi\u00e8me bataille, c&rsquo;est la protection des grands fonds marins. Nous sommes 33 \u00c9tats \u00e0 avoir cr\u00e9\u00e9 une coalition pour promouvoir un moratoire sur l&rsquo;exploitation des grands fonds marins. Et je le dis ici \u00e0 tous, c&rsquo;est une n\u00e9cessit\u00e9. Et pourquoi ? Je ne suis pas du tout contre l&rsquo;activit\u00e9 \u00e9conomique, bien au contraire. Mais je pense que c&rsquo;est une folie de lancer de l&rsquo;action \u00e9conomique pr\u00e9datrice qui va bousculer des grands fonds marins, qui bouscule la biodiversit\u00e9, qui la d\u00e9truit, qui lib\u00e8re des puits de carbone irr\u00e9cup\u00e9rables, quand nous n&rsquo;y connaissons rien ! C&rsquo;est de l&rsquo;obscurantisme que de faire de l&rsquo;exploitation avant d&rsquo;avoir commenc\u00e9 l&rsquo;exploration. Et donc, le moratoire sur l&rsquo;exploitation des grands fonds marins est une n\u00e9cessit\u00e9 internationale.<\/p>\n<p>Lan\u00e7ons des grandes missions d&rsquo;exploration, connaissons, mettons la science en avant, mais n&rsquo;exploitons pas ces grands fonds marins ! Prot\u00e9geons nos \u00e9cosyst\u00e8mes parce que nous ne savons pas ce qui peut s&rsquo;en suivre, parce que vous avez l\u00e0 des r\u00e9serves de carbone essentielles, parce que vous avez l\u00e0 des esp\u00e8ces que personne ne conna\u00eet encore. Ce combat est vital pour nous tous. Et je le dis ici avec force, les abysses ne sont pas \u00e0 vendre, pas plus que le Groenland n\u2019est \u00e0 prendre, pas plus que l\u2019Antarctique ou la haute mer ne sont \u00e0 vendre, pas plus que les licences de p\u00eache des pays en d\u00e9veloppement ne sont \u00e0 donner, pas plus que les donn\u00e9es scientifiques ou la s\u00e9curit\u00e9 des populations littorales ne sont \u00e0 sacrifier. Nous parlons d&rsquo;un bien commun. Nous parlons d&rsquo;une \u0153uvre qui nous engage tous, alors allons-y.<\/p>\n<p>L&rsquo;autre combat, c&rsquo;est la protection de 30 % de nos terres et de nos mers. C&rsquo;est le combat que nous avons livr\u00e9, qui a \u00e9t\u00e9 fix\u00e9 dans le cadre global lors de Kunming, Montr\u00e9al pour 2030. Cet objectif, nous l&rsquo;avons port\u00e9 ensemble avec Rodrigo d\u00e8s janvier 2021, par la coalition de la haute ambition pour la nature et les peuples. Il r\u00e9unit aujourd&rsquo;hui plus de 120 membres et il s&rsquo;est impos\u00e9 lors de cette COP \u00e0 Kunming, Montr\u00e9al. \u00c0 ce jour, juste avant cette conf\u00e9rence, nous \u00e9tions \u00e0 8 % des mers prot\u00e9g\u00e9es, selon les derniers d\u00e9comptes. Cette semaine va permettre, et j&rsquo;attends les annonces tout au long des prises de parole, d&rsquo;augmenter ces aires marines prot\u00e9g\u00e9es \u00e0 travers la plan\u00e8te, mais on ne peut pas rester \u00e0 ces 8 % ; objectif 30 % en 2030. La France, deuxi\u00e8me zone \u00e9conomique exclusive du monde, y prendra toute sa part. Plus de 30 % de notre zone \u00e9conomique exclusive est d&rsquo;ores et d\u00e9j\u00e0 prot\u00e9g\u00e9e. Nous en sommes fiers, mais nous allons plus loin. La Polyn\u00e9sie fran\u00e7aise vient de r\u00e9aliser une premi\u00e8re grande annonce : plus de 4 millions de kilom\u00e8tres carr\u00e9s nouveaux sont d\u00e9sormais prot\u00e9g\u00e9s, dont 900 000 kilom\u00e8tres carr\u00e9s en protection forte. Et nous allons faire plus dans le dialogue et la concertation en travaillant \u00e0 renforcer des actions de protection avec certains de nos grands voisins dans nos territoires d&rsquo;Outre-mer.<\/p>\n<p>Mais parce que certains scientifiques nous disent aussi que c&rsquo;est encore insuffisant, nous allons renforcer significativement le niveau de protection d&rsquo;une partie de ces aires. \u00c0 travers un plan pour la protection des fonds marins, et la carte sera donn\u00e9e lors de cette conf\u00e9rence tr\u00e8s pr\u00e9cis\u00e9ment, nous allons d\u00e9sormais classer les \u00e9cosyst\u00e8mes les plus sensibles, comme les posidonies, les canyons, en protection forte. Les activit\u00e9s humaines seront donc davantage encadr\u00e9es et certaines interdites. Les techniques de p\u00eache, comme le chalut de fond, mais aussi toutes les activit\u00e9s mini\u00e8res, seront, dans ces zones qui ont \u00e9t\u00e9 cartographi\u00e9es sur une base scientifique, concert\u00e9es avec nos p\u00eacheurs, ces zones seront donn\u00e9es, ce qui nous permettra de faire plus que doubler le niveau de notre protection forte dans notre zone \u00e9conomique exclusive.<\/p>\n<p>Voil\u00e0, Mesdames et Messieurs, les quelques convictions que je voulais partager avec vous. Tout \u00e7a, ce sont des combats que nous continuerons \u00e0 mener. Nous devons aussi continuer de nous mobiliser sur la question du plastique ; 8 millions de tonnes de plastique sont d\u00e9vers\u00e9es chaque ann\u00e9e en mer. Les discussions sont essentielles. Nous aurons ici une d\u00e9claration mondiale, une mobilisation qui permettra, je l&rsquo;esp\u00e8re, de mobiliser tous et toutes pour la prochaine r\u00e9union et nous essaierons de nous mobiliser au sein, tout particuli\u00e8rement, de la M\u00e9diterran\u00e9e. Mais la bataille pour limiter le plastique, combattre le plastique sur terre et en mer est essentielle. Nous allons, lors de cette conf\u00e9rence aussi, acc\u00e9l\u00e9rer la d\u00e9carbonation du transport maritime. Des initiatives essentielles ont \u00e9t\u00e9 prises pour le ralentir, pour favoriser le transport \u00e0 voile, pour favoriser de nouveaux carburants. Et je veux saluer l&rsquo;accord historique de l&rsquo;Organisation maritime internationale, obtenu il y a quelques mois, qui est une v\u00e9ritable r\u00e9volution et qui va permettre de transformer le transport maritime international.<\/p>\n<p>Au-del\u00e0 de celui-ci, nous continuerons le combat pour \u00e9lectrifier nos ports, qui est un combat essentiel, car c&rsquo;est 10 % \u00e0 20 % de nos \u00e9missions. Et puis, nous devons continuer la lutte contre la p\u00eache ill\u00e9gale. Un poisson sur 5 consomm\u00e9s dans le monde provient d&rsquo;une p\u00eache illicite qui est un pillage, une piraterie qui ab\u00eeme notre biodiversit\u00e9. Et l\u00e0-dessus, je veux saluer la mobilisation de l&rsquo;Organisation mondiale du commerce qui a obtenu des accords essentiels. Il faut les ratifier pour lutter contre les subventions \u00e0 la p\u00eache illicite et \u00e0 la FAO pour renforcer les contr\u00f4les. Ensemble, la FAO et l&rsquo;OMC ont mis en place un cadre que nous devons tous soutenir et ratifier. C&rsquo;est le seul moyen de cr\u00e9er de la transparence, de lutter contre les subventions illicites \u00e0 cette p\u00eache, et donc, d&rsquo;\u00e9radiquer la p\u00eache ill\u00e9gale partout sur la plan\u00e8te. Ceci est essentiel, pourquoi ? Abderrahmane Sissako l&rsquo;a dit tout \u00e0 l&rsquo;heure. Parce que cette p\u00eache se fait dans les \u00c9tats les plus pauvres ! Elle se fait dans les mers des \u00c9tats qui n&rsquo;ont pas les moyens de les prot\u00e9ger. Et donc, c&rsquo;est un double pillage. C&rsquo;est un pillage sur notre biodiversit\u00e9, mais c&rsquo;est un pillage des ressources halieutiques de ceux qui n&rsquo;ont pas les moyens de se d\u00e9fendre. Et donc, c&rsquo;est encore une fois une injustice au carr\u00e9.<\/p>\n<p>Voil\u00e0, mes chers amis, ce que je voulais vous dire en ouverture de cette conf\u00e9rence. Je le dis, et pardonnez-moi avec passion, parce que ce combat pour les oc\u00e9ans est au fond, au c\u0153ur de tous les combats que nous menons depuis des ann\u00e9es pour notre biodiversit\u00e9, contre le r\u00e9chauffement climatique et les d\u00e9r\u00e8glements et ce qui s&rsquo;ensuit, et pour am\u00e9liorer notre environnement et la sant\u00e9, de nous-m\u00eames et de la plan\u00e8te. Et donc, sur chacun de ces axes, nous devons nous battre. Et je compte sur vous.<\/p>\n<p>Je commen\u00e7ais mon propos en disant que Nice, c&rsquo;\u00e9tait la victoire. C&rsquo;est la victoire d&rsquo;\u00eatre l\u00e0 et mobilis\u00e9s. Mais c&rsquo;est surtout aujourd&rsquo;hui, vous l&rsquo;avez compris, le combat. Je compte sur chacune et chacun d&rsquo;entre vous pendant ces 5 jours pour que notre humanit\u00e9 progresse, pour avoir le plan d&rsquo;action pour les oc\u00e9ans le plus ambitieux possible \u00e0 Nice, pour qu&rsquo;ensemble, avec mon ami pr\u00e9sident du Costa Rica, nous ayons les meilleurs r\u00e9sultats possibles et que nous arrivions sur chacun de ces axes \u00e0 faire avancer ensemble notre plan\u00e8te.<\/p>\n<p>Je vous remercie pour votre attention et votre mobilisation. Et maintenant, j&rsquo;ai le plaisir et le bonheur d&rsquo;inviter son excellence Monsieur le Pr\u00e9sident Chavez \u00e0 faire son discours.<\/p>\n","protected":false},"excerpt":{"rendered":"Merci Monsieur le secr\u00e9taire g\u00e9n\u00e9ral des Nations unies,Monsieur le pr\u00e9sident de la R\u00e9publique du Costa Rica, cher ami,Altesse,Mesdames&hellip;\n","protected":false},"author":2,"featured_media":165635,"comment_status":"","ping_status":"","sticky":false,"template":"","format":"standard","meta":{"footnotes":""},"categories":[2819],"tags":[1111,11,2813,1130,1777,674,1011,27,14,12,2401,29906,882,25,16155],"class_list":{"0":"post-165634","1":"post","2":"type-post","3":"status-publish","4":"format-standard","5":"has-post-thumbnail","7":"category-nice","8":"tag-actu","9":"tag-actualites","10":"tag-article","11":"tag-biodiversite","12":"tag-eu","13":"tag-europe","14":"tag-fr","15":"tag-france","16":"tag-international","17":"tag-news","18":"tag-nice","19":"tag-oceanie","20":"tag-provence-alpes-cote-dazur","21":"tag-republique-francaise","22":"tag-transition-ecologique"},"share_on_mastodon":{"url":"https:\/\/pubeurope.com\/@fr\/114659045076214338","error":""},"_links":{"self":[{"href":"https:\/\/www.europesays.com\/fr\/wp-json\/wp\/v2\/posts\/165634","targetHints":{"allow":["GET"]}}],"collection":[{"href":"https:\/\/www.europesays.com\/fr\/wp-json\/wp\/v2\/posts"}],"about":[{"href":"https:\/\/www.europesays.com\/fr\/wp-json\/wp\/v2\/types\/post"}],"author":[{"embeddable":true,"href":"https:\/\/www.europesays.com\/fr\/wp-json\/wp\/v2\/users\/2"}],"replies":[{"embeddable":true,"href":"https:\/\/www.europesays.com\/fr\/wp-json\/wp\/v2\/comments?post=165634"}],"version-history":[{"count":0,"href":"https:\/\/www.europesays.com\/fr\/wp-json\/wp\/v2\/posts\/165634\/revisions"}],"wp:featuredmedia":[{"embeddable":true,"href":"https:\/\/www.europesays.com\/fr\/wp-json\/wp\/v2\/media\/165635"}],"wp:attachment":[{"href":"https:\/\/www.europesays.com\/fr\/wp-json\/wp\/v2\/media?parent=165634"}],"wp:term":[{"taxonomy":"category","embeddable":true,"href":"https:\/\/www.europesays.com\/fr\/wp-json\/wp\/v2\/categories?post=165634"},{"taxonomy":"post_tag","embeddable":true,"href":"https:\/\/www.europesays.com\/fr\/wp-json\/wp\/v2\/tags?post=165634"}],"curies":[{"name":"wp","href":"https:\/\/api.w.org\/{rel}","templated":true}]}}