{"id":165655,"date":"2025-06-10T12:33:11","date_gmt":"2025-06-10T12:33:11","guid":{"rendered":"https:\/\/www.europesays.com\/fr\/165655\/"},"modified":"2025-06-10T12:33:11","modified_gmt":"2025-06-10T12:33:11","slug":"pres-de-lyon-le-maire-en-colere-de-cette-commune-fait-un-geste-fort-contre-laurent-wauquiez","status":"publish","type":"post","link":"https:\/\/www.europesays.com\/fr\/165655\/","title":{"rendered":"Pr\u00e8s de Lyon. Le maire en col\u00e8re de cette commune fait un geste fort contre Laurent Wauquiez"},"content":{"rendered":"<p>            Par<br \/>\n        <strong><br \/>\n            <a href=\"https:\/\/actu.fr\/auteur\/julien-damboise\" title=\"Consulter tous les articles de Julien Damboise\" target=\"_blank\" rel=\"noopener\">Julien Damboise<\/a><br \/>\n        <\/strong><\/p>\n<p>        Publi\u00e9 le<\/p>\n<p>            10 juin 2025 \u00e0 14h25        <\/p>\n<p>La col\u00e8re monte dans la commune de <a href=\"https:\/\/actu.fr\/auvergne-rhone-alpes\/saint-bernard_01339\" target=\"_blank\" rel=\"noopener\">Saint-Bernard<\/a>, dans l\u2019Ain,<strong> contre la R\u00e9gion<\/strong> Auvergne-Rh\u00f4ne-Alpes. Le maire, Bernard Rey, d\u00e9nonce le refus d\u2019une<strong> subvention importante<\/strong> et menace de retirer les panneaux de la collectivit\u00e9.<\/p>\n<p>    <a href=\"https:\/\/www.google.com\/maps\/embed?pb=!1m18!1m12!1m3!1d24212.950068579088!2d4.743836212487986!3d45.94856947816008!2m3!1f0!2f0!3f0!3m2!1i1024!2i768!4f13.1!3m3!1m2!1s0x47f49005644f1231%3A0x408ab2ae4c20580!2sSaint-Bernard!5e1!3m2!1sfr!2sfr!4v1749544038540!5m2!1sfr!2sfr\" title=\"Ouvrie le lien\" target=\"_blank\" rel=\"noopener\">Cliquez ici pour visualiser le contenu<\/a><\/p>\n<p>Un nouveau centre-ville<\/p>\n<p class=\" wall-content\">Dans la ville d\u2019un peu plus de 1 500 habitants, proche de <a href=\"https:\/\/actu.fr\/auvergne-rhone-alpes\/villefranche-sur-saone_69264\" target=\"_blank\" rel=\"noopener\">Villefranche-sur-Sa\u00f4ne<\/a>, c\u2019est le refus de la R\u00e9gion Auvergne-Rh\u00f4ne-Alpes de mettre la main au porte-monnaie pour requalifier le centre-ville qui est <strong>tr\u00e8s mal pass\u00e9<\/strong>.<\/p>\n<p class=\" wall-content\">Un projet valid\u00e9 en conseil municipal pour <strong>r\u00e9inventer le centre-ville<\/strong> de la commune avec notamment les cr\u00e9ations de 23 logements, deux commerces, ainsi que des espaces r\u00e9serv\u00e9s aux pi\u00e9tons et modes doux.<\/p>\n<p class=\" wall-content\">Mais les <strong>subventions<\/strong> pour le projet d\u2019am\u00e9nagement de la nouvelle place Longue pourraient manquer, mena\u00e7ant de faire capoter la r\u00e9alisation de cet ambitieux changement.<\/p>\n<p>Le centre-ville boud\u00e9 par la R\u00e9gion<\/p>\n<p class=\" wall-content\">Contact\u00e9 par actu Lyon, Bernard Rey explique les raisons de sa <strong>col\u00e8re<\/strong> :\u00a0<\/p>\n<blockquote class=\"ac-article-quote wall-content\">\n<p>La R\u00e9gion \u00e0 l&rsquo;\u00e9poque, avec Laurent Wauquiez, avait mis en place une organisation pour subventionner des projets, en demandant de pr\u00e9senter deux dossiers. Un structurant et un deuxi\u00e8me facultatif. Le principal, sur la s\u00e9curit\u00e9 routi\u00e8re, a \u00e9t\u00e9 retoqu\u00e9. Nous avons donc remplac\u00e9 avec le projet de c\u0153ur de village. Laurent Wauquiez avait dit oui, puis nous avons re\u00e7u l&rsquo;annonce que finalement, c&rsquo;\u00e9tait non.<\/p>\n<p>    <strong> Bernard Rey<\/strong><br \/>\n        Maire de Saint-Bernard    <\/p><\/blockquote>\n<p class=\" wall-content\">L\u2019\u00e9dile \u00e9voque ensuite ce qu\u2019il consid\u00e8re comme \u00ab\u00a0le pompon\u00a0\u00bb, l\u2019accord d\u2019une subvention de 9 000 euros pour le projet annexe, \u00e0 savoir le skatepark. \u00ab\u00a0Ils nous donnent <strong>une sucette<\/strong> sans nous accompagner r\u00e9ellement\u00a0\u00bb, tranche encore Bernard Rey.<\/p>\n<p>\u00ab\u00a0Pas de pognon, pas de panneaux\u00a0\u00bb<\/p>\n<p class=\" wall-content\">Le maire divers droite a donc d\u00e9cid\u00e9 de proposer \u00e0 son conseil municipal de voter pour <strong>retirer les panneaux<\/strong> de la R\u00e9gion Auvergne-Rh\u00f4ne-Alpes des entr\u00e9es de sa commune.<\/p>\n<p class=\" wall-content\">\u00ab\u00a0Pas de pognon, pas de panneaux\u00a0\u00bb, r\u00e9sume l\u2019\u00e9lu. Il programme dans la semaine prochaine <strong>l\u2019arrachage<\/strong> des logos bleus pour aller les d\u00e9poser au si\u00e8ge de la R\u00e9gion \u00e0 <a href=\"https:\/\/actu.fr\/tag\/confluence\" target=\"_blank\" rel=\"noopener\">Confluence<\/a>.<\/p>\n<p>Une tendance sur TikTok<\/p>\n<p>Depuis quelques jours, certains internautes tournent en d\u00e9rision la volont\u00e9 de l&rsquo;ancien pr\u00e9sident Laurent Wauquiez d&rsquo;afficher le logo de la R\u00e9gion partout : sur les trains, les lyc\u00e9es, les bus, ou m\u00eame sur des paquets d&rsquo;\u0153ufs. Ne manquant pas d&rsquo;humour, les cr\u00e9ateurs de ces vid\u00e9os \u00e9voquent une \u00ab\u00a0R\u00e9publique Populaire\u00a0\u00bb, le tout sur une chanson communiste faisant l&rsquo;\u00e9loge de Mao Zedong.<\/p>\n<blockquote class=\"tiktok-embed\" cite=\"https:\/\/www.tiktok.com\/@arlouu\/video\/7512789935745748246\" data-video-id=\"7512789935745748246\" data-embed-from=\"oembed\" style=\"max-width:605px; min-width:325px;\"><p>\n<a target=\"_blank\" title=\"@arlouu\" href=\"https:\/\/www.tiktok.com\/@arlouu?refer=embed\" rel=\"noopener\">@arlouu<\/a> <\/p>\n<p>C\u2019est pas juste une region. C\u2019est une secte.. \ud83e\udd70\ud83e\udd70 <a title=\"pourtoi\" target=\"_blank\" href=\"https:\/\/www.tiktok.com\/tag\/pourtoi?refer=embed\" rel=\"noopener\">#pourtoi<\/a> <a title=\"auvergne\" target=\"_blank\" href=\"https:\/\/www.tiktok.com\/tag\/auvergne?refer=embed\" rel=\"noopener\">#auvergne<\/a> <a title=\"lyon\" target=\"_blank\" href=\"https:\/\/www.tiktok.com\/tag\/lyon?refer=embed\" rel=\"noopener\">#lyon<\/a> <\/p>\n<p> <a target=\"_blank\" title=\"\u266c son original - \ud835\udc00\ud835\udc2b\ud835\udc25\ud835\udc28\ud835\udc2e\" href=\"https:\/\/www.tiktok.com\/music\/son-original-7512789939814206231?refer=embed\" rel=\"noopener\">\u266c son original \u2013 \ud835\udc00\ud835\udc2b\ud835\udc25\ud835\udc28\ud835\udc2e<\/a> <\/p>\n<\/blockquote>\n<p class=\" wall-content\">Bernard Rey en profite aussi pour tacler \u00ab\u00a0les millions d\u2019euros pour cette communication\u00a0\u00bb qui s\u2019affiche partout : \u00ab\u00a0Je pense que lorsque c\u2019est l\u2019\u00e9poque des <strong>vaches maigres<\/strong>, on peut mettre cet argent ailleurs, surtout vu les montants.\u00a0\u00bb<\/p>\n<p class=\" wall-content\">La R\u00e9gion Auvergne-Rh\u00f4ne-Alpes n\u2019a pas encore r\u00e9pondu \u00e0 nos questions que le sujet.<\/p>\n<p class=\" wall-content\">Suivez toute l\u2019actualit\u00e9 de vos villes et m\u00e9dias favoris en vous inscrivant \u00e0 <a href=\"https:\/\/moncompte.actu.fr\" title=\"D\u00e9couvez Mon Actu\" rel=\"nofollow noopener\" data-trk=\"{&quot;cta&quot;:{&quot;action&quot;:&quot;https:\\\/\\\/moncompte.actu.fr&quot;,&quot;category&quot;:&quot;mon compte&quot;,&quot;from&quot;:&quot;article footer&quot;,&quot;name&quot;:&quot;Mon actu&quot;,&quot;type&quot;:&quot;cta&quot;}}\" target=\"_blank\">Mon Actu<\/a>.<\/p>\n<p>                    <script async src=\"\/\/www.tiktok.com\/embed.js\"><\/script><\/p>\n","protected":false},"excerpt":{"rendered":"Par Julien Damboise Publi\u00e9 le 10 juin 2025 \u00e0 14h25 La col\u00e8re monte dans la commune de Saint-Bernard,&hellip;\n","protected":false},"author":2,"featured_media":165656,"comment_status":"","ping_status":"","sticky":false,"template":"","format":"standard","meta":{"footnotes":""},"categories":[1889],"tags":[1111,11,2430,1777,674,1011,27,5639,2428,12,316,25],"class_list":{"0":"post-165655","1":"post","2":"type-post","3":"status-publish","4":"format-standard","5":"has-post-thumbnail","7":"category-lyon","8":"tag-actu","9":"tag-actualites","10":"tag-auvergne-rhone-alpes","11":"tag-eu","12":"tag-europe","13":"tag-fr","14":"tag-france","15":"tag-laurent-wauquiez","16":"tag-lyon","17":"tag-news","18":"tag-politique","19":"tag-republique-francaise"},"share_on_mastodon":{"url":"https:\/\/pubeurope.com\/@fr\/114659092340067603","error":""},"_links":{"self":[{"href":"https:\/\/www.europesays.com\/fr\/wp-json\/wp\/v2\/posts\/165655","targetHints":{"allow":["GET"]}}],"collection":[{"href":"https:\/\/www.europesays.com\/fr\/wp-json\/wp\/v2\/posts"}],"about":[{"href":"https:\/\/www.europesays.com\/fr\/wp-json\/wp\/v2\/types\/post"}],"author":[{"embeddable":true,"href":"https:\/\/www.europesays.com\/fr\/wp-json\/wp\/v2\/users\/2"}],"replies":[{"embeddable":true,"href":"https:\/\/www.europesays.com\/fr\/wp-json\/wp\/v2\/comments?post=165655"}],"version-history":[{"count":0,"href":"https:\/\/www.europesays.com\/fr\/wp-json\/wp\/v2\/posts\/165655\/revisions"}],"wp:featuredmedia":[{"embeddable":true,"href":"https:\/\/www.europesays.com\/fr\/wp-json\/wp\/v2\/media\/165656"}],"wp:attachment":[{"href":"https:\/\/www.europesays.com\/fr\/wp-json\/wp\/v2\/media?parent=165655"}],"wp:term":[{"taxonomy":"category","embeddable":true,"href":"https:\/\/www.europesays.com\/fr\/wp-json\/wp\/v2\/categories?post=165655"},{"taxonomy":"post_tag","embeddable":true,"href":"https:\/\/www.europesays.com\/fr\/wp-json\/wp\/v2\/tags?post=165655"}],"curies":[{"name":"wp","href":"https:\/\/api.w.org\/{rel}","templated":true}]}}