{"id":165659,"date":"2025-06-10T12:35:13","date_gmt":"2025-06-10T12:35:13","guid":{"rendered":"https:\/\/www.europesays.com\/fr\/165659\/"},"modified":"2025-06-10T12:35:13","modified_gmt":"2025-06-10T12:35:13","slug":"lancien-plus-grand-parking-a-velos-dile-de-france-a-ete-refait-mais-maintenant-il-faut-payer-ou-presque","status":"publish","type":"post","link":"https:\/\/www.europesays.com\/fr\/165659\/","title":{"rendered":"L\u2019ancien plus grand parking \u00e0 v\u00e9los d\u2019\u00cele-de-France a \u00e9t\u00e9 refait, mais maintenant il faut payer&#8230; ou presque"},"content":{"rendered":"<p>            Par<br \/>\n        <strong><br \/>\n            <a href=\"https:\/\/actu.fr\/auteur\/ronan-bardet\" title=\"Consulter tous les articles de Ronan Bardet\" rel=\"nofollow noopener\" target=\"_blank\">Ronan Bardet<\/a><br \/>\n        <\/strong><\/p>\n<p>        Publi\u00e9 le<\/p>\n<p>            10 juin 2025 \u00e0 14h16        <\/p>\n<p>L\u2019endroit a re\u00e7u un sacr\u00e9 coup de pinceau. Le parking \u00e0 v\u00e9los de la gare RER A de <a href=\"https:\/\/actu.fr\/ile-de-france\/saint-germain-en-laye_78551\" rel=\"nofollow noopener\" target=\"_blank\">Saint-Germain-en-Laye<\/a> (<a href=\"https:\/\/actu.fr\/78actu\/\" rel=\"nofollow noopener\" target=\"_blank\">Yvelines<\/a>) a rouvert ses portes le vendredi 6\u00a0juin 2025, apr\u00e8s <b>quatre mois de travaux. L<\/b>es habitu\u00e9s sont ravis du r\u00e9sultat.<\/p>\n<p>\u00ab\u2009C\u2019\u00e9tait insalubre\u2009\u00bb<\/p>\n<p class=\" wall-content\">Inaugur\u00e9 en 2011 par Emmanuel Lamy, l\u2019ancien maire, le lieu avait le titre de plus grand parking \u00e0 v\u00e9los gratuit d\u2019\u00cele-de-France. Mais il avait besoin d\u2019une <b>r\u00e9novation<\/b>. \u00ab\u2009C\u2019\u00e9tait insalubre\u2009\u00bb, l\u00e2che spontan\u00e9ment Manuel, habitant du Pecq, venu ce matin avec son v\u00e9lo \u00e9lectrique.<\/p>\n<blockquote class=\"ac-article-quote wall-content\">\n<p>\u00ab\u2009Il \u00e9tait rempli de fientes de pigeons. L\u2019odeur \u00e9tait suffocante. C\u2019\u00e9tait un v\u00e9ritable pigeonnier.\u2009\u00bb<\/p>\n<p>Manuel, cycliste venu garer son v\u00e9lo au parking<\/p><\/blockquote>\n<p class=\" wall-content\">\u00ab\u2009\u00c7a ne pouvait pas \u00eatre pire. C\u2019\u00e9tait insalubre\u2009!\u2009\u00bb, rench\u00e9rit Ma\u00ef une autre cycliste.<\/p>\n<p class=\" wall-content\">Autre probl\u00e8me relev\u00e9, le <b>vol de v\u00e9lo<\/b>. \u00ab\u2009\u00c0 cause de \u00e7a, je garais mon v\u00e9lo sur le parking ext\u00e9rieur pr\u00e8s du tram 13, raconte K\u00e9vin, membre du comit\u00e9 v\u00e9lo de la ville et de l\u2019association Mieux se d\u00e9placer \u00e0 Bicyclette. Comme il \u00e9tait en ext\u00e9rieur, paradoxalement, c\u2019\u00e9tait plus s\u00e9curis\u00e9. Car ici les voleurs avaient tout le temps de trafiquer les cadenas.\u2009\u00bb<\/p>\n<p>    <img   decoding=\"async\" loading=\"lazy\" class=\"size-large\" src=\"https:\/\/www.europesays.com\/fr\/wp-content\/uploads\/2025\/06\/ee83c083a4b76e293c083a4b7b693cv-960x640.jpg\" alt=\"Parking v\u00e9los RER Saint-Germain-en-Laye\" width=\"960\" height=\"640\"\/><br \/>\n    Le parking v\u00e9los de la gare du RER A \u00e0 Saint-Germain-en-Laye (Yvelines) en f\u00e9vrier\u00a02025 avait besoin d\u2019une r\u00e9novation. \u00a9Archives \/ Philippe ROUDEILLATVid\u00e9os : en ce moment sur ActuUn parking devenu payant<\/p>\n<p class=\" wall-content\">D\u00e9sormais, pour garer leur v\u00e9lo, les cyclistes ont deux choix. Soit, l\u2019attacher aux racks en <b>acc\u00e8s libre<\/b>. Cette solution gratuite offre tout de m\u00eame 56 places, avec l\u2019assurance de prot\u00e9ger le deux-roues de la pluie. L\u2019option semble tr\u00e8s populaire au vu du peu de places restantes libres quelques heures apr\u00e8s l\u2019ouverture du lieu.<\/p>\n<p class=\" wall-content\">La seconde solution est d\u2019attacher son v\u00e9lo dans l\u2019<b>espace s\u00e9curis\u00e9<\/b>. Pour rentrer, la <a href=\"https:\/\/diwio.fr\/stgermain-parking-velos-iledefrance-mobilites\" rel=\"nofollow noopener\" target=\"_blank\">cr\u00e9ation d\u2019un compte sur le site diwio.fr<\/a> est n\u00e9cessaire. L\u2019abonnement est gratuit pour les d\u00e9tenteurs d\u2019un pass navigo annuel, imagine R et s\u00e9nior. Pour les autres, cela co\u00fbte 2\u00a0\u20ac la journ\u00e9e, 10\u00a0\u20ac le mois et 30\u00a0\u20ac l\u2019ann\u00e9e.<\/p>\n<p>Des cam\u00e9ras de s\u00e9curit\u00e9<\/p>\n<p class=\" wall-content\">Une fois les portes franchies, <b>419 places<\/b> s\u2019offrent aux utilisateurs, dont quatre pour les v\u00e9los-cargos. Des racks ou des arceaux permettent d\u2019accrocher les deux-roues. Vingt casiers sont aussi mis \u00e0 disposition pour ranger des casques.<\/p>\n<p class=\" wall-content\">En plus des portes de s\u00e9curit\u00e9 et des grilles, <b>une trentaine de cam\u00e9ras de surveillance<\/b> sont install\u00e9es. Ce syst\u00e8me de surveillance permet \u00e9galement de d\u00e9tecter le nombre de places disponibles en temps r\u00e9el. Ce chiffre sera indiqu\u00e9 sur un \u00e9cran install\u00e9 sur la fa\u00e7ade ext\u00e9rieure du parking \u00e0 la fin du mois de juin.<\/p>\n<p>365\u2009000\u00a0\u20ac<\/p>\n<p class=\" wall-content\">Autre \u00e9l\u00e9ment \u00e0 noter, les cyclistes pourront r\u00e9aliser quelques petites r\u00e9parations et gonfler leurs pneus avec des outils et une pompe \u00e0 air plac\u00e9s en <b>libre acc\u00e8s<\/b>.<\/p>\n<p class=\" wall-content\">Le co\u00fbt de cette r\u00e9novation \u00ab\u2009est de l\u2019ordre de <b>365\u2009000\u00a0\u20ac<\/b>, financ\u00e9 \u00e0 100\u2009% par \u00cele-de-France Mobilit\u00e9s\u2009\u00bb, indique l\u2019autorit\u00e9 organisatrice des transports dans la r\u00e9gion.<\/p>\n<p class=\" wall-content\">L\u2019endroit a l\u2019air en tout cas de plaire. D\u2019apr\u00e8s Benjamin Affichard, directeur clients chez Transdev boucle des lys, la soci\u00e9t\u00e9 exploitant le lieu, venu accueillir les cyclistes, <b>110\u00a0personnes se sont d\u00e9j\u00e0 abonn\u00e9es <\/b>dans la matin\u00e9e. Et les utilisateurs crois\u00e9s sont satisfaits du r\u00e9sultat. \u00ab\u2009C\u2019est top comme endroit, s\u2019exclame Manuel. Avec tout cela, les pigeons ne peuvent plus rentrer.\u2009\u00bb Le jugement est \u00e9galement positif pour Alexandre et Elizabeth, habitants de Chambourcy. \u00ab\u2009C\u2019est <b>spacieux<\/b>, il y a beaucoup de places. L\u2019avantage, c\u2019est que notre v\u00e9lo est en s\u00e9curit\u00e9 et que le soir, on le retrouve.\u2009\u00bb<\/p>\n<p>    <img   decoding=\"async\" loading=\"lazy\" class=\"size-large\" src=\"https:\/\/www.europesays.com\/fr\/wp-content\/uploads\/2025\/06\/08de24f3f54860cde24f3f548dfde2v-960x640.jpg\" alt=\"Parking a v\u00e9los saint-germain-en-laye\" width=\"960\" height=\"640\"\/><br \/>\n    Une pompe et des outils sont disponibles en libre acc\u00e8s \u00e0 Saint-Germain-en-Laye (Yvelines). \u00a9Ronan BARDET\u00ab\u2009Il ne faudrait pas que cela augmente\u2009\u00bb<\/p>\n<p class=\" wall-content\">Si une bonne partie des usagers interrog\u00e9s vont profiter de la gratuit\u00e9 gr\u00e2ce \u00e0 leur pass navigo, certains sont plus sceptiques sur cette nouvelle politique tarifaire. \u00ab\u2009C\u2019est dommage, \u00e7a va limiter l\u2019acc\u00e8s. Enfin, j\u2019imagine que c\u2019est parce que des investissements ont \u00e9t\u00e9 faits. Mais ils auraient d\u00fb s\u00e9curiser tout le lieu\u2009\u00bb, observe G\u00e9rard, venu rependre sa bicyclette.<\/p>\n<blockquote class=\"ac-article-quote wall-content\">\n<p>\u00ab\u2009Si c\u2019est entretenu, s\u00e9curis\u00e9 et qu\u2019il n\u2019y a plus de v\u00e9los abandonn\u00e9s et de crottes de pigeons, alors 30\u00a0euros par an ce n\u2019est pas grand-chose. Mais il ne faudrait pas que cela augmente\u2009\u00bb<\/p>\n<p>Jean-Pierre, un cycliste<\/p><\/blockquote>\n<p>Fermeture du parking temporaire<\/p>\n<p class=\" wall-content\">Attention, pour ceux qui avaient laiss\u00e9 leur v\u00e9lo dans le parking temporaire, au-dessus rue de la Surintendance, il sera d\u00e9sinstall\u00e9 d\u00e8s le vendredi 13\u00a0juin.<\/p>\n<p>    <a href=\"https:\/\/maps.google.com\/maps?q=48.89866,2.09442&amp;z=15&amp;output=embed\" title=\"Ouvrie le lien\" rel=\"nofollow noopener\" target=\"_blank\">Cliquez ici pour visualiser le contenu<\/a><\/p>\n<p class=\" wall-content\">Suivez toute l\u2019actualit\u00e9 de vos villes et m\u00e9dias favoris en vous inscrivant \u00e0 <a href=\"https:\/\/moncompte.actu.fr\" title=\"D\u00e9couvez Mon Actu\" rel=\"nofollow noopener\" data-trk=\"{&quot;cta&quot;:{&quot;action&quot;:&quot;https:\\\/\\\/moncompte.actu.fr&quot;,&quot;category&quot;:&quot;mon compte&quot;,&quot;from&quot;:&quot;article footer&quot;,&quot;name&quot;:&quot;Mon actu&quot;,&quot;type&quot;:&quot;cta&quot;}}\" target=\"_blank\">Mon Actu<\/a>.<\/p>\n","protected":false},"excerpt":{"rendered":"Par Ronan Bardet Publi\u00e9 le 10 juin 2025 \u00e0 14h16 L\u2019endroit a re\u00e7u un sacr\u00e9 coup de pinceau.&hellip;\n","protected":false},"author":2,"featured_media":165660,"comment_status":"","ping_status":"","sticky":false,"template":"","format":"standard","meta":{"footnotes":""},"categories":[1592],"tags":[1111,11,1777,674,1011,27,662,12,626,25,18068,104,2803,208],"class_list":{"0":"post-165659","1":"post","2":"type-post","3":"status-publish","4":"format-standard","5":"has-post-thumbnail","7":"category-ile-de-france","8":"tag-actu","9":"tag-actualites","10":"tag-eu","11":"tag-europe","12":"tag-fr","13":"tag-france","14":"tag-ile-de-france","15":"tag-news","16":"tag-paris","17":"tag-republique-francaise","18":"tag-rer-a","19":"tag-societe","20":"tag-transport","21":"tag-velo"},"share_on_mastodon":{"url":"https:\/\/pubeurope.com\/@fr\/114659100194822838","error":""},"_links":{"self":[{"href":"https:\/\/www.europesays.com\/fr\/wp-json\/wp\/v2\/posts\/165659","targetHints":{"allow":["GET"]}}],"collection":[{"href":"https:\/\/www.europesays.com\/fr\/wp-json\/wp\/v2\/posts"}],"about":[{"href":"https:\/\/www.europesays.com\/fr\/wp-json\/wp\/v2\/types\/post"}],"author":[{"embeddable":true,"href":"https:\/\/www.europesays.com\/fr\/wp-json\/wp\/v2\/users\/2"}],"replies":[{"embeddable":true,"href":"https:\/\/www.europesays.com\/fr\/wp-json\/wp\/v2\/comments?post=165659"}],"version-history":[{"count":0,"href":"https:\/\/www.europesays.com\/fr\/wp-json\/wp\/v2\/posts\/165659\/revisions"}],"wp:featuredmedia":[{"embeddable":true,"href":"https:\/\/www.europesays.com\/fr\/wp-json\/wp\/v2\/media\/165660"}],"wp:attachment":[{"href":"https:\/\/www.europesays.com\/fr\/wp-json\/wp\/v2\/media?parent=165659"}],"wp:term":[{"taxonomy":"category","embeddable":true,"href":"https:\/\/www.europesays.com\/fr\/wp-json\/wp\/v2\/categories?post=165659"},{"taxonomy":"post_tag","embeddable":true,"href":"https:\/\/www.europesays.com\/fr\/wp-json\/wp\/v2\/tags?post=165659"}],"curies":[{"name":"wp","href":"https:\/\/api.w.org\/{rel}","templated":true}]}}