{"id":165669,"date":"2025-06-10T12:40:14","date_gmt":"2025-06-10T12:40:14","guid":{"rendered":"https:\/\/www.europesays.com\/fr\/165669\/"},"modified":"2025-06-10T12:40:14","modified_gmt":"2025-06-10T12:40:14","slug":"en-direct-ukraine-3-morts-dans-de-nouvelles-frappes-russes-sur-kiev-et-odessa","status":"publish","type":"post","link":"https:\/\/www.europesays.com\/fr\/165669\/","title":{"rendered":"EN DIRECT &#8211; Ukraine : 3 morts dans de nouvelles frappes russes sur Kiev et Odessa"},"content":{"rendered":"<p>Des attaques a\u00e9riennes russes massives ont vis\u00e9 dans la nuit de lundi \u00e0 mardi les villes ukrainiennes de Kiev et d&rsquo;Odessa, faisant un mort et touchant notamment une maternit\u00e9, ont annonc\u00e9 les autorit\u00e9s locales.<\/p>\n<p>\u00ab\u00a0L&rsquo;ennemi a massivement attaqu\u00e9 Odessa avec des frappes de drones. Des infrastructures civiles ont subi des dommages et il y a des incendies. Les Russes ont touch\u00e9 une maternit\u00e9, une station m\u00e9dicale d&rsquo;urgence et des b\u00e2timents r\u00e9sidentiels\u00a0\u00bb, a indiqu\u00e9 le gouverneur Oleg Kiper, pr\u00e9cisant que la maternit\u00e9 avait pu \u00eatre \u00e9vacu\u00e9e \u00e0 temps.<\/p>\n<p>Par ailleurs, \u00ab\u00a0des b\u00e2timents r\u00e9sidentiels ont \u00e9t\u00e9 d\u00e9truits et endommag\u00e9s dans le centre d&rsquo;Odessa. Un homme de 59 ans a \u00e9t\u00e9 tu\u00e9\u00a0\u00bb, a ajout\u00e9 ce responsable, faisant \u00e9tat par ailleurs d&rsquo;au moins quatre bless\u00e9s.<\/p>\n","protected":false},"excerpt":{"rendered":"Des attaques a\u00e9riennes russes massives ont vis\u00e9 dans la nuit de lundi \u00e0 mardi les villes ukrainiennes de&hellip;\n","protected":false},"author":2,"featured_media":165670,"comment_status":"","ping_status":"","sticky":false,"template":"","format":"standard","meta":{"footnotes":""},"categories":[1591],"tags":[1111,11,1921,1887,28083,1922,1916,12,1885,1886,132,220,133,1920],"class_list":{"0":"post-165669","1":"post","2":"type-post","3":"status-publish","4":"format-standard","5":"has-post-thumbnail","7":"category-russie","8":"tag-actu","9":"tag-actualites","10":"tag-article-video","11":"tag-federation-de-russie","12":"tag-guerre-en-ukraine-une-treve-sera-t-elle-possible","13":"tag-info","14":"tag-moscou","15":"tag-news","16":"tag-russia","17":"tag-russian-federation","18":"tag-russie","19":"tag-ukraine","20":"tag-video","21":"tag-video-international"},"share_on_mastodon":{"url":"https:\/\/pubeurope.com\/@fr\/114659120031325047","error":""},"_links":{"self":[{"href":"https:\/\/www.europesays.com\/fr\/wp-json\/wp\/v2\/posts\/165669","targetHints":{"allow":["GET"]}}],"collection":[{"href":"https:\/\/www.europesays.com\/fr\/wp-json\/wp\/v2\/posts"}],"about":[{"href":"https:\/\/www.europesays.com\/fr\/wp-json\/wp\/v2\/types\/post"}],"author":[{"embeddable":true,"href":"https:\/\/www.europesays.com\/fr\/wp-json\/wp\/v2\/users\/2"}],"replies":[{"embeddable":true,"href":"https:\/\/www.europesays.com\/fr\/wp-json\/wp\/v2\/comments?post=165669"}],"version-history":[{"count":0,"href":"https:\/\/www.europesays.com\/fr\/wp-json\/wp\/v2\/posts\/165669\/revisions"}],"wp:featuredmedia":[{"embeddable":true,"href":"https:\/\/www.europesays.com\/fr\/wp-json\/wp\/v2\/media\/165670"}],"wp:attachment":[{"href":"https:\/\/www.europesays.com\/fr\/wp-json\/wp\/v2\/media?parent=165669"}],"wp:term":[{"taxonomy":"category","embeddable":true,"href":"https:\/\/www.europesays.com\/fr\/wp-json\/wp\/v2\/categories?post=165669"},{"taxonomy":"post_tag","embeddable":true,"href":"https:\/\/www.europesays.com\/fr\/wp-json\/wp\/v2\/tags?post=165669"}],"curies":[{"name":"wp","href":"https:\/\/api.w.org\/{rel}","templated":true}]}}