{"id":165677,"date":"2025-06-10T12:44:09","date_gmt":"2025-06-10T12:44:09","guid":{"rendered":"https:\/\/www.europesays.com\/fr\/165677\/"},"modified":"2025-06-10T12:44:09","modified_gmt":"2025-06-10T12:44:09","slug":"tyrannie-politique-en-allemagne-un-collaborateur-de-longue-date-de-lafd-interdit-de-devenir-juriste-a-cause-dun-roman-de-fiction","status":"publish","type":"post","link":"https:\/\/www.europesays.com\/fr\/165677\/","title":{"rendered":"Tyrannie politique en Allemagne. Un collaborateur de longue date de l\u2019AfD interdit de devenir juriste \u00e0 cause d&rsquo;un roman&#8230;de fiction"},"content":{"rendered":"<p>Le <a href=\"https:\/\/blog.jungeuropa.de\/blog\/2025\/06\/10\/pressemitteilung-zur-berichterstattung-ueber-john-hoewer\/\" rel=\"nofollow noopener\" target=\"_blank\">tribunal administratif de Coblence<\/a> (Allemagne) a rendu une d\u00e9cision retentissante en refusant <a href=\"https:\/\/www.t-online.de\/nachrichten\/deutschland\/gesellschaft\/id_100758868\/afd-aktivist-darf-nicht-anwalt-werden-juristen-ausbildung-verweigert.html\" rel=\"nofollow noopener\" target=\"_blank\">\u00e0 John Hoewer<\/a>, un collaborateur de longue date du parti Alternative f\u00fcr Deutschland (AfD), l\u2019acc\u00e8s \u00e0 la formation de juriste (Referendariat), \u00e9tape indispensable pour devenir avocat, juge ou procureur. Cette d\u00e9cision arbitraire, fond\u00e9e sur des textes issues d\u2019un roman fiction et jug\u00e9s contraires \u00e0 la dignit\u00e9 humaine et sur ses liens avec des organisations d\u2019extr\u00eame droite, soul\u00e8ve des questions sur la libert\u00e9 d\u2019expression, la \u00ab\u00a0d\u00e9mocratie d\u00e9fensive\u00a0\u00bb allemande et les limites impos\u00e9es aux individus affili\u00e9s \u00e0 des mouvements identitaires ou patriotes.<\/p>\n<p>Un parcours marqu\u00e9 par l\u2019engagement identitaire<\/p>\n<p>John Hoewer, \u00e2g\u00e9 de 38 ans, travaille pour l\u2019AfD depuis au moins 2017. Il a occup\u00e9 des postes de r\u00e9f\u00e9rent au sein de la fraction r\u00e9gionale de l\u2019AfD en Saxe-Anhalt, puis aupr\u00e8s de l\u2019ancien d\u00e9put\u00e9 f\u00e9d\u00e9ral Frank Pasemann. Depuis, il est collaborateur du d\u00e9put\u00e9 Sebastian M\u00fcnzenmaier, vice-pr\u00e9sident de l\u2019AfD au Bundestag. Parall\u00e8lement, Hoewer a \u00e9t\u00e9 vice-pr\u00e9sident de l\u2019association \u00ab\u00a0Ein Prozent\u00a0\u00bb, class\u00e9e comme \u00ab\u00a0s\u00fbrement extr\u00e9miste de droite\u00a0\u00bb par l\u2019Office f\u00e9d\u00e9ral de protection de la Constitution, et membre de la \u00ab\u00a0Junge Alternative\u00a0\u00bb, la branche jeunesse de l\u2019AfD.<\/p>\n<p>Ses activit\u00e9s ne se limitent pas \u00e0 la politique. Hoewer est \u00e9galement \u00e9crivain et a publi\u00e9 le roman <a href=\"https:\/\/www.jungeuropa.de\/jungeuropa\/201\/europapowerbrutal\" rel=\"nofollow noopener\" target=\"_blank\"><strong>EuropaPowerbrutal<\/strong><\/a> (2021, Jungeuropa Verlag), dont le contenu a jou\u00e9 un r\u00f4le central dans la d\u00e9cision du tribunal. Dans ce livre, le narrateur (personnage invent\u00e9 par l\u2019auteur donc, et non pas l\u2019auteur lui m\u00eame) \u00e9voque une s\u00e9gr\u00e9gation ethnique, comparant les groupes ethniques \u00e0 des \u00ab\u00a0nouilles et pommes de terre\u00a0\u00bb qu\u2019il ne faudrait pas m\u00e9langer. Des passages du roman ont \u00e9t\u00e9 jug\u00e9s par le tribunal comme incompatibles avec la dignit\u00e9 humaine garantie par la Constitution allemande.<\/p>\n<p><img fetchpriority=\"high\" decoding=\"async\" class=\"alignnone  wp-image-247996\" src=\"data:image\/svg+xml,%3Csvg%20xmlns=\" http:=\"\" alt=\"\" width=\"670\" height=\"670\" data-lazy- data-lazy- data-lazy-src=\"https:\/\/www.europesays.com\/fr\/wp-content\/uploads\/2025\/06\/europa.jpg\"\/><\/p>\n<p>Une d\u00e9cision fond\u00e9e sur la \u00ab\u00a0d\u00e9mocratie d\u00e9fensive\u00a0\u00bb<\/p>\n<p>Le tribunal de Coblence a justifi\u00e9 son refus en invoquant le principe de la \u00ab\u00a0d\u00e9mocratie d\u00e9fensive\u00a0\u00bb (wehrhafte Demokratie), qui permet \u00e0 l\u2019\u00c9tat de se prot\u00e9ger contre ceux qui menacent l\u2019ordre d\u00e9mocratique. Selon les juges, l\u2019\u00c9tat n\u2019est pas tenu d\u2019admettre dans la fonction publique ou dans des formations sensibles des individus qui ne respectent pas les principes fondamentaux de la Constitution. Hoewer, par ses \u00e9crits et ses affiliations, ne remplirait pas les \u00ab\u00a0exigences minimales de fid\u00e9lit\u00e9 \u00e0 la Constitution\u00a0\u00bb (Verfassungstreuepflicht).<\/p>\n<p>Le tribunal a \u00e9galement relev\u00e9 que Hoewer a tent\u00e9, peu avant l\u2019audience, de se dissocier de ses engagements pass\u00e9s, notamment en quittant ses fonctions au sein d\u2019\u00a0\u00bbEin Prozent\u00a0\u00bb et de la \u00ab\u00a0Junge Alternative\u00a0\u00bb. Ces d\u00e9marches ont \u00e9t\u00e9 jug\u00e9es \u00ab\u00a0purement tactiques\u00a0\u00bb et insuffisantes pour d\u00e9montrer un r\u00e9el changement de position.<\/p>\n<p>Un pr\u00e9c\u00e9dent inqui\u00e9tant ?<\/p>\n<p>Cette d\u00e9cision est in\u00e9dite \u00e0 plusieurs \u00e9gards. C\u2019est la premi\u00e8re fois qu\u2019un roman de fiction sert de base principale pour refuser \u00e0 un individu l\u2019acc\u00e8s \u00e0 une profession juridique. Hoewer, qui n\u2019a pas de casier judiciaire et n\u2019a pas \u00e9t\u00e9 condamn\u00e9 pour des actes anticonstitutionnels, se voit ainsi frapp\u00e9 d\u2019une forme d\u2019interdiction professionnelle. Cette affaire rappelle les d\u00e9bats autour du Radikalenerlass des ann\u00e9es 1970, une mesure visant \u00e0 exclure des fonctionnaires soup\u00e7onn\u00e9s d\u2019extr\u00e9misme.<\/p>\n<p>Pour les critiques, cette d\u00e9cision pourrait ouvrir la voie \u00e0 une censure indirecte des \u0153uvres litt\u00e9raires et \u00e0 une restriction des libert\u00e9s pour les individus affili\u00e9s \u00e0 des mouvements politiques controvers\u00e9s. D\u2019un autre c\u00f4t\u00e9, les d\u00e9fenseurs de la \u00ab\u00a0d\u00e9mocratie d\u00e9fensive\u00a0\u00bb estiment que l\u2019\u00c9tat a le devoir de prot\u00e9ger l\u2019int\u00e9grit\u00e9 de ses institutions, notamment la justice, contre des individus susceptibles de poursuivre des objectifs anticonstitutionnels.<\/p>\n<p>Sebastian M\u00fcnzenmaier, l\u2019employeur actuel de Hoewer, a refus\u00e9 de commenter directement l\u2019affaire, invoquant des raisons de confidentialit\u00e9. Il a toutefois propos\u00e9 un d\u00e9bat plus large sur les mesures prises contre l\u2019AfD, telles que les interdictions professionnelles ou les fermetures de comptes bancaires. La d\u00e9cision du tribunal est d\u00e9finitive, aucune plainte n\u2019ayant \u00e9t\u00e9 d\u00e9pos\u00e9e aupr\u00e8s de la cour sup\u00e9rieure.<\/p>\n<p>Cette affaire intervient dans un contexte de tensions croissantes en Allemagne autour de l\u2019AfD, un parti pers\u00e9cut\u00e9 par les autorit\u00e9s allemandes alors m\u00eame qu\u2019il est le deuxi\u00e8me parti politique du pays, le premier dans toute une partie de l\u2019Allemagne de l\u2019Est. Elle pose des questions fondamentales : jusqu\u2019o\u00f9 l\u2019\u00c9tat peut-il aller contre la volont\u00e9 de son propre peuple ? Les \u00e9crits de fiction doivent-ils \u00eatre utilis\u00e9s pour juger de la loyaut\u00e9 constitutionnelle d\u2019un individu ?<\/p>\n<p>En Allemagne, comme au Royaume-Uni, comme en France, les autorit\u00e9s jouent manifestement, jour apr\u00e8s jour, contre leur propre peuple. Le r\u00e9veil risque d\u2019\u00eatre brutal.<\/p>\n<p>Cr\u00e9dit photo : DR (photo d\u2019illustration)<br \/>[cc] Breizh-info.com, 2025, d\u00e9p\u00eaches libres de copie et de diffusion sous r\u00e9serve de mention et de lien vers la source d\u2019origine<\/p>\n","protected":false},"excerpt":{"rendered":"Le tribunal administratif de Coblence (Allemagne) a rendu une d\u00e9cision retentissante en refusant \u00e0 John Hoewer, un collaborateur&hellip;\n","protected":false},"author":2,"featured_media":165678,"comment_status":"","ping_status":"","sticky":false,"template":"","format":"standard","meta":{"footnotes":""},"categories":[1587],"tags":[11,1862,672,1804,1805,1803,1777,674,1801,29912,12,1802],"class_list":{"0":"post-165677","1":"post","2":"type-post","3":"status-publish","4":"format-standard","5":"has-post-thumbnail","7":"category-allemagne","8":"tag-actualites","9":"tag-afd","10":"tag-allemagne","11":"tag-bundesrepublik-deutschland","12":"tag-de","13":"tag-deutschland","14":"tag-eu","15":"tag-europe","16":"tag-germany","17":"tag-john-hoewer","18":"tag-news","19":"tag-republique-federale-dallemagne"},"share_on_mastodon":{"url":"https:\/\/pubeurope.com\/@fr\/114659135671039484","error":""},"_links":{"self":[{"href":"https:\/\/www.europesays.com\/fr\/wp-json\/wp\/v2\/posts\/165677","targetHints":{"allow":["GET"]}}],"collection":[{"href":"https:\/\/www.europesays.com\/fr\/wp-json\/wp\/v2\/posts"}],"about":[{"href":"https:\/\/www.europesays.com\/fr\/wp-json\/wp\/v2\/types\/post"}],"author":[{"embeddable":true,"href":"https:\/\/www.europesays.com\/fr\/wp-json\/wp\/v2\/users\/2"}],"replies":[{"embeddable":true,"href":"https:\/\/www.europesays.com\/fr\/wp-json\/wp\/v2\/comments?post=165677"}],"version-history":[{"count":0,"href":"https:\/\/www.europesays.com\/fr\/wp-json\/wp\/v2\/posts\/165677\/revisions"}],"wp:featuredmedia":[{"embeddable":true,"href":"https:\/\/www.europesays.com\/fr\/wp-json\/wp\/v2\/media\/165678"}],"wp:attachment":[{"href":"https:\/\/www.europesays.com\/fr\/wp-json\/wp\/v2\/media?parent=165677"}],"wp:term":[{"taxonomy":"category","embeddable":true,"href":"https:\/\/www.europesays.com\/fr\/wp-json\/wp\/v2\/categories?post=165677"},{"taxonomy":"post_tag","embeddable":true,"href":"https:\/\/www.europesays.com\/fr\/wp-json\/wp\/v2\/tags?post=165677"}],"curies":[{"name":"wp","href":"https:\/\/api.w.org\/{rel}","templated":true}]}}