{"id":165700,"date":"2025-06-10T12:59:09","date_gmt":"2025-06-10T12:59:09","guid":{"rendered":"https:\/\/www.europesays.com\/fr\/165700\/"},"modified":"2025-06-10T12:59:09","modified_gmt":"2025-06-10T12:59:09","slug":"lors-de-la-visite-nocturne-de-deux-hommes-a-son-domicile-christophe-beaugrand-sauve-par-un-membre-de-la-famille","status":"publish","type":"post","link":"https:\/\/www.europesays.com\/fr\/165700\/","title":{"rendered":"Lors de la visite nocturne de deux hommes \u00e0 son domicile, Christophe Beaugrand sauv\u00e9 par un membre de la famille !"},"content":{"rendered":"<p>Deux hommes se sont introduits au domicile de Christophe Beaugrand en r\u00e9gion parisienne, alors que l&rsquo;animateur \u00e9tait pr\u00e9sent avec son mari et leur fils. Quelques jours apr\u00e8s les faits, Ghislain, sa moiti\u00e9, raconte avoir \u00e9t\u00e9 sauv\u00e9 par un membre de la famille.<\/p>\n<p>Apr\u00e8s <a href=\"https:\/\/www.purepeople.com\/people\/nabilla_p2657\" rel=\"nofollow noopener\" target=\"_blank\" data-ylk=\"slk:Nabilla;elm:context_link;itc:0;sec:content-canvas\" class=\"link \">Nabilla<\/a> qui avait \u00e9t\u00e9 <a href=\"https:\/\/www.purepeople.com\/article\/cambriolage-de-nabilla-a-son-mariage-thomas-vergara-degoute-brise-le-silence_a444310\/1\" rel=\"nofollow noopener\" target=\"_blank\" data-ylk=\"slk:cambriol\u00e9e le soir de son mariage avec Thomas;elm:context_link;itc:0;sec:content-canvas\" class=\"link \">cambriol\u00e9e le soir de son mariage avec Thomas<\/a> dans le superbe ch\u00e2teau de Chantilly ou encore <a href=\"https:\/\/fr.news.yahoo.com\/jean-luc-reichmann-domicile-%C3%A0-073100000.html\" data-ylk=\"slk:Jean-Luc Reichmann, victime d&#039;une tentative de home-jacking;elm:context_link;itc:0;sec:content-canvas;outcm:mb_qualified_link;_E:mb_qualified_link;ct:story;\" class=\"link  yahoo-link\" target=\"_blank\" rel=\"noopener\">Jean-Luc Reichmann, victime d&rsquo;une tentative de home-jacking<\/a> \u00e0 son domicile de Neuilly-sur-Seine, c&rsquo;est une autre personnalit\u00e9 qui a eu la visite nocturne de malfaiteurs. Il s&rsquo;agit de <a href=\"https:\/\/www.purepeople.com\/people\/christophe-beaugrand_p264366\" rel=\"nofollow noopener\" target=\"_blank\" data-ylk=\"slk:Christophe Beaugrand;elm:context_link;itc:0;sec:content-canvas\" class=\"link \"><strong>Christophe Beaugrand<\/strong><\/a>. L&rsquo;animateur de Secret Story \u00e9galement chroniqueur de Bruce Toussaint dans Bonjour !, la matinale de TF1, a \u00e9t\u00e9 <a href=\"https:\/\/fr.news.yahoo.com\/christophe-beaugrand-mari-ghislain-fils-084400726.html\" data-ylk=\"slk:victime d&#039;un cambriolage alors qu&#039;il se trouvait dans sa maison de S\u00e8vres;elm:context_link;itc:0;sec:content-canvas;outcm:mb_qualified_link;_E:mb_qualified_link;ct:story;\" class=\"link  yahoo-link\" target=\"_blank\" rel=\"noopener\">victime d&rsquo;un cambriolage alors qu&rsquo;il se trouvait dans sa maison de S\u00e8vres<\/a> (Hauts-de-Seine) en compagnie de son mari Ghislain G\u00e9rin et de leur fils <a href=\"https:\/\/www.purepeople.com\/article\/christophe-beaugrand-papa-les-dessous-de-la-naissance-de-valentin-ne-par-gpa_a362906\/1\" rel=\"nofollow noopener\" target=\"_blank\" data-ylk=\"slk:Valentin, n\u00e9 par GPA en 2019 aux Etats-Unis;elm:context_link;itc:0;sec:content-canvas\" class=\"link \">Valentin, n\u00e9 par GPA en 2019 aux Etats-Unis<\/a>. Depuis, le couple a donn\u00e9 de ses nouvelles.<\/p>\n<p>Lundi 9 juin, Ghislain G\u00e9rin s&rsquo;est saisi de son compte Instagram. L&rsquo;occasion pour lui de partager une photo sur laquelle il apparait souriant aupr\u00e8s de sa chienne pr\u00e9nomm\u00e9e Madame. \u00ab\u00a0Merci \u00e0 elle\u00a0\u00bb, \u00e9crit-il. Et d&rsquo;expliquer le pourquoi de ce message de remerciement : \u00ab\u00a0<strong>Notre chienne, Madame, nous a r\u00e9veill\u00e9 par ses aboiements<\/strong> lors du home-jacking. Gr\u00e2ce \u00e0 elle, nous avons pu agir en cons\u00e9quence. Plus que jamais elle fait partie de notre famille.\u00a0\u00bb L&rsquo;animal, qui a fait son arriv\u00e9e \u00e0 la maison en ao\u00fbt 2018, a donc jou\u00e9 un r\u00f4le important dans la nuit du mercredi 4 au jeudi 5 juin dernier, lorsque deux hommes se sont introduits au sein du domicile familial. En commentaires, les internautes sont nombreux \u00e0 souligner que le chien reste le meilleur ami de l&rsquo;homme&#8230; mais aussi une alarme naturelle sans faille (ou presque). La tribu peut compter sur ses amis \u00e0 poils : r\u00e9cemment, <a href=\"https:\/\/fr.news.yahoo.com\/apr%C3%A8s-l%C3%A9pisode-nocturne-quil-noubliera-062400770.html\" data-ylk=\"slk:Smocky, leur chat, a fait son retour \u00e0 la maison apr\u00e8s 24h d&#039;errance;elm:context_link;itc:0;sec:content-canvas;outcm:mb_qualified_link;_E:mb_qualified_link;ct:story;\" class=\"link  yahoo-link\" target=\"_blank\" rel=\"noopener\">Smocky, leur chat, a fait son retour \u00e0 la maison apr\u00e8s 24h d&rsquo;errance<\/a>.<\/p>\n<p>Christophe Beaugrand : Poignet cass\u00e9 et plusieurs points de suture \u00e0 la t\u00eate pour son mari Ghislain<\/p>\n<p>La nuit a \u00e9t\u00e9 particuli\u00e8rement traumatisante pour l&rsquo;heureuse petite famille. Lorsque le couple a r\u00e9alis\u00e9 que deux hommes \u00e9taient dans leur maison, Ghislain G\u00e9rin a tent\u00e9 d&rsquo;appeler la police depuis le balcon. Mais les malfaiteurs l&rsquo;ont intercept\u00e9 et lui ont ass\u00e9n\u00e9 plusieurs coups \u00e0 la t\u00eate. Il a fini par tomber du balcon, faisant une chute d&rsquo;environ trois m\u00e8tres de haut. R\u00e9sultat, <a href=\"https:\/\/fr.style.yahoo.com\/heures-apr%C3%A8s-visite-nocturne-2-163200872.html\" data-ylk=\"slk:l&#039;\u00e9poux de Christophe Beaugrand a \u00e9t\u00e9 admis \u00e0 l&#039;h\u00f4pital;elm:context_link;itc:0;sec:content-canvas;outcm:mb_qualified_link;_E:mb_qualified_link;ct:story;\" class=\"link  yahoo-link\" target=\"_blank\" rel=\"noopener\">l&rsquo;\u00e9poux de Christophe Beaugrand a \u00e9t\u00e9 admis \u00e0 l&rsquo;h\u00f4pital<\/a>. Le journaliste de 36 ans a \u00e9t\u00e9 op\u00e9r\u00e9 apr\u00e8s l&rsquo;horreur qui lui a valu un poignet cass\u00e9 et des points de suture \u00e0 la t\u00eate. De son c\u00f4t\u00e9, Christophe Beaugrand a fonc\u00e9 dans la chambre de leur fils Valentin dans le but de s&rsquo;enfuir avec lui si la situation d\u00e9g\u00e9n\u00e9rait. Depuis, le parquet de Nanterre a ouvert <strong>une enqu\u00eate &#8211; confi\u00e9e \u00e0 la brigade de s\u00fbret\u00e9 territoriale des Hauts-de-Seine &#8211; pour \u00ab\u00a0<\/strong><strong>vol aggrav\u00e9<\/strong><strong>\u00a0\u00bb et \u00ab\u00a0<\/strong><strong>violences aggrav\u00e9es<\/strong><strong>\u00ab\u00a0<\/strong>.<\/p>\n<p><a href=\"https:\/\/www.purepeople.com\/article\/grace-a-elle-nous-avons-pu-agir-lors-de-la-visite-nocturne-de-deux-hommes-a-son-domicile-christophe-beaugrand-sauve-par-un-membre-de-la-famille_a539116\/1\" rel=\"nofollow noopener\" target=\"_blank\" data-ylk=\"slk:Article original sur Purepeople;elm:context_link;itc:0;sec:content-canvas\" class=\"link \">Article original sur Purepeople<\/a><\/p>\n","protected":false},"excerpt":{"rendered":"Deux hommes se sont introduits au domicile de Christophe Beaugrand en r\u00e9gion parisienne, alors que l&rsquo;animateur \u00e9tait pr\u00e9sent&hellip;\n","protected":false},"author":2,"featured_media":165701,"comment_status":"","ping_status":"","sticky":false,"template":"","format":"standard","meta":{"footnotes":""},"categories":[1359],"tags":[6779,5410,58,59,1011,27,29913,29914,29916,973,29915],"class_list":{"0":"post-165700","1":"post","2":"type-post","3":"status-publish","4":"format-standard","5":"has-post-thumbnail","7":"category-people","8":"tag-bruce-toussaint","9":"tag-christophe-beaugrand","10":"tag-divertissement","11":"tag-entertainment","12":"tag-fr","13":"tag-france","14":"tag-ghislain","15":"tag-ghislain-gerin","16":"tag-message-de-remerciement","17":"tag-people","18":"tag-son-mari"},"share_on_mastodon":{"url":"https:\/\/pubeurope.com\/@fr\/114659194631065185","error":""},"_links":{"self":[{"href":"https:\/\/www.europesays.com\/fr\/wp-json\/wp\/v2\/posts\/165700","targetHints":{"allow":["GET"]}}],"collection":[{"href":"https:\/\/www.europesays.com\/fr\/wp-json\/wp\/v2\/posts"}],"about":[{"href":"https:\/\/www.europesays.com\/fr\/wp-json\/wp\/v2\/types\/post"}],"author":[{"embeddable":true,"href":"https:\/\/www.europesays.com\/fr\/wp-json\/wp\/v2\/users\/2"}],"replies":[{"embeddable":true,"href":"https:\/\/www.europesays.com\/fr\/wp-json\/wp\/v2\/comments?post=165700"}],"version-history":[{"count":0,"href":"https:\/\/www.europesays.com\/fr\/wp-json\/wp\/v2\/posts\/165700\/revisions"}],"wp:featuredmedia":[{"embeddable":true,"href":"https:\/\/www.europesays.com\/fr\/wp-json\/wp\/v2\/media\/165701"}],"wp:attachment":[{"href":"https:\/\/www.europesays.com\/fr\/wp-json\/wp\/v2\/media?parent=165700"}],"wp:term":[{"taxonomy":"category","embeddable":true,"href":"https:\/\/www.europesays.com\/fr\/wp-json\/wp\/v2\/categories?post=165700"},{"taxonomy":"post_tag","embeddable":true,"href":"https:\/\/www.europesays.com\/fr\/wp-json\/wp\/v2\/tags?post=165700"}],"curies":[{"name":"wp","href":"https:\/\/api.w.org\/{rel}","templated":true}]}}