{"id":165706,"date":"2025-06-10T13:02:23","date_gmt":"2025-06-10T13:02:23","guid":{"rendered":"https:\/\/www.europesays.com\/fr\/165706\/"},"modified":"2025-06-10T13:02:23","modified_gmt":"2025-06-10T13:02:23","slug":"apolline-se-reveille-augustin-passe-aux-aveux-gabriel-invite-axel-et-chloe-est-rattrapee-par-son-passe-le-resume-de-lepisode-352-du-mercredi-11-juin-2025","status":"publish","type":"post","link":"https:\/\/www.europesays.com\/fr\/165706\/","title":{"rendered":"Apolline se r\u00e9veille, Augustin passe aux aveux, Gabriel invite Axel et Chlo\u00e9 est rattrap\u00e9e par son pass\u00e9&#8230; Le r\u00e9sum\u00e9 de l\u2019\u00e9pisode 352 du mercredi 11 juin 2025"},"content":{"rendered":"<p>Apolline est saine et sauve, Augustin avoue avoir tir\u00e9 sur Caroline Vasseur, Gabriel se rapproche d&rsquo;Axel et Chlo\u00e9 se retrouve dans l\u2019embarras&#8230; D\u00e9couvrez en avance ce qui vous attend dans l&rsquo;\u00e9pisode 352 de Plus belle la vie, encore plus belle, diffus\u00e9 ce mardi 10 juin 2025.<\/p>\n<p><b>Dans l&rsquo;\u00e9pisode 352 de<\/b><b> <\/b><a href=\"https:\/\/www.programme-tv.net\/news\/series-tv\/332492-plus-belle-la-vie-date-de-retour-horaire-casting-intrigue-tout-ce-quil-faut-savoir-sur-la-nouvelle-serie-de-tf1\/\" data-api-deeplink=\"teleloisirs:\/\/news\/332492\" target=\"_blank\" rel=\"noopener\"><b>Plus belle la vie, encore plus belle<\/b><\/a><b>,<\/b><b> diffus\u00e9 ce mercredi 11 juin 2025<\/b> et<a href=\"https:\/\/www.programme-tv.net\/news\/series-tv\/344072-plus-belle-la-vie-encore-plus-belle-en-streaming-ou-regarder-la-nouvelle-serie-de-tf1-en-replay\/\" data-api-deeplink=\"teleloisirs:\/\/news\/344072\" target=\"_blank\" rel=\"noopener\"> disponible sur TF1+<\/a>, Ulysse et Morgane sont au chevet d&rsquo;Apolline. Ils sont tr\u00e8s inquiets pour la jeune femme. Quelques minutes apr\u00e8s leur arriv\u00e9e, l&rsquo;\u00e9tudiante en droit ouvre enfin les yeux et parvient \u00e0 prononcer quelques mots : \u00ab\u00a0J&rsquo;ai hyper mal !\u00a0\u00bb Le fils de Vanessa s&#8217;empresse de partir \u00e0 la recherche d&rsquo;un m\u00e9decin&#8230;<\/p>\n<p>Plus belle la vie en avance : Augustin passe aux aveux&#8230;<\/p>\n<p>Un peu plus tard dans la journ\u00e9e, Jean-Paul retrouve Apolline \u00e0 l&rsquo;h\u00f4pital, et l&rsquo;interroge sur les Barral.   Ulysse d\u00e9barque et les interrompt : \u00ab\u00a0Commandant Boher ? Mais qu&rsquo;est-ce que vous faites ici ? Vous \u00eates en train d&rsquo;interroger ma cliente ? Je vous demande de bien vouloir reporter votre petite entrevue. Elle est tr\u00e8s fatigu\u00e9e.\u00a0\u00bb <a href=\"https:\/\/www.programme-tv.net\/news\/series-tv\/288139-stephane-henon-prime-de-plus-belle-la-vie-la-naissance-du-bebe-va-rapprocher-lea-et-boher\/\" data-api-deeplink=\"teleloisirs:\/\/news\/288139\" target=\"_blank\" rel=\"noopener\">L&rsquo;\u00e9poux de L\u00e9a<\/a> tente de n\u00e9gocier. En vain ! Ma\u00eetre Kepler souhaite pr\u00e9server la sant\u00e9 de son amie&#8230; Jean-Paul retourne au commissariat du Mistral et s&#8217;empresse d&rsquo;interroger Augustin : \u00ab\u00a0Votre p\u00e8re a-t-il pouss\u00e9 Apolline ? Il nous explique qu&rsquo;il s&rsquo;agit d&rsquo;un accident apr\u00e8s une engueulade.\u00a0\u00bb Augustin d\u00e9ment fermement : \u00ab\u00a0Non. C&rsquo;est faux. Il l&rsquo;a pouss\u00e9 sous mes yeux !\u00a0\u00bb Jean-Paul est sceptique&#8230; Ce dernier profite de cet interrogatoire pour lui poser quelques questions sur ses activit\u00e9s du 19 mai 2025 : \u00ab\u00a0Pourquoi est-ce que votre p\u00e8re r\u00e9agit-il comme \u00e7a ? Cherche-t-il \u00e0 vous prot\u00e9ger ? Est-ce qu&rsquo;Apolline vous a vu tirer sur Caroline Vasseur ? A-t-il eu peur qu&rsquo;elle vous d\u00e9nonce \u00e0 la police ?\u00a0\u00bb Face \u00e0 un tel interrogatoire, Augustin panique et reconnait avoir tir\u00e9 accidentellement sur cette femme&#8230; Mais explique qu&rsquo;Apolline n&rsquo;\u00e9tait pas pr\u00e9sente ce jour-l\u00e0 !<\/p>\n<p>                        Plus belle la vie en avance : Gabriel propose un verre \u00e0 Axel !<\/p>\n<p>Au petit matin, L\u00e9a retrouve Gabriel, et la jeune m\u00e9decin, <a href=\"https:\/\/www.programme-tv.net\/news\/series-tv\/368428-plus-belle-la-vie-on-va-suivre-toutes-les-etapes-du-cancer-de-lea-marie-hennerez-en-dit-plus-sur-le-drame-qui-va-toucher-son-personnage\/\" data-api-deeplink=\"teleloisirs:\/\/news\/368428\" target=\"_blank\" rel=\"noopener\">atteinte d&rsquo;un cancer du cerveau<\/a>, lui fait une demande particuli\u00e8re : \u00ab\u00a0J&rsquo;ai beaucoup r\u00e9fl\u00e9chi cette nuit. Je pense que tu devrais parler \u00e0 Axel. Dis-lui ce que tu ressens !\u00a0\u00bb <a href=\"https:\/\/www.programme-tv.net\/news\/series-tv\/375468-enfin-thomas-et-gabriel-enterrent-la-hache-de-guerre-joakim-latzko-plus-belle-la-vie-se-confie-sur-le-divorce-a-l-amiable-de-leurs-personnages\/\" data-api-deeplink=\"teleloisirs:\/\/news\/375468\" target=\"_blank\" rel=\"noopener\">L&rsquo;ex-\u00e9poux de Thomas <\/a>est assez sceptique. Il a peur de se prendre un r\u00e2teau ! Quelques heures plus tard, Gabriel prend son courage \u00e0 deux mains, et lui envoie un message vocal : \u00ab\u00a0Je sors d&rsquo;une p\u00e9riode compliqu\u00e9e. Je sais que j&rsquo;ai pu vous para\u00eetre un peu \u00e9trange parfois. N\u00e9anmoins, je vous trouve que vous \u00eates dr\u00f4le et charmant, vous avez un sourire vraiment d\u00e9sarmant, vous avez des mains douces&#8230; Bref, est-ce que vous accepteriez de bien vouloir prendre un verre avec moi ?\u00a0\u00bb L&rsquo;homme accepte instantan\u00e9ment cette proposition !<\/p>\n<p>Plus belle la vie en avance : Chlo\u00e9 et Luna partent au clash !<\/p>\n<p>Luna retrouve Chlo\u00e9. La g\u00e9rante du Pavillon des Fleurs doit aborder une situation d\u00e9licate avec la jeune femme. Elle lui explique que Damien l&rsquo;a menac\u00e9e : \u00ab\u00a0J&rsquo;ai crois\u00e9 ton ami. Il ne m&rsquo;a pas sembl\u00e9 fr\u00e9quentable. Il a failli me casser la gueule ! Je m&rsquo;inqui\u00e8te pour toi. Je ne veux surtout pas que ce type t&rsquo;entra\u00eene dans quelque chose d&rsquo;ill\u00e9gal.\u00a0\u00bb L&rsquo;ex-prisonni\u00e8re se braque et met fin \u00e0 la conversation : \u00ab\u00a0Tu commences \u00e0 m&#8217;emmerder Luna !\u00a0\u00bb En fin de journ\u00e9e, la jeune femme interpelle Adrien avec virulence : \u00ab\u00a0Luna, c&rsquo;est MA pote. Pourquoi est-ce que tu l&rsquo;as menac\u00e9e ? Elle est g\u00e9niale et elle m&rsquo;a toujours aid\u00e9e. Tu me saoules ! J&rsquo;ai besoin de son association pour l&rsquo;administratif et pour le gars de l&rsquo;Aide sociale \u00e0 l&rsquo;enfance.\u00a0\u00bb Damien n&rsquo;est pas convaincu par les explications de la jeune femme. Il lui explique qu&rsquo;elle a simplement besoin d&rsquo;argent pour pouvoir r\u00e9cup\u00e9rer sa fille. Le jeune homme est pr\u00eat \u00e0 lui porter secours ! Quitte \u00e0 faire des choses ill\u00e9gales&#8230;<\/p>\n","protected":false},"excerpt":{"rendered":"Apolline est saine et sauve, Augustin avoue avoir tir\u00e9 sur Caroline Vasseur, Gabriel se rapproche d&rsquo;Axel et Chlo\u00e9&hellip;\n","protected":false},"author":2,"featured_media":165707,"comment_status":"","ping_status":"","sticky":false,"template":"","format":"standard","meta":{"footnotes":""},"categories":[1356],"tags":[244,58,1367,7313,7312,7314,7315,7316,59,1011,27,5249,1368,7309,7311,7310,252,199,2175,1364],"class_list":{"0":"post-165706","1":"post","2":"type-post","3":"status-publish","4":"format-standard","5":"has-post-thumbnail","7":"category-television","8":"tag-commentaire","9":"tag-divertissement","10":"tag-encore-plus-belle","11":"tag-encore-plus-belle-182024-0120-pm-plug-rtl","12":"tag-encore-plus-belle-192024-1145-am-rts-un","13":"tag-encore-plus-belle-saison-1-52152789","14":"tag-encore-plus-belle-su00e9rie-52152788","15":"tag-encore-plus-belle-le-doc-u00e9vu00e8nement-292024-0905-pm-tfx","16":"tag-entertainment","17":"tag-fr","18":"tag-france","19":"tag-mytf1-max","20":"tag-plus-belle-la-vie","21":"tag-plus-belle-la-vie-en-avance","22":"tag-ru00e9sumu00e9-plus-belle-la-vie","23":"tag-ru00e9sumu00e9-plus-belle-la-vie-en-avance","24":"tag-television","25":"tag-tf1","26":"tag-tl-story","27":"tag-tv"},"share_on_mastodon":{"url":"","error":"Validation failed: Text character limit of 500 exceeded"},"_links":{"self":[{"href":"https:\/\/www.europesays.com\/fr\/wp-json\/wp\/v2\/posts\/165706","targetHints":{"allow":["GET"]}}],"collection":[{"href":"https:\/\/www.europesays.com\/fr\/wp-json\/wp\/v2\/posts"}],"about":[{"href":"https:\/\/www.europesays.com\/fr\/wp-json\/wp\/v2\/types\/post"}],"author":[{"embeddable":true,"href":"https:\/\/www.europesays.com\/fr\/wp-json\/wp\/v2\/users\/2"}],"replies":[{"embeddable":true,"href":"https:\/\/www.europesays.com\/fr\/wp-json\/wp\/v2\/comments?post=165706"}],"version-history":[{"count":0,"href":"https:\/\/www.europesays.com\/fr\/wp-json\/wp\/v2\/posts\/165706\/revisions"}],"wp:featuredmedia":[{"embeddable":true,"href":"https:\/\/www.europesays.com\/fr\/wp-json\/wp\/v2\/media\/165707"}],"wp:attachment":[{"href":"https:\/\/www.europesays.com\/fr\/wp-json\/wp\/v2\/media?parent=165706"}],"wp:term":[{"taxonomy":"category","embeddable":true,"href":"https:\/\/www.europesays.com\/fr\/wp-json\/wp\/v2\/categories?post=165706"},{"taxonomy":"post_tag","embeddable":true,"href":"https:\/\/www.europesays.com\/fr\/wp-json\/wp\/v2\/tags?post=165706"}],"curies":[{"name":"wp","href":"https:\/\/api.w.org\/{rel}","templated":true}]}}