{"id":165708,"date":"2025-06-10T13:03:10","date_gmt":"2025-06-10T13:03:10","guid":{"rendered":"https:\/\/www.europesays.com\/fr\/165708\/"},"modified":"2025-06-10T13:03:10","modified_gmt":"2025-06-10T13:03:10","slug":"elodie-frege-se-confie-sur-les-raisons-pour-lesquelles-elle-a-choisi-de-ne-pas-avoir-denfants","status":"publish","type":"post","link":"https:\/\/www.europesays.com\/fr\/165708\/","title":{"rendered":"\u00c9lodie Fr\u00e9g\u00e9 se confie sur les raisons pour lesquelles elle a choisi de ne pas avoir d\u2019enfants"},"content":{"rendered":"<p>Gagnante de <a href=\"https:\/\/www.programme-tv.net\/news\/tv\/318428-jai-eu-envie-de-me-foutre-en-lair-elodie-frege-revient-sur-sa-grande-solitude-apres-la-star-academy-et-revele-avoir-pense-au-pire\/\" data-api-deeplink=\"teleloisirs:\/\/news\/318428\" target=\"_blank\" rel=\"noopener\">la saison 3 de la Star Academy<\/a>, <a href=\"https:\/\/www.programme-tv.net\/biographie\/35278-frege-elodie\/\" data-link-people=\"cb029e31-32e9-4bd9-b22a-8bae28cba1f9\" target=\"_blank\" rel=\"noopener\">\u00c9lodie Fr\u00e9g\u00e9<\/a> a connu un succ\u00e8s \u00e9clair \u00e0 sa sortie du ch\u00e2teau. Apr\u00e8s avoir sorti quelques albums et rencontr\u00e9 un succ\u00e8s mitig\u00e9, elle se diversifie et appara\u00eet \u00e0 l&rsquo;\u00e9cran, notamment dans Potiche de <a href=\"https:\/\/www.programme-tv.net\/biographie\/10669-ozon-francois\/\" data-link-people=\"24e67b1a-292a-446e-b4b8-da3e0c551ff8\" target=\"_blank\" rel=\"noopener\">Fran\u00e7ois Ozon<\/a>, dans Cassandre et bient\u00f4t dans Meurtres \u00e0 Millau. En dehors des plateaux de tournage et des planches (elle s&rsquo;est \u00e9galement essay\u00e9e au th\u00e9\u00e2tre), on sait bien peu de choses sur la chanteuse devenue actrice. On lui a connu <a href=\"https:\/\/www.programme-tv.net\/news\/musique\/265659-elodie-frege-et-gregory-fitoussi-la-chanteuse-et-le-comedien-se-sont-rencontres-pour-la-premiere-fois-sur-un-tournage\/\" data-api-deeplink=\"teleloisirs:\/\/news\/265659\" target=\"_blank\" rel=\"noopener\">des relations avec Gr\u00e9gory Fitoussi<\/a>, mais aussi Gr\u00e9gory Nicola\u00efdis, mais elle n&rsquo;est pas du genre \u00e0 s&rsquo;\u00e9pancher sur sa vie amoureuse ou personnelle. Dimanche 8 juin 2025, dans <a href=\"https:\/\/www.youtube.com\/watch?v=hYdCJWkbMeU&amp;ab_channel=LaurentBaffie\" target=\"_blank\" rel=\"noopener\">Coloscopie<\/a>, Laurent Baffie est tout de m\u00eame parvenu \u00e0 lui arracher quelques confidences, notamment sur ses envie de maternit\u00e9.<\/p>\n<p>Les confidences d&rsquo;\u00c9lodie Fr\u00e9g\u00e9 sur la maternit\u00e9<\/p>\n<p>\u00c9lodie Fr\u00e9g\u00e9 a c\u00e9l\u00e9br\u00e9 ses 43 ans en f\u00e9vrier dernier. Et l&rsquo;une des questions qui revient souvent en interview porte sur le fait qu&rsquo;elle n&rsquo;a pas d&rsquo;enfant. D\u00e9j\u00e0 en 2018, elle confiait \u00e0 <a href=\"https:\/\/www.youtube.com\/watch?v=ii_Veh0Eiz4&amp;ab_channel=T%C3%A9l%C3%A9-Loisirs\" target=\"_blank\" rel=\"noopener\">T\u00e9l\u00e9-Loisirs<\/a> : \u00ab\u00a0Je pense que chaque femme a le droit de d\u00e9cider de ne pas en avoir et le droit d\u2019en avoir aussi, un ou plusieurs. Souvent, dans cette soci\u00e9t\u00e9, on nous bl\u00e2me parce qu\u2019on dit : &lsquo;Moi pour l\u2019instant je n\u2019ai pas envie d\u2019avoir des enfants&rsquo;. Et c\u2019est vrai qu\u2019\u00e0 36 ans, j\u2019ai \u00e9norm\u00e9ment de copines qui se mettent \u00e0 se rouler par terre en pleurant en voyant une poussette passer. Moi ce n\u2019est pas mon cas, pour l\u2019instant. Ce qui ne veut pas dire que je ne serai pas maman un jour, mais en tout cas je ne bl\u00e2me aucunement les femmes qui ne se sentent pas pousser l\u2019envie d\u2019avoir le ventre rond imm\u00e9diatement\u00a0\u00bb. En poussant un peu plus sa r\u00e9flexion, elle ajoutait : \u00ab\u00a0Et on nous dit l\u2019horloge biologique, tout \u00e7a. Mais il n\u2019y a pas que \u00e7a qui compte dans la vie. Et puis il y a tellement d\u2019enfants abandonn\u00e9s qu\u2019en adopter c\u2019est aussi un tr\u00e8s beau geste et une fa\u00e7on de devenir maman\u00a0\u00bb.<\/p>\n<p>                        Pourquoi \u00c9lodie Fr\u00e9g\u00e9 ne veut-elle pas d&rsquo;enfants ?<\/p>\n<p>Sept ans apr\u00e8s cette d\u00e9claration, l&rsquo;artiste n&rsquo;a semble-t-il pas chang\u00e9 d&rsquo;avis sur la question. Quand son interlocuteur lui demande si c&rsquo;est un choix, elle r\u00e9pond : \u00ab\u00a0Oui et non. C\u2019est vrai que ce n\u2019est pas quelque chose qui m\u2019a obs\u00e9d\u00e9e. [\u2026] Je connais beaucoup de gens qui me disent : &lsquo;Mais moi je l\u2019ai senti en moi, j\u2019ai senti monter cette envie de vivre une maternit\u00e9, d\u2019\u00eatre m\u00e8re&rsquo;. Ou alors je me mens \u00e0 moi-m\u00eame, parce que je savais au fond de moi que j\u2019avais un souci. Je souffre d\u2019endom\u00e9triose donc j\u2019ai quelques difficult\u00e9s. [\u2026] \u00c7a peut provoquer le fait d\u2019\u00eatre infertile. Tu es st\u00e9rile, ou pas. Moi je ne le suis pas\u00a0\u00bb. <a href=\"https:\/\/www.programme-tv.net\/news\/musique\/240074-star-academy-ce-projet-delodie-frege-devrait-fortement-agacer-nolwenn-leroy\/\" data-api-deeplink=\"teleloisirs:\/\/news\/240074\" target=\"_blank\" rel=\"noopener\">Celle qui a succ\u00e9d\u00e9 \u00e0 Nolwenn Leroy<\/a> comme gagnante du c\u00e9l\u00e8bre t\u00e9l\u00e9-crochet de TF1 fait ensuite un aveu surprenant. \u00ab\u00a0L&rsquo;endom\u00e9triose n\u2019emp\u00eache pas forc\u00e9ment de pouvoir avoir des enfants. J\u2019aurais pu en avoir, j\u2019ai certainement cess\u00e9 certaines grossesses dans ma vie. Je ne suis pas oblig\u00e9e d\u2019en parler, mais je suis ravie que ce soit quelque chose qui soit encore possible chez nous en France, de pouvoir avorter. Parce que tu n\u2019as pas envie, ce n\u2019est pas le moment, ce n\u2019est pas la bonne personne, tu as subi un viol, tu n\u2019as pas envie de garder un enfant. On a beaucoup de chance quand je vois ce qu\u2019il se passe ailleurs\u00a0\u00bb. Puis de conclure : \u00ab\u00a0Le monde, la mani\u00e8re dont il se d\u00e9veloppe, ou plut\u00f4t se r\u00e9tracte, sous la puissance humaine, sous la d\u00e9cadence humaine je dirais m\u00eame, \u00e7a ne donne pas envie de faire des enfants\u00a0\u00bb.<\/p>\n","protected":false},"excerpt":{"rendered":"Gagnante de la saison 3 de la Star Academy, \u00c9lodie Fr\u00e9g\u00e9 a connu un succ\u00e8s \u00e9clair \u00e0 sa&hellip;\n","protected":false},"author":2,"featured_media":165709,"comment_status":"","ping_status":"","sticky":false,"template":"","format":"standard","meta":{"footnotes":""},"categories":[1355],"tags":[244,58,1719,59,1011,27,7547,1361,873,1630],"class_list":{"0":"post-165708","1":"post","2":"type-post","3":"status-publish","4":"format-standard","5":"has-post-thumbnail","7":"category-musique","8":"tag-commentaire","9":"tag-divertissement","10":"tag-enfants","11":"tag-entertainment","12":"tag-fr","13":"tag-france","14":"tag-laurent-baffie","15":"tag-music","16":"tag-musique","17":"tag-zapping"},"share_on_mastodon":{"url":"https:\/\/pubeurope.com\/@fr\/114659210419358892","error":""},"_links":{"self":[{"href":"https:\/\/www.europesays.com\/fr\/wp-json\/wp\/v2\/posts\/165708","targetHints":{"allow":["GET"]}}],"collection":[{"href":"https:\/\/www.europesays.com\/fr\/wp-json\/wp\/v2\/posts"}],"about":[{"href":"https:\/\/www.europesays.com\/fr\/wp-json\/wp\/v2\/types\/post"}],"author":[{"embeddable":true,"href":"https:\/\/www.europesays.com\/fr\/wp-json\/wp\/v2\/users\/2"}],"replies":[{"embeddable":true,"href":"https:\/\/www.europesays.com\/fr\/wp-json\/wp\/v2\/comments?post=165708"}],"version-history":[{"count":0,"href":"https:\/\/www.europesays.com\/fr\/wp-json\/wp\/v2\/posts\/165708\/revisions"}],"wp:featuredmedia":[{"embeddable":true,"href":"https:\/\/www.europesays.com\/fr\/wp-json\/wp\/v2\/media\/165709"}],"wp:attachment":[{"href":"https:\/\/www.europesays.com\/fr\/wp-json\/wp\/v2\/media?parent=165708"}],"wp:term":[{"taxonomy":"category","embeddable":true,"href":"https:\/\/www.europesays.com\/fr\/wp-json\/wp\/v2\/categories?post=165708"},{"taxonomy":"post_tag","embeddable":true,"href":"https:\/\/www.europesays.com\/fr\/wp-json\/wp\/v2\/tags?post=165708"}],"curies":[{"name":"wp","href":"https:\/\/api.w.org\/{rel}","templated":true}]}}