{"id":165716,"date":"2025-06-10T13:08:15","date_gmt":"2025-06-10T13:08:15","guid":{"rendered":"https:\/\/www.europesays.com\/fr\/165716\/"},"modified":"2025-06-10T13:08:15","modified_gmt":"2025-06-10T13:08:15","slug":"chatgpt-est-a-moitie-en-panne","status":"publish","type":"post","link":"https:\/\/www.europesays.com\/fr\/165716\/","title":{"rendered":"ChatGPT est (\u00e0 moiti\u00e9) en panne"},"content":{"rendered":"<p>En ce mardi 10 juin 2025, ChatGPT est victime de graves dysfonctionnements : le chatbot est tr\u00e8s lent \u00e0 r\u00e9pondre, ou compl\u00e8tement en panne pour d\u2019autres utilisateurs.<\/p>\n<p>Ce n\u2019est pas la premi\u00e8re fois que cela arrive : <a href=\"https:\/\/www.numerama.com\/sciences\/1200230-cest-quoi-chatgpt-on-a-laisse-chatgpt-repondre-a-la-question.html\" data-popover-target=\"definition\" data-tag=\"ChatGPT, c\u2019est quoi\u00a0? On a laiss\u00e9 ChatGPT r\u00e9pondre \u00e0 la question\" data-chapo=\"ChatGPT est une intelligence artificielle capable de g\u00e9n\u00e9rer du contenu \u00e9crit. D\u00e9velopp\u00e9 par OpenAI, ce \u00ab chatbot \u00bb est ce que l&#039;on appelle une IA g\u00e9n\u00e9rative. Il peut r\u00e9pondre \u00e0 des questions, \u00e9crire du texte, organiser des notes, planifier des vacances, d\u00e9velopper des lignes de codes, analyser le contenu d&#039;une photo, g\u00e9n\u00e9rer une image\u2026 Il suffit de lui envoyer un \u00ab prompt \u00bb (une question) et ChatGPT s&#039;ex\u00e9cute, avec la possibilit\u00e9 d&#039;adapter sa personnalit\u00e9. On peut aussi lui parler gr\u00e2ce \u00e0 un mode vocal.\" data-image=\"https:\/\/c0.lestechnophiles.com\/www.numerama.com\/wp-content\/uploads\/2016\/06\/c3po-1024x554.jpg?key=3d3aaea1\" rel=\"nofollow noopener\" target=\"_blank\">ChatGPT<\/a> est actuellement indisponible chez certains utilisateurs, en ce matin du mardi 10 juin 2025. Quant \u00e0 d\u2019autres utilisateurs, ils peuvent discuter avec le chatbot, mais ce dernier est tr\u00e8s lent.<\/p>\n<p>Des soucis chez OpenAI : ChatGPT ne fonctionne pas tr\u00e8s bien<\/p>\n<p>            <img decoding=\"async\" width=\"1024\" height=\"396\" loading=\"lazy\" alt=\"BIT BOX 3\" title=\"BIT BOX 3\" class=\"is-block placeholder-default wp-image\" src=\"https:\/\/www.europesays.com\/fr\/wp-content\/uploads\/2025\/06\/bit-box-3-1024x396.jpg\" \/>        <\/p>\n<p>\n                Vos donn\u00e9es m\u00e9ritent d\u2019\u00eatre mieux prot\u00e9g\u00e9es.            <\/p>\n<p>\n                Les escroqueries, les virus et les ransomwares ne sont plus une fatalit\u00e9. Prot\u00e9gez votre vie priv\u00e9e et vos donn\u00e9es personnelles avec Bitdefender et profitez de votre vie num\u00e9rique en toute s\u00e9r\u00e9nit\u00e9.            <\/p>\n<p>Les signalements ont d\u00e9but\u00e9 <a href=\"https:\/\/downdetector.fr\/statut\/openai\/\" target=\"_blank\" rel=\"nofollow noopener\">sur le site sp\u00e9cialis\u00e9 DownDetector<\/a> : on en compte plusieurs centaines et ils continuent de grimper, a constat\u00e9 Numerama vers midi. Les utilisateurs indiquent ne pas pouvoir se connecter \u00e0 ChatGPT, et ce dans plusieurs r\u00e9gions du monde comme le rapporte de son c\u00f4t\u00e9 <a href=\"https:\/\/www.theverge.com\/news\/684141\/openai-chatgpt-sora-outage-issues-june-2025\" target=\"_blank\" rel=\"nofollow noopener\">The Verge<\/a>.<\/p>\n<p><a href=\"https:\/\/www.numerama.com\/wp-content\/uploads\/2025\/06\/telechargement-46.png\" rel=\"nofollow noopener\" target=\"_blank\"><img decoding=\"async\" width=\"1024\" height=\"446\" loading=\"lazy\" alt=\"Les utilisateurs de ChatGPT signalent des dysfonctionnements sur DownDetector \/\/ Source : Capture Numerama\" title=\"Les utilisateurs de ChatGPT signalent des dysfonctionnements sur DownDetector \/\/ Source : Capture Numerama\" class=\"wp-image-1988715 placeholder-default wp-image\" src=\"https:\/\/www.europesays.com\/fr\/wp-content\/uploads\/2025\/06\/telechargement-46-1024x446.png\" \/><\/a>Les utilisateurs de ChatGPT signalent des dysfonctionnements. \/\/ Source : Capture Numerama<\/p>\n<p><a target=\"_blank\" href=\"https:\/\/status.openai.com\/\" rel=\"nofollow noopener\">Sur son site<\/a>, OpenAI reconna\u00eet des probl\u00e8mes avec ChatGPT, Sora et m\u00eame ses API. Il y a effectivement des taux d\u2019erreur \u00e9lev\u00e9s (quand ChatGPT r\u00e9pond \u00ab Hmm\u2026 il semble y avoir un probl\u00e8me \u00bb) et des latences \u00e9lev\u00e9es \u00e9galement. Cela dure depuis trois heures, et depuis 30 minutes environ pour Sora, le g\u00e9n\u00e9rateur de vid\u00e9os.<\/p>\n<p><a href=\"https:\/\/www.numerama.com\/wp-content\/uploads\/2025\/06\/telechargement-47-scaled.jpg\" rel=\"nofollow noopener\" target=\"_blank\"><img decoding=\"async\" width=\"1024\" height=\"536\" loading=\"lazy\" alt=\"La page de statut d'OpenAI reconna\u00eet des probl\u00e8mes avec ChatGPT et Sora \/\/ Source : Capture Numerama\" title=\"La page de statut d'OpenAI reconna\u00eet des probl\u00e8mes avec ChatGPT et Sora \/\/ Source : Capture Numerama\" class=\"wp-image-1988723 placeholder-default wp-image\" src=\"https:\/\/www.europesays.com\/fr\/wp-content\/uploads\/2025\/06\/telechargement-47-1024x536.jpg\" \/><\/a>La page de statut d\u2019OpenAI reconna\u00eet des probl\u00e8mes avec ChatGPT et Sora \/\/ Source : Capture Numerama<\/p>\n<p>Des soucis qu\u2019a pu constater Numerama en essayant ChatGPT. N\u00e9anmoins, l\u2019API semble fonctionner sans trop de latence : elle a pu \u00eatre utilis\u00e9e pour r\u00e9diger le r\u00e9sum\u00e9 par <a href=\"https:\/\/www.numerama.com\/tech\/1203976-quest-ce-quune-intelligence-artificielle.html\" rel=\"nofollow noopener\" target=\"_blank\">IA<\/a> de cet article, <a href=\"https:\/\/www.numerama.com\/numeramaplus\/\" rel=\"nofollow noopener\" target=\"_blank\">accessible avec Numerama+<\/a>. En attendant, <a href=\"https:\/\/www.numerama.com\/tech\/1246474-voici-les-meilleures-alternatives-gratuites-a-chatgpt.html\" rel=\"nofollow noopener\" target=\"_blank\">il existe plein d\u2019alternatives \u00e0 ChatGPT<\/a> que vous pouvez essayer.<\/p>\n<p class=\"newsletter-headline\">Newsletter <strong style=\"color: #06a8b3\">Artificielles<\/strong>\n                    <\/p>\n<p class=\"newsletter-title js-newsletter-title\">Vous souhaitez recevoir la newsletter<br \/>\n                        <strong>Artificielles<\/strong> dans votre bo\u00eete mail ?<\/p>\n<p>\n                    Les donn\u00e9es transmises par le biais de ce formulaire sont destin\u00e9es<br \/>\n                    \u00e0 PressTiC Numerama, en sa qualit\u00e9 de responsable de traitement. Ces donn\u00e9es<br \/>\n                    sont trait\u00e9es avec votre consentement aux fins de vous envoyer par e-mail des actualit\u00e9s et<br \/>\n                    informations relatives aux contenus \u00e9ditoriaux publi\u00e9s sur ce site. Vous pouvez vous opposer \u00e0 tout<br \/>\n                    moment \u00e0 ces e-mails en cliquant sur les liens de d\u00e9sinscriptions pr\u00e9sents dans chacun d\u2019eux. Pour<br \/>\n                    plus d\u2019informations, vous pouvez consulter l\u2019int\u00e9gralit\u00e9 de notre <a href=\"https:\/\/www.numerama.com\/politique-donnees-personnelles\" target=\"_blank\" rel=\"nofollow noopener\">politique de traitement de vos<br \/>\n                        donn\u00e9es<br \/>\n                        personnelles<\/a>.\n                <\/p>\n<p>\n                    Vous disposez d\u2019un droit d\u2019acc\u00e8s, de rectification, d\u2019effacement, de limitation, de portabilit\u00e9 et<br \/>\n                    d\u2019opposition pour motif l\u00e9gitime aux donn\u00e9es personnelles vous concernant. Pour exercer l\u2019un de ces<br \/>\n                    droits, merci d\u2019effectuer votre demande via notre <a href=\"http:\/\/www.numerama.com\/contact#rgpd\" target=\"_blank\" rel=\"noopener nofollow\">formulaire de demandes d\u2019exercices de<br \/>\n                        droits<br \/>\n                        d\u00e9di\u00e9<\/a>.\n                <\/p>\n<p>            <img decoding=\"async\" src=\"https:\/\/www.europesays.com\/fr\/wp-content\/uploads\/2025\/04\/iPhone-16-pro.png\" alt=\"Toute l'actu tech en un clien d'oeil\"\/><\/p>\n<p class=\"card-install-pwa__title\">Toute l&rsquo;actu tech en un clin d&rsquo;\u0153il<\/p>\n<p class=\"card-install-pwa__description\">Ajoutez Numerama \u00e0 votre \u00e9cran d&rsquo;accueil et restez connect\u00e9s au futur !<\/p>\n<p>            <img decoding=\"async\" src=\"https:\/\/www.europesays.com\/fr\/wp-content\/uploads\/2025\/04\/logo-card-pwa-coupe.svg.svg+xml\" alt=\"Logo PWA\"\/><\/p>\n<p>       Installer Numerama<\/p>\n","protected":false},"excerpt":{"rendered":"En ce mardi 10 juin 2025, ChatGPT est victime de graves dysfonctionnements : le chatbot est tr\u00e8s lent&hellip;\n","protected":false},"author":2,"featured_media":165717,"comment_status":"","ping_status":"","sticky":false,"template":"","format":"standard","meta":{"footnotes":""},"categories":[7],"tags":[270,141,1011,27,143,10899,43,40,41,39,42,44],"class_list":{"0":"post-165716","1":"post","2":"type-post","3":"status-publish","4":"format-standard","5":"has-post-thumbnail","7":"category-sciences-et-technologies","8":"tag-breaking","9":"tag-chatgpt","10":"tag-fr","11":"tag-france","12":"tag-openai","13":"tag-panne","14":"tag-science","15":"tag-science-and-technology","16":"tag-sciences","17":"tag-sciences-et-technologies","18":"tag-technologies","19":"tag-technology"},"share_on_mastodon":{"url":"https:\/\/pubeurope.com\/@fr\/114659230039814956","error":""},"_links":{"self":[{"href":"https:\/\/www.europesays.com\/fr\/wp-json\/wp\/v2\/posts\/165716","targetHints":{"allow":["GET"]}}],"collection":[{"href":"https:\/\/www.europesays.com\/fr\/wp-json\/wp\/v2\/posts"}],"about":[{"href":"https:\/\/www.europesays.com\/fr\/wp-json\/wp\/v2\/types\/post"}],"author":[{"embeddable":true,"href":"https:\/\/www.europesays.com\/fr\/wp-json\/wp\/v2\/users\/2"}],"replies":[{"embeddable":true,"href":"https:\/\/www.europesays.com\/fr\/wp-json\/wp\/v2\/comments?post=165716"}],"version-history":[{"count":0,"href":"https:\/\/www.europesays.com\/fr\/wp-json\/wp\/v2\/posts\/165716\/revisions"}],"wp:featuredmedia":[{"embeddable":true,"href":"https:\/\/www.europesays.com\/fr\/wp-json\/wp\/v2\/media\/165717"}],"wp:attachment":[{"href":"https:\/\/www.europesays.com\/fr\/wp-json\/wp\/v2\/media?parent=165716"}],"wp:term":[{"taxonomy":"category","embeddable":true,"href":"https:\/\/www.europesays.com\/fr\/wp-json\/wp\/v2\/categories?post=165716"},{"taxonomy":"post_tag","embeddable":true,"href":"https:\/\/www.europesays.com\/fr\/wp-json\/wp\/v2\/tags?post=165716"}],"curies":[{"name":"wp","href":"https:\/\/api.w.org\/{rel}","templated":true}]}}