{"id":165722,"date":"2025-06-10T13:11:14","date_gmt":"2025-06-10T13:11:14","guid":{"rendered":"https:\/\/www.europesays.com\/fr\/165722\/"},"modified":"2025-06-10T13:11:14","modified_gmt":"2025-06-10T13:11:14","slug":"la-journaliste-de-franceinfo-agressee-au-rassemblement-pour-le-madleen-va-porter-plainte","status":"publish","type":"post","link":"https:\/\/www.europesays.com\/fr\/165722\/","title":{"rendered":"La journaliste de Franceinfo agress\u00e9e au rassemblement pour le Madleen va porter plainte"},"content":{"rendered":"<p>        <img decoding=\"async\" loading=\"lazy\" src=\"https:\/\/www.europesays.com\/fr\/wp-content\/uploads\/2025\/06\/9e1ae63_sirius-fs-upload-1-kz0cyut4yqb2-1749542862020-capture-da-ei-cran-2025-06-10-ai-10-07-09.png\"  width=\"728\" height=\"410\" alt=\"La journaliste \u00c9l\u00e9onore Bailly a \u00e9t\u00e9 agress\u00e9e en plein direct lors d\u2019un rassemblement en soutien \u00e0 la \u00ab\u00a0Flotille de la libert\u00e9\u00a0\u00bb le 9\u00a0juin \u00e0 Paris, place de la R\u00e9publique.\"\/>  <\/p>\n<p>Capture d\u2019\u00e9cran franceinfo<\/p>\n<p>La journaliste \u00c9l\u00e9onore Bailly a \u00e9t\u00e9 agress\u00e9e en plein direct lors d\u2019un rassemblement en soutien \u00e0 la \u00ab\u00a0Flotille de la libert\u00e9\u00a0\u00bb le 9\u00a0juin \u00e0 Paris, place de la R\u00e9publique.<\/p>\n<p class=\"asset asset-text\">M\u00c9DIAS &#8211; Un incident a eu lieu en direct sur <a href=\"https:\/\/www.huffingtonpost.fr\/medias\/article\/franceinfo-a-ete-mise-en-garde-par-l-arcom-apres-le-debat-sur-gaza-transformee-en-cote-d-azur_247875.html\" rel=\"nofollow noopener\" target=\"_blank\">franceinfo<\/a>, le lundi 9\u00a0juin \u00e0 18\u00a0heures. \u00c9l\u00e9onore Bailly couvrait, place de la R\u00e9publique \u00e0 Paris, la manifestation de soutien aux passagers du <a href=\"https:\/\/www.huffingtonpost.fr\/international\/article\/gaza-un-seul-des-six-francais-du-madleen-a-accepte-son-expulsion-immediate_251145.html\" rel=\"nofollow noopener\" target=\"_blank\">Madleen<\/a>. Sur la cha\u00eene qui occupe d\u00e9sormais le canal 16\u00a0de la <a href=\"https:\/\/www.huffingtonpost.fr\/medias\/article\/t18-et-laurent-ruquier-arrivent-sur-la-tnt-emissions-programmes-a-quoi-va-ressembler-la-nouvelle-chaine_250622.html\" rel=\"nofollow noopener\" target=\"_blank\">TNT<\/a>, la journaliste d\u00e9crivait l\u2019ambiance sur place avant d\u2019\u00eatre prise \u00e0 partie par un manifestant.<\/p>\n<p class=\"asset asset-text\">Alors qu\u2019elle expliquait aux t\u00e9l\u00e9spectateurs ce qu\u2019elle voyait et ce qu\u2019il se passait sur la place parisienne, un homme a trait\u00e9 la journaliste et la r\u00e9daction de franceinfo de \u00ab\u00a0facho\u00a0\u00bb \u00e0 de multiples reprises. \u00c9l\u00e9onore Bailly l\u2019a d\u2019abord repouss\u00e9 avant que l\u2019homme ne continue ses invectives hors-champ\u00a0: \u00ab\u00a0franceinfo, vous \u00eates de la merde\u00a0! Sionistes\u00a0! franceinfo d\u00e9sinformation\u00a0\u00bb. Agac\u00e9e par le comportement du militant, la journaliste lui a visiblement mis un coup avant d\u2019\u00eatre tir\u00e9e par le bras.<\/p>\n<p class=\"asset asset-text\">La cha\u00eene a mis un terme au duplex en remettant le plateau \u00e0 l\u2019\u00e9cran mais le micro est rest\u00e9 ouvert encore quelques secondes au cours desquelles les t\u00e9l\u00e9spectateurs ont pu entendre la suite de l\u2019agression <strong>comme vous pouvez le voir ci-dessous<\/strong>. \u00ab\u00a0Faites attention \u00e0 vous\u00a0\u00bb, a lanc\u00e9 la pr\u00e9sentatrice avant d\u2019encha\u00eener sur la suite des informations.<\/p>\n<p> La lecture de ce contenu est susceptible d\u2019entra\u00eener un d\u00e9p\u00f4t de cookies de la part de l\u2019op\u00e9rateur tiers qui l\u2019h\u00e9berge. Compte-tenu des choix que vous avez exprim\u00e9s en mati\u00e8re de d\u00e9p\u00f4t de cookies, nous avons bloqu\u00e9 l\u2019affichage de ce contenu. Si vous souhaitez y acc\u00e9der, vous devez accepter la cat\u00e9gorie de cookies \u201cContenus tiers\u201d en cliquant sur le bouton ci-dessous. <\/p>\n<p> Lire la Vid\u00e9o        <\/p>\n<p class=\"asset asset-text\">\u00ab\u00a0La journaliste a \u00e9t\u00e9 prise \u00e0 partie, attrap\u00e9e par le bras. Heureusement cela en est rest\u00e9 l\u00e0, mais elle est choqu\u00e9e, ainsi que le reste de l\u2019\u00e9quipe\u00a0\u00bb a rapport\u00e9 au <a href=\"https:\/\/www.lefigaro.fr\/actualite-france\/manifestation-pour-la-flottille-de-la-liberte-une-journaliste-de-franceinfo-violemment-prise-a-partie-en-plein-direct-20250609\" target=\"_blank\" rel=\"noopener nofollow\" title=\"Nouvelle fen\u00eatre\">Figaro<\/a> Muriel Pleynet, qui dirige la cha\u00eene d\u2019info en continu. La direction a d\u00e9nonc\u00e9 la sc\u00e8ne et a apport\u00e9 son soutien \u00e0 \u00c9l\u00e9onore Bailly qui va porter plainte comme le r\u00e9v\u00e8le <a href=\"https:\/\/www.franceinfo.fr\/economie\/medias\/une-journaliste-de-franceinfo-agressee-durant-la-manifestation-de-soutien-au-navire-humanitaire-madleen-a-paris_7303026.html\" target=\"_blank\" rel=\"noopener nofollow\" title=\"Nouvelle fen\u00eatre\">franceinfo<\/a>. \u00ab\u00a0Rien ne justifie la violence contre les journalistes. La libert\u00e9 d\u2019informer est un droit fondamental. #Libert\u00e9DeLaPresse\u00a0\u00bb, peut-on lire dans un communiqu\u00e9 de presse publi\u00e9 sur le r\u00e9seau social X.<\/p>\n<p class=\"asset asset-text\">Idem pour la soci\u00e9t\u00e9 de journalistes de franceinfo TV qui s\u2019interroge \u00ab\u00a0sur le climat qui rend possibles de tels actes\u00a0\u00bb. \u00ab\u00a0Cette hostilit\u00e9, qui se banalise, menace directement le bon exercice du m\u00e9tier d\u2019informer. Elle cr\u00e9e un environnement anxiog\u00e8ne pour les reporters de terrain, et fragilise durablement le lien entre les m\u00e9dias et le public\u00a0\u00bb, a condamn\u00e9 l\u2019association qui appelle \u00e9galement \u00e0 une lutte collective contre \u00ab\u00a0cette d\u00e9rive\u00a0\u00bb.<\/p>\n<p> La lecture de ce contenu est susceptible d\u2019entra\u00eener un d\u00e9p\u00f4t de cookies de la part de l\u2019op\u00e9rateur tiers qui l\u2019h\u00e9berge. Compte-tenu des choix que vous avez exprim\u00e9s en mati\u00e8re de d\u00e9p\u00f4t de cookies, nous avons bloqu\u00e9 l\u2019affichage de ce contenu. Si vous souhaitez y acc\u00e9der, vous devez accepter la cat\u00e9gorie de cookies \u201cContenus tiers\u201d en cliquant sur le bouton ci-dessous. <\/p>\n<p> Lire la Vid\u00e9o        <\/p>\n<p class=\"asset asset-text\">Quand les journalistes de la cha\u00eene se rendent dans des manifestations \u00ab\u00a0avec des risques de d\u00e9bordements, de pr\u00e9sence de black blocks ou de personnes alcoolis\u00e9es\u00a0\u00bb, un service de s\u00e9curit\u00e9 les accompagne a expliqu\u00e9 la directrice de franceinfo. Mais ce n\u2019\u00e9tait pas le cas lors du rassemblement de 9\u00a0juin. \u00ab\u00a0Sur le papier, cette manifestation ne repr\u00e9sentait pas de risque, alors nous n\u2019avions pas pr\u00e9vu de dispositif de s\u00e9curit\u00e9. Mais cela va devenir une vraie interrogation. On va devoir y r\u00e9fl\u00e9chir avant chaque rassemblement\u00a0\u00bb, a-t-elle avanc\u00e9.<\/p>\n","protected":false},"excerpt":{"rendered":"Capture d\u2019\u00e9cran franceinfo La journaliste \u00c9l\u00e9onore Bailly a \u00e9t\u00e9 agress\u00e9e en plein direct lors d\u2019un rassemblement en soutien&hellip;\n","protected":false},"author":2,"featured_media":165723,"comment_status":"","ping_status":"","sticky":false,"template":"","format":"standard","meta":{"footnotes":""},"categories":[4],"tags":[11,251,1011,27,10318,665,664,2088,500,12,25],"class_list":{"0":"post-165722","1":"post","2":"type-post","3":"status-publish","4":"format-standard","5":"has-post-thumbnail","7":"category-france","8":"tag-actualites","9":"tag-culture","10":"tag-fr","11":"tag-france","12":"tag-france-info","13":"tag-gaza","14":"tag-israel","15":"tag-manifestation","16":"tag-medias","17":"tag-news","18":"tag-republique-francaise"},"share_on_mastodon":{"url":"https:\/\/pubeurope.com\/@fr\/114659241902621675","error":""},"_links":{"self":[{"href":"https:\/\/www.europesays.com\/fr\/wp-json\/wp\/v2\/posts\/165722","targetHints":{"allow":["GET"]}}],"collection":[{"href":"https:\/\/www.europesays.com\/fr\/wp-json\/wp\/v2\/posts"}],"about":[{"href":"https:\/\/www.europesays.com\/fr\/wp-json\/wp\/v2\/types\/post"}],"author":[{"embeddable":true,"href":"https:\/\/www.europesays.com\/fr\/wp-json\/wp\/v2\/users\/2"}],"replies":[{"embeddable":true,"href":"https:\/\/www.europesays.com\/fr\/wp-json\/wp\/v2\/comments?post=165722"}],"version-history":[{"count":0,"href":"https:\/\/www.europesays.com\/fr\/wp-json\/wp\/v2\/posts\/165722\/revisions"}],"wp:featuredmedia":[{"embeddable":true,"href":"https:\/\/www.europesays.com\/fr\/wp-json\/wp\/v2\/media\/165723"}],"wp:attachment":[{"href":"https:\/\/www.europesays.com\/fr\/wp-json\/wp\/v2\/media?parent=165722"}],"wp:term":[{"taxonomy":"category","embeddable":true,"href":"https:\/\/www.europesays.com\/fr\/wp-json\/wp\/v2\/categories?post=165722"},{"taxonomy":"post_tag","embeddable":true,"href":"https:\/\/www.europesays.com\/fr\/wp-json\/wp\/v2\/tags?post=165722"}],"curies":[{"name":"wp","href":"https:\/\/api.w.org\/{rel}","templated":true}]}}