{"id":165730,"date":"2025-06-10T13:17:22","date_gmt":"2025-06-10T13:17:22","guid":{"rendered":"https:\/\/www.europesays.com\/fr\/165730\/"},"modified":"2025-06-10T13:17:22","modified_gmt":"2025-06-10T13:17:22","slug":"lorraine-joyeux-anniversaire-issiar-dia-de-la-boxe-au-menu-du-jour-bienvenue-au-cafe-des-sports","status":"publish","type":"post","link":"https:\/\/www.europesays.com\/fr\/165730\/","title":{"rendered":"Lorraine. Joyeux anniversaire Issiar Dia\u00a0! De la boxe au menu du jour\u2026 Bienvenue au caf\u00e9 des sports\u00a0!"},"content":{"rendered":"<p>  Joyeux anniversaire\u00a0!<\/p>\n<p>Ce dimanche, nous souhaitons un joyeux anniversaire \u00e0 trois sportifs de la r\u00e9gion. L\u2019ancien footballeur de l\u2019ASNL Issiar Dia f\u00eate ses 38 ans. L\u2019entra\u00eeneur du Nancy Athl\u00e9tisme M\u00e9tropole Fr\u00e9d\u00e9ric Fabiani f\u00eate ses 52 ans. L\u2019ancien volleyeur slovaque de Nancy Matej Patak (d\u00e9sormais \u00e0 Ajaccio) f\u00eate ses 35 ans.<\/p>\n<p>  \u00c0 la t\u00e9l\u00e9<\/p>\n<p><strong>Auto<\/strong> \u00a0: Rallye de Sardaigne, \u00e0 partir de 7 h 25, sur Canal +\u00a0Sport.<\/p>\n<p><strong>Cyclisme<\/strong> \u00a0: Crit\u00e9rium du Dauphin\u00e9 (1\u00e8re \u00e9tape), \u00e0 partir de 13 h 05 sur Eurosport 2 et 13 h 35, sur France 3.<\/p>\n<p><strong>Moto<\/strong> \u00a0: Grand Prix d\u2019Aragon, \u00e0 partir de 14 h, sur Canal +.<\/p>\n<p><strong>Tennis<\/strong> \u00a0: Roland-Garros (finale H), \u00e0 partir de 14 h 20, sur France 2 et 15 h, sur Prime Vid\u00e9o.<\/p>\n<p><strong>Football<\/strong> \u00a0: Ligue des Nations (match 3e  place), Allemagne &#8211; France, \u00e0 partir de 15 h, sur TF1.<\/p>\n<p><strong>Football<\/strong> \u00a0: Ligue des Nations (finale), Portugal &#8211; Espagne, \u00e0 partir de 21 h, sur TF1.<\/p>\n","protected":false},"excerpt":{"rendered":"Joyeux anniversaire\u00a0! Ce dimanche, nous souhaitons un joyeux anniversaire \u00e0 trois sportifs de la r\u00e9gion. L\u2019ancien footballeur de&hellip;\n","protected":false},"author":2,"featured_media":165731,"comment_status":"","ping_status":"","sticky":false,"template":"","format":"standard","meta":{"footnotes":""},"categories":[9635],"tags":[1111,11,3602,1707,1704,1705,10174,1777,674,107,1701,1011,27,775,1702,1703,12,25,517,1700],"class_list":{"0":"post-165730","1":"post","2":"type-post","3":"status-publish","4":"format-standard","5":"has-post-thumbnail","7":"category-nancy","8":"tag-actu","9":"tag-actualites","10":"tag-edition-bar-le-duc","11":"tag-edition-luneville","12":"tag-edition-nancy-et-agglomeration","13":"tag-edition-toul","14":"tag-edition-verdun","15":"tag-eu","16":"tag-europe","17":"tag-fil-info","18":"tag-fil-info-sport","19":"tag-fr","20":"tag-france","21":"tag-grand-est","22":"tag-nancy","23":"tag-nancy-ville-54b","24":"tag-news","25":"tag-republique-francaise","26":"tag-sport","27":"tag-sport-lorrain"},"share_on_mastodon":{"url":"https:\/\/pubeurope.com\/@fr\/114659265260956574","error":""},"_links":{"self":[{"href":"https:\/\/www.europesays.com\/fr\/wp-json\/wp\/v2\/posts\/165730","targetHints":{"allow":["GET"]}}],"collection":[{"href":"https:\/\/www.europesays.com\/fr\/wp-json\/wp\/v2\/posts"}],"about":[{"href":"https:\/\/www.europesays.com\/fr\/wp-json\/wp\/v2\/types\/post"}],"author":[{"embeddable":true,"href":"https:\/\/www.europesays.com\/fr\/wp-json\/wp\/v2\/users\/2"}],"replies":[{"embeddable":true,"href":"https:\/\/www.europesays.com\/fr\/wp-json\/wp\/v2\/comments?post=165730"}],"version-history":[{"count":0,"href":"https:\/\/www.europesays.com\/fr\/wp-json\/wp\/v2\/posts\/165730\/revisions"}],"wp:featuredmedia":[{"embeddable":true,"href":"https:\/\/www.europesays.com\/fr\/wp-json\/wp\/v2\/media\/165731"}],"wp:attachment":[{"href":"https:\/\/www.europesays.com\/fr\/wp-json\/wp\/v2\/media?parent=165730"}],"wp:term":[{"taxonomy":"category","embeddable":true,"href":"https:\/\/www.europesays.com\/fr\/wp-json\/wp\/v2\/categories?post=165730"},{"taxonomy":"post_tag","embeddable":true,"href":"https:\/\/www.europesays.com\/fr\/wp-json\/wp\/v2\/tags?post=165730"}],"curies":[{"name":"wp","href":"https:\/\/api.w.org\/{rel}","templated":true}]}}