{"id":165732,"date":"2025-06-10T13:18:09","date_gmt":"2025-06-10T13:18:09","guid":{"rendered":"https:\/\/www.europesays.com\/fr\/165732\/"},"modified":"2025-06-10T13:18:09","modified_gmt":"2025-06-10T13:18:09","slug":"a-toulon-les-boites-du-lions-club-qui-sauvent-la-vie-des-personnes-isolees-vont-bientot-etre-distribuees","status":"publish","type":"post","link":"https:\/\/www.europesays.com\/fr\/165732\/","title":{"rendered":"\u00c0 Toulon, les bo\u00eetes du Lions Club qui sauvent la vie des personnes isol\u00e9es vont bient\u00f4t \u00eatre distribu\u00e9es"},"content":{"rendered":"<p>C\u2019est une bonne id\u00e9e: simple et efficace. Un partenariat va \u00eatre sign\u00e9 entre le Lions club de Toulon Port La Montagne et la ville pour \u00e9quiper les logements de personnes isol\u00e9es ou \u00e2g\u00e9es d\u2019autocollants informationnels pour les cas d\u2019urgence.<\/p>\n<p>Ainsi, <strong>les services de secours sauront, en quelques secondes, l\u2019\u00e9tat de sant\u00e9 des personnes, leurs ant\u00e9c\u00e9dents m\u00e9dicaux et d\u2019\u00e9ventuelles contre-indications.<\/strong> \u00ab\u00a0Aujourd\u2019hui, notre soci\u00e9t\u00e9 mise tout sur la technologie. Tout devient num\u00e9rique, laissant en chemin une partie de la population\u00a0\u00bb, d\u00e9plorent C\u00e9cile Portal, travaillant au district du Lions club, et Dominique Larche qui dirige le club toulonnais.\u00a0\u00ab\u00a0Le carnet de sant\u00e9 et les informations des patients sont d\u00e9sormais sur un espace num\u00e9rique immat\u00e9riel. Et, souvent, suite \u00e0 un appel aux services de secours, un grand nombre de personnes se retrouve dans l\u2019incapacit\u00e9 de r\u00e9pondre rapidement aux pathologies dont elles souffrent et aux traitements qu\u2019elles suivent. \u00c0 partir de ce constat, nous mettons en place une action appel\u00e9e \u00ab\u00a0bo\u00eetes Lions SOS\u00a0\u00bb pour faciliter les \u00e9changes d\u2019informations. Cette initiative comprend un autocollant qui sera appos\u00e9 \u00e0 l\u2019int\u00e9rieur de la porte d\u2019entr\u00e9e du patient, sous le judas. L\u2019autocollant renverra vers une fiche descriptive d\u2019informations essentielles plac\u00e9e dans une bo\u00eete herm\u00e9tique situ\u00e9e dans le frigidaire, un lieu facile \u00e0 trouver dans un logement.\u00a0\u00bb<\/p>\n<p>Une bo\u00eete dans le r\u00e9frig\u00e9rateur <\/p>\n<p>En apercevant l\u2019autocollant, les pompiers et les urgentistes sauront l\u2019essentiel de la personne visit\u00e9e afin d\u2019acc\u00e9l\u00e9rer sa prise charge. Le CCAS de Toulon va aider les b\u00e9n\u00e9voles du Lions club \u00e0 \u00e9tablir la liste des personnes prioritaires. \u00ab\u00a0260 premiers autocollants vont \u00eatre distribu\u00e9s bient\u00f4t. Nous mettons \u00e0 jour les num\u00e9ros de t\u00e9l\u00e9phone d\u2019urgence indiqu\u00e9s sur la bo\u00eete\u00a0\u00bb, ajoute C\u00e9cile Portal.<\/p>\n<p>Mais pourquoi ne pas y avoir pens\u00e9 plus t\u00f4t? \u00ab\u00a0C\u2019\u00e9tait aussi notre sentiment. Heureusement, il y a, dans nos rangs, des travailleurs sp\u00e9cialis\u00e9s dans le m\u00e9dical qui nous ont alert\u00e9s. D\u00e9j\u00e0, ce dispositif a \u00e9t\u00e9 test\u00e9 en Haute-Savoie avec des r\u00e9sultats probants.\u00a0\u00bb<\/p>\n<p>Pour b\u00e9n\u00e9ficier de ce dispositif gratuit, il suffira, pour les volontaires, de retirer au CCAS ou au Lions club de Toulon Port La Montagne une feuille de renseignements \u00e0 remplir et \u00e0 glisser dans la \u00ab\u00a0bo\u00eete de secours\u00a0\u00bb qui sera remise en mains propres aux personnes.<\/p>\n<p>Pr\u00eat d\u2019ici le d\u00e9but de l\u2019\u00e9t\u00e9 <\/p>\n<p>\u00ab\u00a0Nous r\u00e9fl\u00e9chissons aussi \u00e0 l\u2019ajout du num\u00e9ro du m\u00e9decin r\u00e9f\u00e9rent des personnes en plus de celui de SOS m\u00e9decins\u00a0\u00bb, indique Dominique Andr\u00e9otti, vice-pr\u00e9sidente du CCAS et adjointe au maire charg\u00e9e de l\u2019action sociale et l\u2019inclusion. Et si plusieurs personnes vivent dans le m\u00eame foyer, il sera important d\u2019inscrire leurs noms et leurs particularit\u00e9s m\u00e9dicales.<\/p>\n<p>Tout sera activ\u00e9 d\u2019ici le d\u00e9but de l\u2019\u00e9t\u00e9 et cela tombe bien car des temp\u00e9ratures caniculaires sont attendues \u00e0 Toulon en juillet et ao\u00fbt. Faisant craindre des malaises chez les personnes les plus fragiles.<\/p>\n","protected":false},"excerpt":{"rendered":"C\u2019est une bonne id\u00e9e: simple et efficace. Un partenariat va \u00eatre sign\u00e9 entre le Lions club de Toulon&hellip;\n","protected":false},"author":2,"featured_media":165733,"comment_status":"","ping_status":"","sticky":false,"template":"","format":"standard","meta":{"footnotes":""},"categories":[9619],"tags":[1111,11,1777,674,1011,27,12,882,25,2310,3366],"class_list":{"0":"post-165732","1":"post","2":"type-post","3":"status-publish","4":"format-standard","5":"has-post-thumbnail","7":"category-toulon","8":"tag-actu","9":"tag-actualites","10":"tag-eu","11":"tag-europe","12":"tag-fr","13":"tag-france","14":"tag-news","15":"tag-provence-alpes-cote-dazur","16":"tag-republique-francaise","17":"tag-toulon","18":"tag-vie-locale"},"share_on_mastodon":{"url":"https:\/\/pubeurope.com\/@fr\/114659269479293675","error":""},"_links":{"self":[{"href":"https:\/\/www.europesays.com\/fr\/wp-json\/wp\/v2\/posts\/165732","targetHints":{"allow":["GET"]}}],"collection":[{"href":"https:\/\/www.europesays.com\/fr\/wp-json\/wp\/v2\/posts"}],"about":[{"href":"https:\/\/www.europesays.com\/fr\/wp-json\/wp\/v2\/types\/post"}],"author":[{"embeddable":true,"href":"https:\/\/www.europesays.com\/fr\/wp-json\/wp\/v2\/users\/2"}],"replies":[{"embeddable":true,"href":"https:\/\/www.europesays.com\/fr\/wp-json\/wp\/v2\/comments?post=165732"}],"version-history":[{"count":0,"href":"https:\/\/www.europesays.com\/fr\/wp-json\/wp\/v2\/posts\/165732\/revisions"}],"wp:featuredmedia":[{"embeddable":true,"href":"https:\/\/www.europesays.com\/fr\/wp-json\/wp\/v2\/media\/165733"}],"wp:attachment":[{"href":"https:\/\/www.europesays.com\/fr\/wp-json\/wp\/v2\/media?parent=165732"}],"wp:term":[{"taxonomy":"category","embeddable":true,"href":"https:\/\/www.europesays.com\/fr\/wp-json\/wp\/v2\/categories?post=165732"},{"taxonomy":"post_tag","embeddable":true,"href":"https:\/\/www.europesays.com\/fr\/wp-json\/wp\/v2\/tags?post=165732"}],"curies":[{"name":"wp","href":"https:\/\/api.w.org\/{rel}","templated":true}]}}