{"id":165758,"date":"2025-06-10T13:34:18","date_gmt":"2025-06-10T13:34:18","guid":{"rendered":"https:\/\/www.europesays.com\/fr\/165758\/"},"modified":"2025-06-10T13:34:18","modified_gmt":"2025-06-10T13:34:18","slug":"incendie-dans-le-parking-souterrain-dun-immeuble-82-habitants-evacues-en-pleine-nuit","status":"publish","type":"post","link":"https:\/\/www.europesays.com\/fr\/165758\/","title":{"rendered":"incendie dans le parking souterrain d\u2019un immeuble, 82 habitants \u00e9vacu\u00e9s en pleine nuit"},"content":{"rendered":"<p>Un violent incendie s\u2019est d\u00e9clar\u00e9 dans le parking souterrain d\u2019une r\u00e9sidence sociale de Nantes (<a target=\"_self\" href=\"https:\/\/www.lanouvellerepublique.fr\/loire-atlantique\" rel=\"noopener\">Loire-Atlantique<\/a>) dans la nuit du samedi\u00a07 au dimanche 8\u00a0juin 2025. Le feu a atteint l\u2019immeuble de huit \u00e9tages et des habitants ont d\u00fb \u00eatre \u00e9vacu\u00e9s, rapporte <a target=\"_blank\" href=\"https:\/\/www.francebleu.fr\/infos\/faits-divers-justice\/82-habitants-evacues-en-pleine-nuit-a-nantes-apres-un-incendie-dans-le-parking-souterrain-de-leur-immeuble-5701465\" rel=\"noopener\">Ici Loire Oc\u00e9an<\/a>.<\/p>\n<p>82 personnes \u00e9vacu\u00e9es<\/p>\n<p>L\u2019incendie s\u2019est produit aux alentours de 2\u00a0h du matin et les fum\u00e9es se sont rapidement propag\u00e9es \u00e0 l\u2019ensemble du sous-sol de 1.500\u00a0m2. \u00c0 l\u2019arriv\u00e9e des secours, les flammes avaient gagn\u00e9 les quatre cages d\u2019escalier de l\u2019immeuble, racontent nos confr\u00e8res. D\u2019apr\u00e8s <a target=\"_blank\" href=\"https:\/\/www.ouest-france.fr\/societe\/faits-divers\/82-riverains-mis-a-labri-apres-un-incendie-dans-un-parking-souterrain-a-nantes-8f6deb58-442e-11f0-aedb-e054fec24790\" rel=\"noopener\">Ouest-France<\/a>, une partie des r\u00e9sidents, soit 82 personnes, est parvenue \u00e0 quitter les lieux par ses propres moyens.<\/p>\n<p>Elles ont toutes \u00e9t\u00e9 prises en charge et \u00e9vacu\u00e9es vers une salle communale \u00e0 proximit\u00e9, le temps de l\u2019op\u00e9ration des sapeurs-pompiers. D\u2019autres n\u2019ont pas eu le temps de fuir et se sont enferm\u00e9s chez eux, comme l\u2019a racont\u00e9 une habitante au journal local. Le feu a finalement pu \u00eatre ma\u00eetris\u00e9 par la soixantaine de sapeurs-pompiers en intervention cette nuit-l\u00e0. Aucun bless\u00e9 n\u2019\u00e9tait \u00e0 d\u00e9plorer et les habitants \u00e9vacu\u00e9s ont pu regagner leurs domiciles.<\/p>\n","protected":false},"excerpt":{"rendered":"Un violent incendie s\u2019est d\u00e9clar\u00e9 dans le parking souterrain d\u2019une r\u00e9sidence sociale de Nantes (Loire-Atlantique) dans la nuit&hellip;\n","protected":false},"author":2,"featured_media":165759,"comment_status":"","ping_status":"","sticky":false,"template":"","format":"standard","meta":{"footnotes":""},"categories":[2818],"tags":[1111,11,1674,1777,674,274,1011,27,3047,766,12,2636,25],"class_list":{"0":"post-165758","1":"post","2":"type-post","3":"status-publish","4":"format-standard","5":"has-post-thumbnail","7":"category-nantes","8":"tag-actu","9":"tag-actualites","10":"tag-communes","11":"tag-eu","12":"tag-europe","13":"tag-faits-divers-justice","14":"tag-fr","15":"tag-france","16":"tag-loire-atlantique","17":"tag-nantes","18":"tag-news","19":"tag-pays-de-la-loire","20":"tag-republique-francaise"},"share_on_mastodon":{"url":"https:\/\/pubeurope.com\/@fr\/114659332223527096","error":""},"_links":{"self":[{"href":"https:\/\/www.europesays.com\/fr\/wp-json\/wp\/v2\/posts\/165758","targetHints":{"allow":["GET"]}}],"collection":[{"href":"https:\/\/www.europesays.com\/fr\/wp-json\/wp\/v2\/posts"}],"about":[{"href":"https:\/\/www.europesays.com\/fr\/wp-json\/wp\/v2\/types\/post"}],"author":[{"embeddable":true,"href":"https:\/\/www.europesays.com\/fr\/wp-json\/wp\/v2\/users\/2"}],"replies":[{"embeddable":true,"href":"https:\/\/www.europesays.com\/fr\/wp-json\/wp\/v2\/comments?post=165758"}],"version-history":[{"count":0,"href":"https:\/\/www.europesays.com\/fr\/wp-json\/wp\/v2\/posts\/165758\/revisions"}],"wp:featuredmedia":[{"embeddable":true,"href":"https:\/\/www.europesays.com\/fr\/wp-json\/wp\/v2\/media\/165759"}],"wp:attachment":[{"href":"https:\/\/www.europesays.com\/fr\/wp-json\/wp\/v2\/media?parent=165758"}],"wp:term":[{"taxonomy":"category","embeddable":true,"href":"https:\/\/www.europesays.com\/fr\/wp-json\/wp\/v2\/categories?post=165758"},{"taxonomy":"post_tag","embeddable":true,"href":"https:\/\/www.europesays.com\/fr\/wp-json\/wp\/v2\/tags?post=165758"}],"curies":[{"name":"wp","href":"https:\/\/api.w.org\/{rel}","templated":true}]}}