{"id":165776,"date":"2025-06-10T13:43:12","date_gmt":"2025-06-10T13:43:12","guid":{"rendered":"https:\/\/www.europesays.com\/fr\/165776\/"},"modified":"2025-06-10T13:43:12","modified_gmt":"2025-06-10T13:43:12","slug":"pierre-oliver-reclame-une-suspension-immediate-de-la-ztl","status":"publish","type":"post","link":"https:\/\/www.europesays.com\/fr\/165776\/","title":{"rendered":"Pierre Oliver r\u00e9clame une \u00ab\u00a0suspension imm\u00e9diate\u00a0\u00bb de la ZTL"},"content":{"rendered":"<p itemprop=\"description\"><strong>\u00c0 quinze jours de son entr\u00e9e en vigueur, la Zone \u00e0 Trafic Limit\u00e9 (ZTL) pr\u00e9vue le 21 juin \u00e0 Lyon suscite une vive inqui\u00e9tude.<\/strong><\/p>\n<p>Ce lundi, le maire du 2e arrondissement, Pierre Oliver \u00e9voque une mise en \u0153uvre \u00ab\u00a0chaotique\u00a0\u00bb et appelle \u00e0 une \u00ab\u00a0suspension imm\u00e9diate\u00a0\u00bb du dispositif.<\/p>\n<p>\u00ab\u00a0Chaque jour, de nombreux habitants viennent \u00e0 la Mairie exprimer leur inqui\u00e9tude et leur frustration quant \u00e0 la mise en place de la ZTL\u00a0\u00bb, indique Pierre Oliver, qui affirme avoir d\u00e9j\u00e0 re\u00e7u les dol\u00e9ances de pr\u00e8s de 500 riverains. Trois probl\u00e8mes majeurs sont point\u00e9s.<\/p>\n<p>D\u2019abord, \u00ab\u00a0l\u2019exclusion des habitants des quais\u00a0\u00bb : selon le maire, les r\u00e9sidents des quais Saint-Antoine, C\u00e9lestins et Jules Courmont se retrouveront \u00ab\u00a0priv\u00e9s d\u2019acc\u00e8s direct \u00e0 leur domicile\u00a0\u00bb. Certains seraient contraints \u00e0 \u00ab\u00a0jusqu\u2019\u00e0 40 minutes de d\u00e9tour aux heures de pointe\u00a0\u00bb et \u00ab\u00a0dans l\u2019impossibilit\u00e9 de stationner proche de leur domicile.\u00a0\u00bb<\/p>\n<p>Ensuite, Pierre Oliver d\u00e9nonce \u201cune mise en place pr\u00e9cipit\u00e9e alors que les travaux sont encore en cours\u201d, en particulier l\u2019absence de bornes de contr\u00f4le rue \u00c9douard Herriot et rue Childebert, \u201calors qu\u2019elles doivent \u00eatre op\u00e9rationnelles pour assurer le bon fonctionnement de la ZTL\u201d.<\/p>\n<p>Enfin, il pointe \u201cun manque criant de cartes d\u2019acc\u00e8s pour les riverains : les mairies d\u2019arrondissement ne disposent pas d\u2019un nombre suffisant de cartes magn\u00e9tiques\u201d, ce qui g\u00e9n\u00e9rerait \u201cconfusion et frustration\u201d chez les habitants concern\u00e9s.<\/p>\n<p>\u201cFace \u00e0 cette rupture d\u2019\u00e9galit\u00e9 entre les r\u00e9sidents de l\u2019hypercentre, \u00e0 ce manque flagrant d\u2019anticipation et \u00e0 une logistique manifestement d\u00e9faillante, je demande au Maire de Lyon ainsi qu\u2019au Pr\u00e9sident de la M\u00e9tropole de suspendre imm\u00e9diatement la mise en \u0153uvre de la ZTL, jusqu\u2019\u00e0 ce qu\u2019une solution satisfaisante soit trouv\u00e9e pour tous les habitants concern\u00e9s\u201d, conclut Pierre Oliver.<\/p>\n","protected":false},"excerpt":{"rendered":"\u00c0 quinze jours de son entr\u00e9e en vigueur, la Zone \u00e0 Trafic Limit\u00e9 (ZTL) pr\u00e9vue le 21 juin&hellip;\n","protected":false},"author":2,"featured_media":165777,"comment_status":"","ping_status":"","sticky":false,"template":"","format":"standard","meta":{"footnotes":""},"categories":[1889],"tags":[1111,11,2813,2190,2430,1109,251,1112,2811,1777,674,118,1011,27,1922,1110,1114,2428,2810,12,241,316,25,2812,517,800],"class_list":{"0":"post-165776","1":"post","2":"type-post","3":"status-publish","4":"format-standard","5":"has-post-thumbnail","7":"category-lyon","8":"tag-actu","9":"tag-actualites","10":"tag-article","11":"tag-asvel","12":"tag-auvergne-rhone-alpes","13":"tag-breves","14":"tag-culture","15":"tag-depeches","16":"tag-economique","17":"tag-eu","18":"tag-europe","19":"tag-faits-divers","20":"tag-fr","21":"tag-france","22":"tag-info","23":"tag-informations","24":"tag-infos","25":"tag-lyon","26":"tag-lyonmag","27":"tag-news","28":"tag-ol","29":"tag-politique","30":"tag-republique-francaise","31":"tag-sociale","32":"tag-sport","33":"tag-transports"},"share_on_mastodon":{"url":"https:\/\/pubeurope.com\/@fr\/114659367582131592","error":""},"_links":{"self":[{"href":"https:\/\/www.europesays.com\/fr\/wp-json\/wp\/v2\/posts\/165776","targetHints":{"allow":["GET"]}}],"collection":[{"href":"https:\/\/www.europesays.com\/fr\/wp-json\/wp\/v2\/posts"}],"about":[{"href":"https:\/\/www.europesays.com\/fr\/wp-json\/wp\/v2\/types\/post"}],"author":[{"embeddable":true,"href":"https:\/\/www.europesays.com\/fr\/wp-json\/wp\/v2\/users\/2"}],"replies":[{"embeddable":true,"href":"https:\/\/www.europesays.com\/fr\/wp-json\/wp\/v2\/comments?post=165776"}],"version-history":[{"count":0,"href":"https:\/\/www.europesays.com\/fr\/wp-json\/wp\/v2\/posts\/165776\/revisions"}],"wp:featuredmedia":[{"embeddable":true,"href":"https:\/\/www.europesays.com\/fr\/wp-json\/wp\/v2\/media\/165777"}],"wp:attachment":[{"href":"https:\/\/www.europesays.com\/fr\/wp-json\/wp\/v2\/media?parent=165776"}],"wp:term":[{"taxonomy":"category","embeddable":true,"href":"https:\/\/www.europesays.com\/fr\/wp-json\/wp\/v2\/categories?post=165776"},{"taxonomy":"post_tag","embeddable":true,"href":"https:\/\/www.europesays.com\/fr\/wp-json\/wp\/v2\/tags?post=165776"}],"curies":[{"name":"wp","href":"https:\/\/api.w.org\/{rel}","templated":true}]}}