{"id":165810,"date":"2025-06-10T14:03:14","date_gmt":"2025-06-10T14:03:14","guid":{"rendered":"https:\/\/www.europesays.com\/fr\/165810\/"},"modified":"2025-06-10T14:03:14","modified_gmt":"2025-06-10T14:03:14","slug":"a-quelle-heure-et-sur-quelle-chaine-regarder-le-premier-barrage-du-top-14-2","status":"publish","type":"post","link":"https:\/\/www.europesays.com\/fr\/165810\/","title":{"rendered":"\u00e0 quelle heure et sur quelle cha\u00eene regarder le premier barrage du Top 14"},"content":{"rendered":"<p>Ce vendredi 13 juin, l\u2019Aviron re\u00e7oit l\u2019ASM. Le vainqueur affrontera le Stade Toulousain en demi-finale.<\/p>\n<p class=\"fig-paragraph\">C\u2019est parti pour l\u2019excitation de la phase finale. Coup d\u2019envoi ce vendredi soir \u00e0 Bayonne pour un explosif barrage entre l\u2019Aviron, 4e de la saison r\u00e9guli\u00e8re, et Clermont, 5e.\u00a0<a href=\"http:\/\/www.lefigaro.fr\/sports\/rugby\/top-14\/top-14-on-est-dans-la-course-au-brennus-gregory-patat-et-bayonne-comme-dans-un-reve-20250607\" data-fig-type=\"NewsFlash\" data-gtm-custom-categorie=\"navigation\" data-gtm-custom-action=\"crossclick\" data-gtm-custom-label=\"Contextuel\" data-gtm-event=\"customEventSPE\" data-fig-domain=\"LEFIGARO\" target=\"_blank\" rel=\"noopener\">Une premi\u00e8re pour les Basques en Top 14<\/a>, 33 ans apr\u00e8s leur derni\u00e8re pr\u00e9sence en phase finale. Avec un atout de poids. Les Bayonnais n\u2019ont plus perdu dans leur forteresse stade Jean-Dauger depuis le 21 janvier 2022 (contre Grenoble, en Pro D2)\u00a0!<\/p>\n<p class=\"fig-paragraph\">Pour les Auvergnats, il s\u2019agit d\u2019un retour apr\u00e8s quatre saisons \u00e0 \u00e9chouer \u00e0 se qualifier pour la phase finale. Mais l\u2019ASM dispose, en la personne de\u00a0<a href=\"http:\/\/www.lefigaro.fr\/sports\/rugby\/top-14\/top-14-notre-qualification-est-meritee-estime-christophe-urios-clermont-20250608\" data-fig-type=\"NewsFlash\" data-gtm-custom-categorie=\"navigation\" data-gtm-custom-action=\"crossclick\" data-gtm-custom-label=\"Contextuel\" data-gtm-event=\"customEventSPE\" data-fig-domain=\"LEFIGARO\" target=\"_blank\" rel=\"noopener\">son manager Christophe Urios<\/a>, d\u2019un habitu\u00e9 de ces matchs couperet\u00a0: sept barrages disput\u00e9s durant la derni\u00e8re d\u00e9cennie, avec Oyonnax, Castres, Bordeaux-B\u00e8gles et donc Clermont. Il ma\u00eetrise ces \u00e9v\u00e9nements o\u00f9 pression est maximale, comme en t\u00e9moigne son \u00e9pop\u00e9e \u00e0 la t\u00eate du CO, conclue avec le Bouclier de Brennus en 2018 apr\u00e8s avoir termin\u00e9 6e de la saison r\u00e9guli\u00e8re.<\/p>\n<p class=\"fig-paragraph\">Ce hoc d\u2019ambitieux est \u00e0 suivre ce vendredi 13 juin \u00e0 partir de 21h en direct sur Canal + et \u00e9galement en live comment\u00e9 sur le site du Figaro.<\/p>\n","protected":false},"excerpt":{"rendered":"Ce vendredi 13 juin, l\u2019Aviron re\u00e7oit l\u2019ASM. Le vainqueur affrontera le Stade Toulousain en demi-finale. C\u2019est parti pour&hellip;\n","protected":false},"author":2,"featured_media":165811,"comment_status":"","ping_status":"","sticky":false,"template":"","format":"standard","meta":{"footnotes":""},"categories":[1416],"tags":[10980,4736,525,4590,29927,1981,2313,814,1011,27,955,4589,2311,1980,479,1468,2259,60,478,2310,2312],"class_list":{"0":"post-165810","1":"post","2":"type-post","3":"status-publish","4":"format-standard","5":"has-post-thumbnail","7":"category-rugby","8":"tag-asm-clermont-auvergne","9":"tag-aviron-bayonnais","10":"tag-calendrier","11":"tag-championnat-france","12":"tag-christophe-urios","13":"tag-classement","14":"tag-clermont","15":"tag-direct","16":"tag-fr","17":"tag-france","18":"tag-match","19":"tag-phase-finale","20":"tag-racing","21":"tag-resultats","22":"tag-rugby","23":"tag-rugby-football","24":"tag-score","25":"tag-sports","26":"tag-top-14","27":"tag-toulon","28":"tag-toulouse"},"share_on_mastodon":{"url":"https:\/\/pubeurope.com\/@fr\/114659446188111769","error":""},"_links":{"self":[{"href":"https:\/\/www.europesays.com\/fr\/wp-json\/wp\/v2\/posts\/165810","targetHints":{"allow":["GET"]}}],"collection":[{"href":"https:\/\/www.europesays.com\/fr\/wp-json\/wp\/v2\/posts"}],"about":[{"href":"https:\/\/www.europesays.com\/fr\/wp-json\/wp\/v2\/types\/post"}],"author":[{"embeddable":true,"href":"https:\/\/www.europesays.com\/fr\/wp-json\/wp\/v2\/users\/2"}],"replies":[{"embeddable":true,"href":"https:\/\/www.europesays.com\/fr\/wp-json\/wp\/v2\/comments?post=165810"}],"version-history":[{"count":0,"href":"https:\/\/www.europesays.com\/fr\/wp-json\/wp\/v2\/posts\/165810\/revisions"}],"wp:featuredmedia":[{"embeddable":true,"href":"https:\/\/www.europesays.com\/fr\/wp-json\/wp\/v2\/media\/165811"}],"wp:attachment":[{"href":"https:\/\/www.europesays.com\/fr\/wp-json\/wp\/v2\/media?parent=165810"}],"wp:term":[{"taxonomy":"category","embeddable":true,"href":"https:\/\/www.europesays.com\/fr\/wp-json\/wp\/v2\/categories?post=165810"},{"taxonomy":"post_tag","embeddable":true,"href":"https:\/\/www.europesays.com\/fr\/wp-json\/wp\/v2\/tags?post=165810"}],"curies":[{"name":"wp","href":"https:\/\/api.w.org\/{rel}","templated":true}]}}