{"id":165814,"date":"2025-06-10T14:06:16","date_gmt":"2025-06-10T14:06:16","guid":{"rendered":"https:\/\/www.europesays.com\/fr\/165814\/"},"modified":"2025-06-10T14:06:16","modified_gmt":"2025-06-10T14:06:16","slug":"du-positif-pour-ktm-en-quittant-aragon","status":"publish","type":"post","link":"https:\/\/www.europesays.com\/fr\/165814\/","title":{"rendered":"du positif pour KTM en quittant Arag\u00f3n"},"content":{"rendered":"<p>Press\u00e9 de quitter le circuit, lundi soir, <a href=\"https:\/\/fr.motorsport.com\/driver\/pedro-acosta\/840236\/\" target=\"_blank\" rel=\"noopener\">Pedro Acosta<\/a> est all\u00e9 droit au but\u00a0:\u00a0le test dont il attendait tant s&rsquo;est bien pass\u00e9. C&rsquo;\u00e9tait m\u00eame, \u00e0 ses yeux, \u00ab\u00a0un v\u00e9ritable test\u00a0\u00bb, pour lequel KTM a fourni les efforts ad\u00e9quats en apportant une quantit\u00e9 substantielle de pi\u00e8ces \u00e0 tester. Voil\u00e0 dont l&rsquo;Espagnol satisfait de ce qu&rsquo;il a vu, et peut-\u00eatre quelque peu rassur\u00e9 apr\u00e8s des semaines \u00e0 multiplier les messages d&rsquo;alerte \u00e0 l&rsquo;encontre de son employeur\u00a0?<\/p>\n<p>\u00ab\u00a0Franchement, \u00e7a a \u00e9t\u00e9 un bon test. On en retire beaucoup de choses positives\u00a0\u00bb, a d\u00e9clar\u00e9 Acosta, au ton certes peu enthousiaste mais aux propos bien plus encourageants qu&rsquo;ils l&rsquo;ont \u00e9t\u00e9 r\u00e9cemment. \u00ab\u00a0On peut \u00eatre satisfaits parce que \u00e7a a \u00e9t\u00e9 un v\u00e9ritable test\u00a0\u00bb, a-t-il ajout\u00e9.<\/p>\n<p>Lire aussi :<\/p>\n<p>Cinq pilotes \u00e9taient mobilis\u00e9s pour cette journ\u00e9e, puisque KTM a fait rouler <a href=\"https:\/\/fr.motorsport.com\/driver\/pol-espargaro\/94345\/\" target=\"_blank\" rel=\"noopener\">Pol Espargar\u00f3<\/a> en plus des titulaires, avec \u00e9galement la pr\u00e9sence de <a href=\"https:\/\/fr.motorsport.com\/driver\/dani-pedrosa\/92566\/\" target=\"_blank\" rel=\"noopener\">Dani Pedrosa<\/a>\u00a0en observateur. En termes d&rsquo;\u00e9volutions sur la moto, le grand sujet concernait l&rsquo;a\u00e9rodynamique, avec diff\u00e9rentes solutions r\u00e9parties d&rsquo;un stand \u00e0 l&rsquo;autre dans l&rsquo;id\u00e9e d&rsquo;aider la RC16 \u00e0 mieux tourner, \u00e0 gagner en grip ou \u00e0 r\u00e9duire ses cabrages.<\/p>\n<p>\u00ab\u00a0Une journ\u00e9e charg\u00e9e et beaucoup de choses \u00e0 essayer\u00a0\u00bb,\u00a0a r\u00e9sum\u00e9 Aki Ajo, team manager de l&rsquo;\u00e9quipe d&rsquo;usine, \u00ab\u00a0mais notre test team travaille aussi cette semaine \u00e0 Barcelone, alors nous avons pu faire des exp\u00e9rimentations et \u00e9tablir certaines priorit\u00e9s mais aussi mettre d&rsquo;autres choses de c\u00f4t\u00e9 pour y travailler plus tard.\u00a0\u00bb<\/p>\n<p>\u00ab\u00a0Apr\u00e8s le Grand Prix disput\u00e9 ici, il est clair que nous voulions faire un autre pas en avant et faire en sorte d&rsquo;am\u00e9liorer bient\u00f4t la moto\u00a0\u00bb, souligne le directeur technique, Sebastian Risse. \u00ab\u00a0Nous avons principalement travaill\u00e9 sur l&rsquo;aspect a\u00e9ro et sur des pi\u00e8ces de ch\u00e2ssis. Nous avons vraiment essay\u00e9 d&rsquo;obtenir une vision large de nombreux \u00e9l\u00e9ments avec nos quatre pilotes et nous y sommes parvenus. Nous avons trouv\u00e9 des choses positives.\u00a0\u00bb<\/p>\n<p>   <img decoding=\"async\" draggable=\"false\" src=\"https:\/\/www.europesays.com\/fr\/wp-content\/uploads\/2025\/06\/1749564375_183_pedro-acosta-red-bull-ktm-fact.jpg\" alt=\"Pedro Acosta\" width=\"1200\" height=\"800\" loading=\"lazy\"\/> <\/p>\n<p class=\"title\">Pedro Acosta<\/p>\n<p class=\"photographer\">Photo de: MotoGP<\/p>\n<p>Pedro Acosta s&rsquo;est class\u00e9 cinqui\u00e8me de ce test. Un chrono obtenu facilement, a-t-il expliqu\u00e9, et sans avoir eu besoin de se lancer dans un time attack en bonne et due forme. Le meilleur temps est revenu \u00e0 une autre KTM, celle pilot\u00e9e par <a href=\"https:\/\/fr.motorsport.com\/driver\/maverick-vinales\/96553\/\" target=\"_blank\" rel=\"noopener\">Maverick Vi\u00f1ales<\/a>. Et le pilote Tech3 a justement fait \u00e9cho aux propos positifs de son compatriote, et pas uniquement car il a \u00e9t\u00e9 le plus rapide de tous.<\/p>\n<p>La quantit\u00e9 de pi\u00e8ces \u00e0 \u00e9valuer l&rsquo;a lui aussi agr\u00e9ablement surpris, ainsi que son ressenti avec les nouveaut\u00e9s. \u00ab\u00a0Franchement, ils ont apport\u00e9 plus que ce \u00e0 quoi je m&rsquo;attendais. Et ce qu&rsquo;ils ont apport\u00e9 fonctionne, ce qui est tr\u00e8s important\u00a0\u00bb, a r\u00e9sum\u00e9 Vi\u00f1ales.<\/p>\n<blockquote>\n<p>Si \u00e7a marche, \u00e7a repr\u00e9sente une belle am\u00e9lioration.<\/p>\n<\/blockquote>\n<p>L&rsquo;Espagnol avait demand\u00e9 \u00e0 faire \u00e9voluer l&rsquo;a\u00e9rodynamique de la RC16 en chargeant moins l&rsquo;avant de la moto afin d&rsquo;obtenir un passage des virages plus naturel. Et ce qu&rsquo;il a exp\u00e9riment\u00e9 lundi r\u00e9pond visiblement \u00e0 ses attentes, avec une face avant et un garde-boue all\u00e9g\u00e9s, pour une KTM finalement tr\u00e8s proche d\u00e9sormais de la configuration de la Ducati.<\/p>\n<p>\u00ab\u00a0Quand on a fait le test de Jerez fin avril, j&rsquo;avais essay\u00e9 de retirer certaines pi\u00e8ces a\u00e9ro de la moto, comme le hammerhead, l&rsquo;aileron au-dessus de la roue \u00e0 l&rsquo;avant, et \u00e7a m&rsquo;avait sembl\u00e9 positif. La moto tournait plus facilement et plus naturellement\u00a0\u00bb,\u00a0a expliqu\u00e9 Vi\u00f1ales. \u00ab\u00a0Ici, ils ont apport\u00e9 un car\u00e9nage sp\u00e9cifique pour rouler sans cette pi\u00e8ce et maintenir plus ou moins le m\u00eame appui, et \u00e7a semble mieux fonctionner. La moto est beaucoup plus naturelle dans son comportement et elle tourne bien.\u00a0\u00bb<\/p>\n<p>\u00ab\u00a0Apr\u00e8s, il y a d&rsquo;autres points n\u00e9gatifs\u00a0\u00bb,\u00a0a ajout\u00e9 le pilote Tech3. \u00ab\u00a0C&rsquo;est juste un peu moins performant sur les freins et quand on tourne avec les gaz, mais par contre on gagne \u00e9norm\u00e9ment en turning, dans les virages. Donc il faut voir ce qu&rsquo;on pr\u00e9f\u00e8re avoir.\u00a0\u00bb<\/p>\n<p>\u00ab\u00a0C&rsquo;est tr\u00e8s important de faire en sorte que \u00e7a fonctionne. Si \u00e7a marche, \u00e7a repr\u00e9sente une belle am\u00e9lioration car \u00e7a enl\u00e8ve beaucoup de vibrations et \u00e7a permet donc d&rsquo;\u00eatre plus rapides. Il faut qu&rsquo;on fasse des tours, qu&rsquo;on engrange des kilom\u00e8tres et qu&rsquo;on fasse en sorte que \u00e7a marche.\u00a0\u00bb<\/p>\n<p>   <img decoding=\"async\" draggable=\"false\" src=\"https:\/\/www.europesays.com\/fr\/wp-content\/uploads\/2025\/06\/1749564376_92_maverick-vinales-red-bull-ktm-.jpg\" alt=\"Maverick Vinales\" width=\"1200\" height=\"800\" loading=\"lazy\"\/> <\/p>\n<p class=\"title\">Maverick Vi\u00f1ales<\/p>\n<p class=\"photographer\">Photo de: KTM Images<\/p>\n<p>Acosta a soulign\u00e9 avoir du mal \u00e0 placer le curseur entre les gains et les \u00e9ventuelles pertes induites par ce car\u00e9nage. \u00ab\u00a0Tous les pilotes ont d\u00fb tester les packages et on a fait des runs de trois tours avant d&rsquo;en changer, puis \u00e0 nouveau trois tours et un changement de package. Avec aussi ma chute du matin, on n&rsquo;a pas eu le temps de faire de time attack, alors c&rsquo;est dur \u00e0 dire mais on peut s&rsquo;estimer satisfaits\u00a0\u00bb, a-t-il soulign\u00e9 lorsqu&rsquo;il lui a \u00e9t\u00e9 demand\u00e9 si l&rsquo;\u00e9volution a\u00e9ro aidait effectivement la moto \u00e0 tourner.<\/p>\n<p>\u00ab\u00a0\u00c7a aide un peu par rapport \u00e0 la direction dans laquelle on veut aller. Le fait est qu&rsquo;il est assez difficile de comprendre un package a\u00e9ro en une seule journ\u00e9e, aussi j&rsquo;esp\u00e8re que l&rsquo;usine et le test team vont mener une grosse analyse pour comprendre la voie \u00e0 suivre\u00a0\u00bb, a ajout\u00e9 le pilote KTM.<\/p>\n<p>Une homologation d\u00e8s le prochain Grand Prix\u00a0?<\/p>\n<p>Si le package a\u00e9rodynamique fonctionne et que les donn\u00e9es confirment son apport, la grande question sera de savoir quand il pourra \u00eatre introduit en course. Une seule mise \u00e0 jour lui \u00e9tant autoris\u00e9e dans le cours de la saison, KTM doit s&rsquo;assurer de faire le bon choix.<\/p>\n<p>\u00ab\u00a0Pour la prochaine course, c&rsquo;est assez serr\u00e9\u00a0\u00bb, craint Acosta. \u00ab\u00a0Normalement, chez KTM, les quatre pilotes ont les m\u00eames opportunit\u00e9s, et c&rsquo;est assez difficile d&rsquo;apporter huit motos, plus les pi\u00e8ces de rechange, alors je ne pense pas.\u00a0\u00bb<\/p>\n<p>\u00ab\u00a0Pour les pistes qui arrivent, c&rsquo;est probablement bien que la moto tourne bien alors on va voir si on homologue un package a\u00e9ro au Mugello\u00a0\u00bb, a ajout\u00e9 Vi\u00f1ales, certain qu&rsquo;il ne manque qu&rsquo;un dixi\u00e8me \u00e0 KTM pour \u00eatre v\u00e9ritablement dans le coup. \u00ab\u00a0Il faut vraiment qu&rsquo;on prenne toutes les informations, qu&rsquo;on m\u00e8ne une analyse approfondie et qu&rsquo;on voie si \u00e7a am\u00e9liore les choses ou pas.\u00a0\u00bb<\/p>\n<p style=\"text-align: right;\">Avec Germ\u00e1n Garcia Casanova<\/p>\n<p>Lire aussi :<\/p>\n<p>Dans cet article<\/p>\n<p>    L\u00e9na Buffa\n<\/p>\n<p>    MotoGP\n<\/p>\n<p>    Maverick Vi\u00f1ales\n<\/p>\n<p>    Pedro Acosta\n<\/p>\n<p>    Tech 3\n<\/p>\n<p>    Red Bull KTM Factory Racing\n<\/p>\n<p>Soyez le premier inform\u00e9 et souscrivez aux alertes mails pour recevoir les infos en temps r\u00e9el<\/p>\n<p>    S&rsquo;abonner aux alertes de news<\/p>\n","protected":false},"excerpt":{"rendered":"Press\u00e9 de quitter le circuit, lundi soir, Pedro Acosta est all\u00e9 droit au but\u00a0:\u00a0le test dont il attendait&hellip;\n","protected":false},"author":2,"featured_media":165815,"comment_status":"","ping_status":"","sticky":false,"template":"","format":"standard","meta":{"footnotes":""},"categories":[1413],"tags":[1011,27,5712,1457,1456,1458,26453,3070,3068,60,3374,29118],"class_list":{"0":"post-165814","1":"post","2":"type-post","3":"status-publish","4":"format-standard","5":"has-post-thumbnail","7":"category-moto","8":"tag-fr","9":"tag-france","10":"tag-maverick-viu00f1ales","11":"tag-moto","12":"tag-motocycle","13":"tag-motogp","14":"tag-motorland-aragu00f3n","15":"tag-pedro-acosta","16":"tag-red-bull-ktm-factory-racing","17":"tag-sports","18":"tag-tech-3","19":"tag-test-daragu00f3n"},"share_on_mastodon":{"url":"https:\/\/pubeurope.com\/@fr\/114659458089609285","error":""},"_links":{"self":[{"href":"https:\/\/www.europesays.com\/fr\/wp-json\/wp\/v2\/posts\/165814","targetHints":{"allow":["GET"]}}],"collection":[{"href":"https:\/\/www.europesays.com\/fr\/wp-json\/wp\/v2\/posts"}],"about":[{"href":"https:\/\/www.europesays.com\/fr\/wp-json\/wp\/v2\/types\/post"}],"author":[{"embeddable":true,"href":"https:\/\/www.europesays.com\/fr\/wp-json\/wp\/v2\/users\/2"}],"replies":[{"embeddable":true,"href":"https:\/\/www.europesays.com\/fr\/wp-json\/wp\/v2\/comments?post=165814"}],"version-history":[{"count":0,"href":"https:\/\/www.europesays.com\/fr\/wp-json\/wp\/v2\/posts\/165814\/revisions"}],"wp:featuredmedia":[{"embeddable":true,"href":"https:\/\/www.europesays.com\/fr\/wp-json\/wp\/v2\/media\/165815"}],"wp:attachment":[{"href":"https:\/\/www.europesays.com\/fr\/wp-json\/wp\/v2\/media?parent=165814"}],"wp:term":[{"taxonomy":"category","embeddable":true,"href":"https:\/\/www.europesays.com\/fr\/wp-json\/wp\/v2\/categories?post=165814"},{"taxonomy":"post_tag","embeddable":true,"href":"https:\/\/www.europesays.com\/fr\/wp-json\/wp\/v2\/tags?post=165814"}],"curies":[{"name":"wp","href":"https:\/\/api.w.org\/{rel}","templated":true}]}}