{"id":165822,"date":"2025-06-10T14:10:09","date_gmt":"2025-06-10T14:10:09","guid":{"rendered":"https:\/\/www.europesays.com\/fr\/165822\/"},"modified":"2025-06-10T14:10:09","modified_gmt":"2025-06-10T14:10:09","slug":"je-ne-donne-pas-la-premiere-baffe","status":"publish","type":"post","link":"https:\/\/www.europesays.com\/fr\/165822\/","title":{"rendered":"Je ne donne pas la premi\u00e8re baffe"},"content":{"rendered":"<p>Voil\u00e0 huit ans que Brigitte Macron a pris possession de l\u2019Elys\u00e9e<br \/>\naux c\u00f4t\u00e9s de son \u00e9poux Emmanuel. Ancienne professeure de fran\u00e7ais<br \/>\net de th\u00e9\u00e2tre, cette derni\u00e8re a d\u00fb assurer un tout nouveau r\u00f4le :<br \/>\ncelui de Premi\u00e8re dame. Au quotidien, la septuag\u00e9naire \u0153uvre pour<br \/>\nrendre la vie des Fran\u00e7ais plus agr\u00e9able. Parmi ses engagements<br \/>\nfigurent par exemple l\u2019inclusion des personnes en situation de<br \/>\nhandicap ou encore la lutte contre le harc\u00e8lement scolaire.<br \/>\nV\u00e9ritablement d\u00e9vou\u00e9e et empathique, cela n\u2019emp\u00eache pas Brigitte<br \/>\nMacron d\u2019avoir un caract\u00e8re tr\u00e8s affirm\u00e9. Les personnes les plus<br \/>\nproches d\u2019elle en savent d\u2019ailleurs quelque chose.<\/p>\n<p>Des conflits r\u00e9guliers entre Emmanuel et Brigitte Macron<\/p>\n<p>Amoureux de Brigitte depuis plus de vingt ans, Emmanuel Macron<br \/>\nn\u2019est <strong>pas \u00e9tranger aux disputes de couple<\/strong>. Un<br \/>\nancien collaborateur du couple pr\u00e9sidentiel a d\u2019ailleurs r\u00e9v\u00e9l\u00e9<br \/>\ndans les colonnes de Public que <a href=\"https:\/\/www.melty.fr\/people\/brigitte-macron-furax-contre-emmanuel-un-ancien-collaborateur-balance-je-lai-souvent-entendue-2240736.html\" rel=\"nofollow noopener\" target=\"_blank\"><br \/>\nla Premi\u00e8re dame \u00e9levait souvent la voix contre le chef de<br \/>\nl\u2019Etat<\/a> <strong>lorsqu\u2019elle est contrari\u00e9e<\/strong>.<\/p>\n<p><strong>\u00ab\u00a0J\u2019ai souvent entendu Brigitte reprendre son<br \/>\nmari\u00a0\u00bb<\/strong>, r\u00e9v\u00e9lait ce dernier aupr\u00e8s de nos confr\u00e8res.<br \/>\nEt d\u2019ajouter avec franchise : \u00ab\u00a0S\u2019il est un peu cassant avec<br \/>\nelle dans un d\u00eener ou une r\u00e9union de travail, elle n\u2019h\u00e9site pas \u00e0<br \/>\n<strong>lui r\u00e9pliquer de ne pas lui parler comme \u00e7a<br \/>\n!\u00a0\u00bb<\/strong>. Etonnant mais vrai, cette fa\u00e7on de faire semble<br \/>\n\u00eatre leur dynamique au quotidien : \u00ab\u00a0Ils ont toujours fonctionn\u00e9<br \/>\nainsi\u00a0\u00bb.<\/p>\n<p>La Premi\u00e8re dame \u00e9voque volontiers son \u00ab\u00a0sale caract\u00e8re\u00a0\u00bb<\/p>\n<p>De toute \u00e9vidence, <strong>Brigitte Macron n\u00a0\u00bbh\u00e9site jamais \u00e0<br \/>\ndire le fond de sa pens\u00e9e<\/strong>, quitte \u00e0 para\u00eetre un peu dure<br \/>\naux yeux de celles et ceux qui l\u2019entourent. Dans un long portrait<br \/>\nqui lui \u00e9tait consacr\u00e9 dans le journal Le Monde fin 2021, la<br \/>\nPremi\u00e8re dame assumait pleinement son \u00ab\u00a0sale caract\u00e8re\u00a0\u00bb.<br \/>\n<strong>\u00ab\u00a0Quand je ne suis pas contente, je le<br \/>\ndis\u00a0\u00bb<\/strong>, d\u00e9voilait-elle sans d\u00e9tour.<\/p>\n<p style=\"text-align: left;\">De m\u00eame, <a href=\"https:\/\/www.melty.fr\/people\/brigitte-macron-priee-de-garder-ses-reflexions-pour-elle-emmanuel-la-recadre-2240234.html\" rel=\"nofollow noopener\" target=\"_blank\"><br \/>\ncelle qui est r\u00e9guli\u00e8rement recadr\u00e9e par Emmanuel Macron<\/a><br \/>\naffirme ne jamais faire le premier pas lorsqu\u2019elle est contrari\u00e9e :<br \/>\n<strong>\u00ab\u00a0Je n&rsquo;attaque jamais. Je ne donne pas la premi\u00e8re<br \/>\nbaffe, mais je suis capable de la rendre\u00a0\u00bb<\/strong>. Voil\u00e0 qui<br \/>\na le m\u00e9rite d\u2019\u00eatre clair.<\/p>\n<p>Cette solution qui calme aussit\u00f4t<br \/>\nBrigitte Macron<\/p>\n<p>Sans langue de bois durant cet entretien accord\u00e9 \u00e0 nos<br \/>\nconfr\u00e8res, Brigitte Macron a m\u00eame avou\u00e9 \u00eatre <strong>\u00ab\u00a0beaucoup<br \/>\nplus m\u00e9chante\u00a0\u00bb que son mari<\/strong>. \u00ab\u00a0C&rsquo;est vrai. Quand<br \/>\nelle d\u00e9cr\u00e8te que quelqu&rsquo;un dit sortir du champ, \u00e7a sort. Lui, il<br \/>\nlouvoie, c&rsquo;est ordre et contrordre. Avec elle, <strong>tu fais<br \/>\ndouble jeu ou tu trahis une fois, c&rsquo;est termin\u00e9\u00a0\u00bb<\/strong>, a<br \/>\nconfirm\u00e9 un proche du couple pr\u00e9sidentiel aupr\u00e8s du Monde.<\/p>\n<p>Brigitte Macron a toutefois un moyen infaillible pour ne pas se<br \/>\nlaisser submerger par ses \u00e9motions. Et cela passe par l\u2019\u00e9criture.<br \/>\nDepuis son arriv\u00e9e au sein du palais de l\u2019Elys\u00e9e, <strong>la<br \/>\nPremi\u00e8re dame tient un journal intime<\/strong> dans lequel<br \/>\n<strong>elle note absolument tout<\/strong> : \u00ab\u00a0Quand les choses<br \/>\nsont compliqu\u00e9es, je les couche sur le papier. <strong>C&rsquo;est raide,<br \/>\nth\u00e9rapeutique\u00a0\u00bb<\/strong>. Une fa\u00e7on de faire finalement logique<br \/>\npour cette ancienne professeure de fran\u00e7ais.<\/p>\n","protected":false},"excerpt":{"rendered":"Voil\u00e0 huit ans que Brigitte Macron a pris possession de l\u2019Elys\u00e9e aux c\u00f4t\u00e9s de son \u00e9poux Emmanuel. Ancienne&hellip;\n","protected":false},"author":2,"featured_media":165823,"comment_status":"","ping_status":"","sticky":false,"template":"","format":"standard","meta":{"footnotes":""},"categories":[1359],"tags":[905,986,58,1073,59,1011,27,973],"class_list":{"0":"post-165822","1":"post","2":"type-post","3":"status-publish","4":"format-standard","5":"has-post-thumbnail","7":"category-people","8":"tag-a-la-une-melty","9":"tag-brigitte-macron","10":"tag-divertissement","11":"tag-emmanuel-macron","12":"tag-entertainment","13":"tag-fr","14":"tag-france","15":"tag-people"},"share_on_mastodon":{"url":"https:\/\/pubeurope.com\/@fr\/114659473684017360","error":""},"_links":{"self":[{"href":"https:\/\/www.europesays.com\/fr\/wp-json\/wp\/v2\/posts\/165822","targetHints":{"allow":["GET"]}}],"collection":[{"href":"https:\/\/www.europesays.com\/fr\/wp-json\/wp\/v2\/posts"}],"about":[{"href":"https:\/\/www.europesays.com\/fr\/wp-json\/wp\/v2\/types\/post"}],"author":[{"embeddable":true,"href":"https:\/\/www.europesays.com\/fr\/wp-json\/wp\/v2\/users\/2"}],"replies":[{"embeddable":true,"href":"https:\/\/www.europesays.com\/fr\/wp-json\/wp\/v2\/comments?post=165822"}],"version-history":[{"count":0,"href":"https:\/\/www.europesays.com\/fr\/wp-json\/wp\/v2\/posts\/165822\/revisions"}],"wp:featuredmedia":[{"embeddable":true,"href":"https:\/\/www.europesays.com\/fr\/wp-json\/wp\/v2\/media\/165823"}],"wp:attachment":[{"href":"https:\/\/www.europesays.com\/fr\/wp-json\/wp\/v2\/media?parent=165822"}],"wp:term":[{"taxonomy":"category","embeddable":true,"href":"https:\/\/www.europesays.com\/fr\/wp-json\/wp\/v2\/categories?post=165822"},{"taxonomy":"post_tag","embeddable":true,"href":"https:\/\/www.europesays.com\/fr\/wp-json\/wp\/v2\/tags?post=165822"}],"curies":[{"name":"wp","href":"https:\/\/api.w.org\/{rel}","templated":true}]}}