{"id":165826,"date":"2025-06-10T14:12:12","date_gmt":"2025-06-10T14:12:12","guid":{"rendered":"https:\/\/www.europesays.com\/fr\/165826\/"},"modified":"2025-06-10T14:12:12","modified_gmt":"2025-06-10T14:12:12","slug":"les-best-sellers-a-lire-cet-ete","status":"publish","type":"post","link":"https:\/\/www.europesays.com\/fr\/165826\/","title":{"rendered":"Les best-sellers \u00e0 lire cet \u00e9t\u00e9"},"content":{"rendered":"<p>Ce premier semestre a \u00e9t\u00e9 compliqu\u00e9 ? Entre la gestion des enfants, le travail ou les tracas du quotidien, votre charge mentale a \u00e9t\u00e9 telle que vous n\u2019avez pas eu le temps d\u2019ouvrir un livre. Le moment de boucler les valises pour des vacances bien m\u00e9rit\u00e9es est arriv\u00e9 et nous vous proposons une s\u00e9lection des best-sellers \u00e0 glisser dans vos bagages. Et pour vous simplifier la vie, nous n\u2019avons retenu que LE livre \u00e0 d\u00e9couvrir par genre litt\u00e9raire. On vous d\u00e9voile nos essentiels !<\/p>\n<p>                            <strong>Le roman de l\u2019\u00e9t\u00e9<\/strong><\/p>\n<p>Nous avons le plaisir de vous recevoir \u00e0 la <a href=\"https:\/\/www.fnac.com\/a21145319\/Serena-Giuliano-Villa-Gloria\" target=\"_blank\" rel=\"noopener\"><strong>Villa Gloria<\/strong><\/a>, une maison d\u2019h\u00f4tes situ\u00e9e dans les Pouilles. Vous y serez re\u00e7us par Iris et sa m\u00e8re Gloria\u00a0: elles ont h\u00e9rit\u00e9 de cette charmante demeure qui appartenait \u00e0 tante Gemma. En d\u00e9pit d\u2019une gestion efficace de cette pension, toutes les deux ont des caract\u00e8res diam\u00e9tralement oppos\u00e9s. Iris est calme, discr\u00e8te et tr\u00e8s organis\u00e9e alors que Gloria est fantasque, curieuse et m\u00eame parfois insouciante. Il faut dire qu\u2019elle a connu la maternit\u00e9 \u00e0 16 ans seulement et que le besoin de libert\u00e9 et de l\u00e9g\u00e8ret\u00e9 se fait plus pressant en vieillissant. L\u2019alternance des deux voix au fil des chapitres font de ce nouveau roman de <a href=\"https:\/\/www.fnac.com\/Serena-Giuliano\/ia8775494\" target=\"_blank\" rel=\"noopener\">Serena Giuliano<\/a> un page-turner plus qu\u2019efficace.<\/p>\n<p><strong class=\"small\">En stock<\/strong><\/p>\n<p>        Acheter sur Fnac.com<\/p>\n<p><strong>Le polar de l\u2019\u00e9t\u00e9 <\/strong><\/p>\n<p>Au fil des ann\u00e9es, <a href=\"https:\/\/www.fnac.com\/Valentin-Musso\/ia857790\" target=\"_blank\" rel=\"noopener\">Valentin Musso<\/a> a su se faire un pr\u00e9nom dans le monde du roman policier. Et pour cet \u00e9t\u00e9, l\u2019auteur pr\u00e9sente <a href=\"https:\/\/www.fnac.com\/a21345002\/Valentin-Musso-Voici-demain-Le-nouveau-thriller-evenement-de-Valentin-Musso-Nouveaute-2025\" target=\"_blank\" rel=\"noopener\"><strong>Voici demain<\/strong><\/a>, un thriller psychologique qui se d\u00e9vore plus qu\u2019il ne se d\u00e9guste\u00a0! Dans une ferme isol\u00e9e et sans confort au pied des Pyr\u00e9n\u00e9es, Chlo\u00e9, Paul et Mathieu partagent un quotidien proche de la nature et vivent en toute autarcie. Mais de terribles \u00e9v\u00e9nements vont venir bouleverser le pays ainsi que leurs vies de reclus. Un texte anxiog\u00e8ne qui responsabilise le lecteur sur l\u2019avenir \u00e9cologique de notre monde. Un best-seller en vue\u00a0!<\/p>\n<p><strong class=\"small\">En stock<\/strong><\/p>\n<p>        Acheter sur Fnac.com<\/p>\n<p><strong>La bande-dessin\u00e9e de l\u2019\u00e9t\u00e9<\/strong><\/p>\n<p>Georges de Caunes r\u00eavait de voyages, au point qu\u2019en 1962 il a quitt\u00e9 sa famille pour tenter l\u2019exp\u00e9rience de naufrag\u00e9 volontaire sur une \u00eele d\u00e9serte. Son fils, <a href=\"https:\/\/www.fnac.com\/Antoine-de-Caunes\/ia184090\" target=\"_blank\" rel=\"noopener\">Antoine de Caunes<\/a> avait alors 8 ans. Bien des ann\u00e9es plus tard, en 2025, l\u2019auteur analyse avec finesse ce qu\u2019il a pu alors ressentir \u00e0 l\u2019\u00e9poque, dans un r\u00e9cit intime et \u00e9mouvant, mis en images par <a href=\"https:\/\/www.fnac.com\/Xavier-Coste\/ia1151935\" target=\"_blank\" rel=\"noopener\">Xavier Coste<\/a>. <a href=\"https:\/\/www.fnac.com\/a21153965\/Xavier-Coste-Il-deserte\" target=\"_blank\" rel=\"noopener\"><strong>Il d\u00e9serte<\/strong><\/a> est bien plus que la BD de l\u2019\u00e9t\u00e9\u2026 C\u2019est celle de l\u2019ann\u00e9e\u00a0!<\/p>\n<p><strong class=\"small\">En stock<\/strong><\/p>\n<p>        Acheter sur Fnac.com<\/p>\n<p><strong>Le livre pour les ados de l\u2019\u00e9t\u00e9<\/strong><\/p>\n<p>Qui ose encore pr\u00e9tendre que les ados ne lisent plus\u00a0? Avec <strong><a href=\"https:\/\/www.fnac.com\/a21181626\/Sophie-Jomain-Un-jour-une-lettre-31-jours-pour-t-aimer\" target=\"_blank\" rel=\"noopener\">Un jour, une lettre\u00a0: 31 jours pour t\u2019aimer<\/a>,<\/strong> m\u00eame les plus r\u00e9fractaires vont se laisser s\u00e9duire par le concept imagin\u00e9 par <a href=\"https:\/\/www.fnac.com\/Sophie-Jomain\/ia920598\" target=\"_blank\" rel=\"noopener\">Sophie Jomain<\/a>. Le principe\u00a0? Une lettre \u00e0 d\u00e9couvrir pas jour pendant un mois. L\u2019histoire d\u00e9bute avec une lettre froiss\u00e9e trouv\u00e9e par Julie sur une table de caf\u00e9. Apr\u00e8s l\u2019avoir lue, elle d\u00e9cide d\u2019y r\u00e9pondre. Commence alors un \u00e9change \u00e9pistolaire entre deux inconnus\u2026 Un livre objet digne d\u2019un beau calendrier de l\u2019Avent.<\/p>\n<p><strong class=\"small\">En stock<\/strong><\/p>\n<p>        Acheter sur Fnac.com<\/p>\n<p><strong>L\u2019essai historique de l\u2019\u00e9t\u00e9<\/strong><\/p>\n<p>En cette pause estivale, rien n\u2019emp\u00eache de faire travailler ses neurones. Apr\u00e8s l\u2019immense succ\u00e8s du <a href=\"https:\/\/www.fnac.com\/o11470763\/Le-barman-du-ritz\/w-4\" target=\"_blank\" rel=\"noopener\"><strong>Barman du Ritz<\/strong><\/a>, <a href=\"https:\/\/www.fnac.com\/Philippe-Collin\/ia10902375\" target=\"_blank\" rel=\"noopener\">Philippe Collin<\/a> poursuit son travail de m\u00e9moire sur la Seconde Guerre mondiale avec <a href=\"https:\/\/www.fnac.com\/a21102682\/Philippe-Collin-Les-Resistantes\" target=\"_blank\" rel=\"noopener\"><strong>Les R\u00e9sistantes \u2013 Le r\u00f4le crucial des femmes face au nazisme<\/strong><\/a>. \u00c0 travers les portraits de figures c\u00e9l\u00e8bres (Lucie Aubrac et Genevi\u00e8ve de Gaulle) mais aussi de femmes de l\u2019ombre (Mila Racine, Simonne Mathieu et Ren\u00e9e Davelly), on comprend que les femmes furent dans bien des cas les premi\u00e8res \u00e0 entrer en r\u00e9sistance face \u00e0 l\u2019invasion allemande et \u00e0 insuffler cet esprit d\u2019insoumission. On ne peut que dire \u00ab\u00a0Merci mesdames\u00a0\u00bb.<\/p>\n<p><strong class=\"small\">En stock<\/strong><\/p>\n<p>        Acheter sur Fnac.com<\/p>\n<p><strong>La biographie de l\u2019\u00e9t\u00e9<\/strong><\/p>\n<p>Bon nombre d\u2019entre nous sommes sensibles au charme \u00e9mouvant des Gnossiennes ou des Gymnop\u00e9diques. Mais que sait-on r\u00e9ellement de la vie d\u2019<a href=\"https:\/\/www.fnac.com\/a21238951\/Christian-Wasselin-Erik-Satie\" target=\"_blank\" rel=\"noopener\"><strong>Erik Satie<\/strong><\/a>\u00a0? Personnage fantasque, amateur d\u2019absinthe, amoureux contrari\u00e9 de Suzanne Valadon, ce magicien des notes de musique cachait son jeu sous des apparences de petit fonctionnaire anonyme. Avec cette biographie de <a href=\"https:\/\/www.fnac.com\/ia22292\/Christian-Wasselin\" target=\"_blank\" rel=\"noopener\">Christian Wasselin<\/a>, partez \u00e0 la rencontre de cet artiste de g\u00e9nie qui a marqu\u00e9 le d\u00e9but du 20e si\u00e8cle.<\/p>\n<p><strong>Le livre de cuisine de l\u2019\u00e9t\u00e9<\/strong><\/p>\n<p>Apr\u00e8s une journ\u00e9e \u00e0 la plage ou en vadrouille sur des sentiers de randonn\u00e9es, il y a toujours un ou deux affam\u00e9s pour poser la question \u00ab\u00a0On mange quoi ce soir\u00a0?\u00a0\u00bb. Avec la <a href=\"https:\/\/www.fnac.com\/a21215798\/Sabrina-Fauda-Role-Cooking-Box-Salades\" target=\"_blank\" rel=\"noopener\"><strong>Cooking Box Salades<\/strong><\/a>, les r\u00e9ponses fuseront\u00a0! 54 fiches de recettes faciles \u00e0 r\u00e9aliser, avec des ingr\u00e9dients de base accessibles, pour se r\u00e9galer tout au long de l\u2019\u00e9t\u00e9, en mangeant bon et sain.<\/p>\n<p><strong class=\"small\">En stock<\/strong><\/p>\n<p>        Acheter sur Fnac.com<\/p>\n<p><strong>Le r\u00e9cit de voyage de l\u2019\u00e9t\u00e9<\/strong><\/p>\n<p>En \u00e9cho direct avec le mythique <a href=\"https:\/\/www.fnac.com\/o7972882\/L-usage-du-monde\/w-4\" target=\"_blank\" rel=\"noopener\"><strong>L\u2019usage du Monde<\/strong><\/a> de <a href=\"https:\/\/www.fnac.com\/Nicolas-Bouvier\/ia15392\" target=\"_blank\" rel=\"noopener\">Nicolas Bouvier<\/a>, <a href=\"https:\/\/www.fnac.com\/a21148608\/Emmanuel-Ruben-L-usage-du-Japon\" target=\"_blank\" rel=\"noopener\"><strong>L\u2019usage du Japon<\/strong><\/a> est le r\u00e9cit de la travers\u00e9e du Japon effectu\u00e9e par <a href=\"https:\/\/www.fnac.com\/ia896118\/Emmanuel-Ruben\" target=\"_blank\" rel=\"noopener\">Emmanuel Ruben<\/a> en 2023. Pendant 4 mois, du nord glacial jusqu\u2019au sud verdoyant, il a sillonn\u00e9 \u00e0 v\u00e9lo l\u2019empire du soleil levant, tout en tenant ce journal de bord \u00e9maill\u00e9 de dessins et d\u2019aquarelles. Laissez-vous transporter par cette belle invitation au voyage.<\/p>\n<p><strong class=\"small\">En stock<\/strong><\/p>\n<p>        Acheter sur Fnac.com<\/p>\n<p><strong>Le coloriage de l\u2019\u00e9t\u00e9<\/strong><\/p>\n<p>Et si on envoyait une carte \u00e0 Mamie Simone et Papi Gaston ? Trouver la plus belle des images dans les boutiques du front de mer rel\u00e8ve bien trop souvent de la gageure. Alors cette ann\u00e9e, soyez cr\u00e9atif et coloriez vous-m\u00eame vos cartes postales. Suivez la vague avec les <a href=\"https:\/\/www.fnac.com\/a21535569\/Collectif-Cartes-postales-a-colorier-Chefs-d-oeuvre-d-Hokusai\" target=\"_blank\" rel=\"noopener\"><strong>Chefs-d\u2019\u0153uvre d\u2019Hokusa\u00ef<\/strong><\/a>\u00a0ou laissez libre court \u00e0 votre \u00e2me de graffeur avec\u00a0<a href=\"https:\/\/www.fnac.com\/a8621054\/Collectif-URBAN-GRAFFITI-coloriages-cartes-postales\" target=\"_blank\" rel=\"noopener\"><strong>Urban Graffiti<\/strong><\/a>. Attention, les crayons ne sont pas fournis mais vous trouverez certainement des <a href=\"https:\/\/www.fnac.com\/n245125\/Papeterie\/Ecriture\/Feutre\" target=\"_blank\" rel=\"noopener\">feutres<\/a> dans les <a href=\"https:\/\/www.fnac.com\/n459938\/Papeterie\/Fournitures-scolaires\/Trousse-fourre-tout-et-plumier\" target=\"_blank\" rel=\"noopener\">trousses<\/a> de vos enfants.<\/p>\n<p><strong>Le cahier de vacances pour adulte de l\u2019\u00e9t\u00e9<\/strong><\/p>\n<p>Si vous n\u2019avez pas la chance de pouvoir vous offrir une \u00e9chapp\u00e9e belle en cette p\u00e9riode estivale, vous allez peut-\u00eatre vous \u00e9vader en regardant l\u2019\u00e9mission Fort Boyard. Nous vous proposons de poursuivre l\u2019aventure avec le cahier de vacances <a href=\"https:\/\/www.fnac.com\/a21274649\/Fort-Boyard-Casse-tetes-et-jeux-de-logique-de-Fort-BOYARD-cahier-de-vacances-adultes-Collectif\" target=\"_blank\" rel=\"noopener\"><strong>D\u00e9fis et casse-t\u00eates Fort Boyard<\/strong><\/a>. Retrouvez le P\u00e8re Fouras, Passe-Partout et m\u00eame F\u00e9lindra et ses t\u00eates de tigres et devenez le h\u00e9ros du programme en r\u00e9solvant des \u00e9nigmes et en remportant des Boyards. Un voyage immobile qui ne pourra que vous divertir pendant de longues heures.<\/p>\n<p><strong class=\"small\">En stock<\/strong><\/p>\n<p>        Acheter sur Fnac.com<\/p>\n<p>Nous esp\u00e9rons que vous trouverez votre bonheur parmi les titres de cette s\u00e9lection. N\u2019h\u00e9sitez pas \u00e0 vous laisser inspirer par nos <a href=\"https:\/\/www.fnac.com\/l898\/Meilleures-ventes-Livre\" target=\"_blank\" rel=\"noopener\">meilleures ventes livres<\/a> si vous souhaitez compl\u00e9ter votre pile \u00e0 lire pour l\u2019\u00e9t\u00e9. Bonnes vacances\u00a0!<\/p>\n","protected":false},"excerpt":{"rendered":"Ce premier semestre a \u00e9t\u00e9 compliqu\u00e9 ? Entre la gestion des enfants, le travail ou les tracas du&hellip;\n","protected":false},"author":2,"featured_media":165827,"comment_status":"","ping_status":"","sticky":false,"template":"","format":"standard","meta":{"footnotes":""},"categories":[1357],"tags":[1379,58,59,2883,1011,27,29928,1380,25560,2528,586],"class_list":{"0":"post-165826","1":"post","2":"type-post","3":"status-publish","4":"format-standard","5":"has-post-thumbnail","7":"category-livres","8":"tag-books","9":"tag-divertissement","10":"tag-entertainment","11":"tag-ete","12":"tag-fr","13":"tag-france","14":"tag-lectures-dete","15":"tag-livres","16":"tag-selection-livre","17":"tag-vacances","18":"tag-voyage"},"share_on_mastodon":{"url":"https:\/\/pubeurope.com\/@fr\/114659481663728186","error":""},"_links":{"self":[{"href":"https:\/\/www.europesays.com\/fr\/wp-json\/wp\/v2\/posts\/165826","targetHints":{"allow":["GET"]}}],"collection":[{"href":"https:\/\/www.europesays.com\/fr\/wp-json\/wp\/v2\/posts"}],"about":[{"href":"https:\/\/www.europesays.com\/fr\/wp-json\/wp\/v2\/types\/post"}],"author":[{"embeddable":true,"href":"https:\/\/www.europesays.com\/fr\/wp-json\/wp\/v2\/users\/2"}],"replies":[{"embeddable":true,"href":"https:\/\/www.europesays.com\/fr\/wp-json\/wp\/v2\/comments?post=165826"}],"version-history":[{"count":0,"href":"https:\/\/www.europesays.com\/fr\/wp-json\/wp\/v2\/posts\/165826\/revisions"}],"wp:featuredmedia":[{"embeddable":true,"href":"https:\/\/www.europesays.com\/fr\/wp-json\/wp\/v2\/media\/165827"}],"wp:attachment":[{"href":"https:\/\/www.europesays.com\/fr\/wp-json\/wp\/v2\/media?parent=165826"}],"wp:term":[{"taxonomy":"category","embeddable":true,"href":"https:\/\/www.europesays.com\/fr\/wp-json\/wp\/v2\/categories?post=165826"},{"taxonomy":"post_tag","embeddable":true,"href":"https:\/\/www.europesays.com\/fr\/wp-json\/wp\/v2\/tags?post=165826"}],"curies":[{"name":"wp","href":"https:\/\/api.w.org\/{rel}","templated":true}]}}