{"id":165838,"date":"2025-06-10T14:19:13","date_gmt":"2025-06-10T14:19:13","guid":{"rendered":"https:\/\/www.europesays.com\/fr\/165838\/"},"modified":"2025-06-10T14:19:13","modified_gmt":"2025-06-10T14:19:13","slug":"lia-generative-dopenai-ne-repond-plus-aux-requetes","status":"publish","type":"post","link":"https:\/\/www.europesays.com\/fr\/165838\/","title":{"rendered":"l&rsquo;IA g\u00e9n\u00e9rative d&rsquo;OpenAI ne r\u00e9pond plus aux requ\u00eates"},"content":{"rendered":"<p>Ce mardi, l\u2019IA g\u00e9n\u00e9rative d\u2019OpenAI, ChatGPT, subit une panne massive qui semble toucher la plupart des internautes. <\/p>\n<p><a target=\"_blank\" href=\"https:\/\/images.frandroid.com\/wp-content\/uploads\/2024\/12\/chatgpt-scaled-1.jpg\" class=\"article-content__figure\" rel=\"noopener\"><img fetchpriority=\"high\" decoding=\"async\" loading=\"eager\" width=\"1200\" height=\"800\" src=\"https:\/\/www.europesays.com\/fr\/wp-content\/uploads\/2025\/06\/chatgpt-scaled-1.jpg\" alt=\"\" class=\"wp-image-2432115 wp-image wp-image\"  \/><\/a><\/p>\n<p>Si vous avez essay\u00e9 d\u2019envoyer des prompts \u00e0 ChatGPT ce mardi et avez re\u00e7u un message d\u2019erreur au moment de la g\u00e9n\u00e9ration de la r\u00e9ponse, vous n\u2019\u00eates pas seuls. <\/p>\n<p>Ce mardi, le service d\u2019IA g\u00e9n\u00e9rative d\u2019OpenAI a subi en effet une panne particuli\u00e8rement importante. En cons\u00e9quence, ChatGPT a multipli\u00e9 les messages d\u2019erreur aupr\u00e8s des utilisateurs : \u00ab Something went wrong, please try reloading the conversation \u00bb (quelque chose s\u2019est mal pass\u00e9, ressayez de recharger la conversation), ou \u00ab too many concurrent requests \u00bb (trop de requ\u00eates simultan\u00e9es). <\/p>\n<p>Une panne qui a commenc\u00e9 vers 11 heures<\/p>\n<p>Sur le site <a target=\"_blank\" href=\"https:\/\/downdetector.fr\/statut\/openai\/\" rel=\"noopener\">DownDetector<\/a>, on peut ainsi voir que la panne a commenc\u00e9 \u00e0 se manifester autour de 11 heures, avec un pic peu avant 14 heures. <\/p>\n<p>\t\t\t\t\t\t<a href=\"https:\/\/images.frandroid.com\/wp-content\/uploads\/2025\/06\/chatgtp-down.png\" itemprop=\"url\" target=\"_blank\" rel=\"noopener\"><\/p>\n<p>\t\t\t\t\t\t\t<img decoding=\"async\" class=\"wp-image\" src=\"https:\/\/www.europesays.com\/fr\/wp-content\/uploads\/2025\/06\/chatgtp-down.png\"  width=\"429\" height=\"187\" loading=\"lazy\" data-original-width=\"429\" data-original-height=\"187\" itemprop=\"http:\/\/schema.org\/image\" title=\"ChatGTP down\" alt=\"ChatGTP down\" style=\"width: 429px; height: 187px;\"\/><br \/>\n\t\t\t\t\t\t<\/a><\/p>\n<p>\t\t\t\t\t\t<a href=\"https:\/\/images.frandroid.com\/wp-content\/uploads\/2025\/06\/chatgtp-down2.png\" itemprop=\"url\" target=\"_blank\" rel=\"noopener\"><\/p>\n<p>\t\t\t\t\t\t\t<img decoding=\"async\" class=\"wp-image\" src=\"https:\/\/www.europesays.com\/fr\/wp-content\/uploads\/2025\/06\/chatgtp-down2.png\"  width=\"491\" height=\"187\" loading=\"lazy\" data-original-width=\"491\" data-original-height=\"187\" itemprop=\"http:\/\/schema.org\/image\" title=\"ChatGTP down2\" alt=\"ChatGTP down2\" style=\"width: 491px; height: 187px;\"\/><br \/>\n\t\t\t\t\t\t<\/a><\/p>\n<p>Pour l\u2019heure, OpenAI n\u2019a pas r\u00e9agi aux causes de la panne de GPT. L\u2019\u00e9diteur am\u00e9ricain confirme cependant sur sa <a target=\"_blank\" href=\"https:\/\/status.openai.com\/\" rel=\"noopener\">page d\u00e9di\u00e9e au statut<\/a> de l\u2019IA g\u00e9n\u00e9rative souffrir de quelques soucis : <\/p>\n<blockquote class=\"wp-block-quote is-layout-flow wp-block-quote-is-layout-flow\">\n<p>Nous avons identifi\u00e9 la cause du probl\u00e8me causant des erreurs \u00e9lev\u00e9es et une latence sur les services list\u00e9es [NDLR : ChatGPT et Sora]. Nous travaillons \u00e0 l\u2019impl\u00e9mentation d\u2019un correctif. <\/p>\n<\/blockquote>\n<p>Il faudra donc patienter sans doute quelques heures avant que le souci ne soit corrig\u00e9 d\u00e9finitivement. <\/p>\n<p>Envie de rejoindre une communaut\u00e9 de passionn\u00e9s ? <a href=\"https:\/\/discord.com\/invite\/frandroid-311789172149190657\" target=\"_blank\" rel=\"noopener\">Notre Discord<\/a> vous accueille, c\u2019est un lieu d\u2019entraide et de passion autour de la tech.<\/p>\n","protected":false},"excerpt":{"rendered":"Ce mardi, l\u2019IA g\u00e9n\u00e9rative d\u2019OpenAI, ChatGPT, subit une panne massive qui semble toucher la plupart des internautes. Si&hellip;\n","protected":false},"author":2,"featured_media":165839,"comment_status":"","ping_status":"","sticky":false,"template":"","format":"standard","meta":{"footnotes":""},"categories":[7],"tags":[141,1011,27,43,40,41,39,42,44],"class_list":{"0":"post-165838","1":"post","2":"type-post","3":"status-publish","4":"format-standard","5":"has-post-thumbnail","7":"category-sciences-et-technologies","8":"tag-chatgpt","9":"tag-fr","10":"tag-france","11":"tag-science","12":"tag-science-and-technology","13":"tag-sciences","14":"tag-sciences-et-technologies","15":"tag-technologies","16":"tag-technology"},"share_on_mastodon":{"url":"https:\/\/pubeurope.com\/@fr\/114659509266387854","error":""},"_links":{"self":[{"href":"https:\/\/www.europesays.com\/fr\/wp-json\/wp\/v2\/posts\/165838","targetHints":{"allow":["GET"]}}],"collection":[{"href":"https:\/\/www.europesays.com\/fr\/wp-json\/wp\/v2\/posts"}],"about":[{"href":"https:\/\/www.europesays.com\/fr\/wp-json\/wp\/v2\/types\/post"}],"author":[{"embeddable":true,"href":"https:\/\/www.europesays.com\/fr\/wp-json\/wp\/v2\/users\/2"}],"replies":[{"embeddable":true,"href":"https:\/\/www.europesays.com\/fr\/wp-json\/wp\/v2\/comments?post=165838"}],"version-history":[{"count":0,"href":"https:\/\/www.europesays.com\/fr\/wp-json\/wp\/v2\/posts\/165838\/revisions"}],"wp:featuredmedia":[{"embeddable":true,"href":"https:\/\/www.europesays.com\/fr\/wp-json\/wp\/v2\/media\/165839"}],"wp:attachment":[{"href":"https:\/\/www.europesays.com\/fr\/wp-json\/wp\/v2\/media?parent=165838"}],"wp:term":[{"taxonomy":"category","embeddable":true,"href":"https:\/\/www.europesays.com\/fr\/wp-json\/wp\/v2\/categories?post=165838"},{"taxonomy":"post_tag","embeddable":true,"href":"https:\/\/www.europesays.com\/fr\/wp-json\/wp\/v2\/tags?post=165838"}],"curies":[{"name":"wp","href":"https:\/\/api.w.org\/{rel}","templated":true}]}}