{"id":165842,"date":"2025-06-10T14:21:10","date_gmt":"2025-06-10T14:21:10","guid":{"rendered":"https:\/\/www.europesays.com\/fr\/165842\/"},"modified":"2025-06-10T14:21:10","modified_gmt":"2025-06-10T14:21:10","slug":"en-autriche-une-fusillade-dans-une-ecole-fait-au-moins-10-morts-dont-lassaillant-presume","status":"publish","type":"post","link":"https:\/\/www.europesays.com\/fr\/165842\/","title":{"rendered":"En Autriche, une fusillade dans une \u00e9cole fait au moins 10\u00a0morts dont l\u2019assaillant pr\u00e9sum\u00e9"},"content":{"rendered":"<p>        <img decoding=\"async\" loading=\"lazy\" src=\"https:\/\/www.europesays.com\/fr\/wp-content\/uploads\/2025\/06\/234423f_sirius-fs-upload-1-w4kzsvqdu8uu-1749553401051-000-49r76ba.jpg\"  width=\"728\" height=\"409\" alt=\"La police devant l\u2019\u00e9cole de Graz o\u00f9 une fusillade a fait une dizaine de morts le 10\u00a0juin 2025.\"\/>  <\/p>\n<p>ERWIN SCHERIAU \/ AFP<\/p>\n<p>La police devant l\u2019\u00e9cole de Graz o\u00f9 une fusillade a fait une dizaine de morts le 10\u00a0juin 2025.<\/p>\n<p class=\"asset asset-text\">INTERNATIONAL &#8211; Dix personnes sont mortes ce mardi 10\u00a0juin matin lors d\u2019une <a href=\"https:\/\/www.huffingtonpost.fr\/faits-divers\/article\/haute-marne-ce-que-l-on-sait-de-la-mort-d-une-surveillante-devant-un-college-de-nogent-sur-marne_251153.html\" target=\"_blank\" rel=\"noopener\">attaque dans une \u00e9cole<\/a> de Graz en <a href=\"https:\/\/www.huffingtonpost.fr\/international\/article\/en-autriche-l-extreme-droite-chargee-de-former-le-gouvernement-une-premiere_244442.html\" target=\"_blank\" rel=\"noopener\">Autriche<\/a>, vraisemblablement perp\u00e9tr\u00e9e par un \u00e9l\u00e8ve, selon la maire de la ville Elke Kahr, cit\u00e9e par l\u2019agence de presse APA.<\/p>\n<p class=\"asset asset-text\">Parmi les victimes, figurent des \u00e9l\u00e8ves et au moins un adulte. L\u2019auteur pr\u00e9sum\u00e9, qui a agi seul selon la police et dont le mobile est inconnu \u00e0 ce stade, est d\u00e9c\u00e9d\u00e9, a pr\u00e9cis\u00e9 Elke Kahr. Des \u00e9l\u00e8ves et enseignants auraient \u00e9galement \u00e9t\u00e9 gri\u00e8vement bless\u00e9s.<\/p>\n<p class=\"asset asset-text\">Un \u00e9l\u00e8ve du lyc\u00e9e serait \u00e0 l\u2019origine des tirs ayant n\u00e9cessit\u00e9 une \u00e9vacuation d\u2019urgence. Selon le porte-parole de la police Fritz Grundnig cit\u00e9 par ORF sur son site internet, il s\u2019est probablement donn\u00e9 la mort.<\/p>\n<p>    \u00ab Situation confuse\u00a0\u00bb    <\/p>\n<p class=\"asset asset-text\">\u00ab\u00a0La situation est tr\u00e8s confuse pour l\u2019instant. Il pourrait s\u2019agir d\u2019un cas de folie meurtri\u00e8re\u00a0\u00bb, ont d\u00e9clar\u00e9 des sources polici\u00e8res \u00e0 l\u2019agence de presse APA.<\/p>\n<p class=\"asset asset-text\">Loin des drames de ce genre qui <a href=\"https:\/\/www.huffingtonpost.fr\/international\/article\/une-fusillade-au-musee-juif-de-washington-fait-deux-morts-ce-que-l-on-sait_250369.html\" target=\"_blank\" rel=\"noopener\">secouent r\u00e9guli\u00e8rement les Etats-Unis<\/a> et d\u2019autres pays occidentaux, l\u2019Autriche, un pays membre de l\u2019UE de 9,2 millions d\u2019habitants, n\u2019a pas l\u2019habitude de ce type de criminalit\u00e9.<\/p>\n<p class=\"asset asset-text\">Elle figure parmi les dix Etats les plus s\u00fbrs du monde, d\u2019apr\u00e8s l\u2019Indice mondial pour la paix (Global Peace Index), qui prend en compte le taux d\u2019homicide aux c\u00f4t\u00e9s d\u2019autres indicateurs comme la militarisation et les conflits.<\/p>\n<p class=\"asset asset-text\">Ces derni\u00e8res ann\u00e9es, l\u2019Europe a \u00e9t\u00e9 secou\u00e9e par de rares attaques en milieu scolaire et universitaire, ne relevant pas d\u2019actes de terrorisme.<\/p>\n","protected":false},"excerpt":{"rendered":"ERWIN SCHERIAU \/ AFP La police devant l\u2019\u00e9cole de Graz o\u00f9 une fusillade a fait une dizaine de&hellip;\n","protected":false},"author":2,"featured_media":165843,"comment_status":"","ping_status":"","sticky":false,"template":"","format":"standard","meta":{"footnotes":""},"categories":[5],"tags":[11,13989,1011,27,3832,14,12,28],"class_list":{"0":"post-165842","1":"post","2":"type-post","3":"status-publish","4":"format-standard","5":"has-post-thumbnail","7":"category-international","8":"tag-actualites","9":"tag-autriche","10":"tag-fr","11":"tag-france","12":"tag-fusillade","13":"tag-international","14":"tag-news","15":"tag-world"},"share_on_mastodon":{"url":"https:\/\/pubeurope.com\/@fr\/114659517003350182","error":""},"_links":{"self":[{"href":"https:\/\/www.europesays.com\/fr\/wp-json\/wp\/v2\/posts\/165842","targetHints":{"allow":["GET"]}}],"collection":[{"href":"https:\/\/www.europesays.com\/fr\/wp-json\/wp\/v2\/posts"}],"about":[{"href":"https:\/\/www.europesays.com\/fr\/wp-json\/wp\/v2\/types\/post"}],"author":[{"embeddable":true,"href":"https:\/\/www.europesays.com\/fr\/wp-json\/wp\/v2\/users\/2"}],"replies":[{"embeddable":true,"href":"https:\/\/www.europesays.com\/fr\/wp-json\/wp\/v2\/comments?post=165842"}],"version-history":[{"count":0,"href":"https:\/\/www.europesays.com\/fr\/wp-json\/wp\/v2\/posts\/165842\/revisions"}],"wp:featuredmedia":[{"embeddable":true,"href":"https:\/\/www.europesays.com\/fr\/wp-json\/wp\/v2\/media\/165843"}],"wp:attachment":[{"href":"https:\/\/www.europesays.com\/fr\/wp-json\/wp\/v2\/media?parent=165842"}],"wp:term":[{"taxonomy":"category","embeddable":true,"href":"https:\/\/www.europesays.com\/fr\/wp-json\/wp\/v2\/categories?post=165842"},{"taxonomy":"post_tag","embeddable":true,"href":"https:\/\/www.europesays.com\/fr\/wp-json\/wp\/v2\/tags?post=165842"}],"curies":[{"name":"wp","href":"https:\/\/api.w.org\/{rel}","templated":true}]}}