{"id":165846,"date":"2025-06-10T14:23:12","date_gmt":"2025-06-10T14:23:12","guid":{"rendered":"https:\/\/www.europesays.com\/fr\/165846\/"},"modified":"2025-06-10T14:23:12","modified_gmt":"2025-06-10T14:23:12","slug":"plus-belle-la-vie-encore-plus-belle-du-mardi-10-juin-2025-episode-351","status":"publish","type":"post","link":"https:\/\/www.europesays.com\/fr\/165846\/","title":{"rendered":"Plus belle la vie, encore plus belle du mardi 10 juin 2025 &#8211; Episode 351"},"content":{"rendered":"<p id=\"descriptionPanel\" aria-labelledby=\"descriptionArrow\" aria-expanded=\"false\" class=\"mr-2 line-clamp-2 pr-2.5 text-secondary overflow-visible\">Les aveux comme les arrestations se multiplient, tandis qu&rsquo;Apolline fait face \u00e0 une situation dangereuse. Apr\u00e8s une f\u00e2cheuse rencontre, Luna s&rsquo;inqui\u00e8te pour son amie, Chlo\u00e9. Au cabinet m\u00e9dical, L\u00e9a n&rsquo;est pas dupe du comportement \u00e9trange de Riva.. Retrouvez \u00ab\u00a0Plus belle la vie, encore plus belle\u00a0\u00bb, du lundi au vendredi sur TF1. Retrouvez tous les \u00e9pisodes, extraits et bonus tous les jours sur TF1+.<\/p>\n<p><a class=\"shrink-0\" href=\"https:\/\/www.tf1.fr\/tf1\/plus-belle-la-vie\" target=\"_blank\" rel=\"noopener\"><img decoding=\"async\" src=\"https:\/\/www.europesays.com\/fr\/wp-content\/uploads\/2025\/06\/program-card-portrait-3-8d37a9-4cd475-0@1x.jpg\" width=\"138\" height=\"184\" alt=\"\" loading=\"eager\" fetchpriority=\"auto\" class=\"aspect-[3\/4] h-24 w-auto rounded-3px\" aria-hidden=\"true\"\/><\/a><\/p>\n","protected":false},"excerpt":{"rendered":"Les aveux comme les arrestations se multiplient, tandis qu&rsquo;Apolline fait face \u00e0 une situation dangereuse. Apr\u00e8s une f\u00e2cheuse&hellip;\n","protected":false},"author":2,"featured_media":165847,"comment_status":"","ping_status":"","sticky":false,"template":"","format":"standard","meta":{"footnotes":""},"categories":[2],"tags":[11,1367,1369,1365,1366,1011,27,12,1368,1371,1372,1370],"class_list":{"0":"post-165846","1":"post","2":"type-post","3":"status-publish","4":"format-standard","5":"has-post-thumbnail","7":"category-actualites","8":"tag-actualites","9":"tag-encore-plus-belle","10":"tag-encore-plus-belle-episode","11":"tag-episode","12":"tag-episode-plus-belle-la-vie","13":"tag-fr","14":"tag-france","15":"tag-news","16":"tag-plus-belle-la-vie","17":"tag-streaming-plus-belle-la-vie","18":"tag-video-en-streaming-plus-belle-la-vie","19":"tag-video-plus-belle-la-vie"},"share_on_mastodon":{"url":"https:\/\/pubeurope.com\/@fr\/114659524986413913","error":""},"_links":{"self":[{"href":"https:\/\/www.europesays.com\/fr\/wp-json\/wp\/v2\/posts\/165846","targetHints":{"allow":["GET"]}}],"collection":[{"href":"https:\/\/www.europesays.com\/fr\/wp-json\/wp\/v2\/posts"}],"about":[{"href":"https:\/\/www.europesays.com\/fr\/wp-json\/wp\/v2\/types\/post"}],"author":[{"embeddable":true,"href":"https:\/\/www.europesays.com\/fr\/wp-json\/wp\/v2\/users\/2"}],"replies":[{"embeddable":true,"href":"https:\/\/www.europesays.com\/fr\/wp-json\/wp\/v2\/comments?post=165846"}],"version-history":[{"count":0,"href":"https:\/\/www.europesays.com\/fr\/wp-json\/wp\/v2\/posts\/165846\/revisions"}],"wp:featuredmedia":[{"embeddable":true,"href":"https:\/\/www.europesays.com\/fr\/wp-json\/wp\/v2\/media\/165847"}],"wp:attachment":[{"href":"https:\/\/www.europesays.com\/fr\/wp-json\/wp\/v2\/media?parent=165846"}],"wp:term":[{"taxonomy":"category","embeddable":true,"href":"https:\/\/www.europesays.com\/fr\/wp-json\/wp\/v2\/categories?post=165846"},{"taxonomy":"post_tag","embeddable":true,"href":"https:\/\/www.europesays.com\/fr\/wp-json\/wp\/v2\/tags?post=165846"}],"curies":[{"name":"wp","href":"https:\/\/api.w.org\/{rel}","templated":true}]}}