{"id":165874,"date":"2025-06-10T14:41:12","date_gmt":"2025-06-10T14:41:12","guid":{"rendered":"https:\/\/www.europesays.com\/fr\/165874\/"},"modified":"2025-06-10T14:41:12","modified_gmt":"2025-06-10T14:41:12","slug":"strasbourg-le-vaisseau-se-donne-une-journee-pour-sensibiliser-son-public-aux-handicaps","status":"publish","type":"post","link":"https:\/\/www.europesays.com\/fr\/165874\/","title":{"rendered":"Strasbourg. Le Vaisseau se donne une journ\u00e9e pour sensibiliser son public aux handicaps"},"content":{"rendered":"<p>\u00c0 l\u2019origine de cette journ\u00e9e festive de sensibilisation \u00e0 divers handicaps, des jeunes en service civique\u00a0: \u00ab\u00a0Il y a quatre ans, ces jeunes ont voulu cr\u00e9er une journ\u00e9e d\u00e9di\u00e9e aux diff\u00e9rences et aux handicaps \u00e0 travers une programmation color\u00e9e constitu\u00e9e de nombreux ateliers\u00a0\u00bb, souligne Sandra Bail, charg\u00e9e de l\u2019action \u00e9ducative et des publics sp\u00e9cifiques \u00e0 la CEA. Que ce soit pour l\u2019\u00e9quipe interne du Vaisseau, des intervenants de la collectivit\u00e9 et d\u2019Unis-Cit\u00e9 ou des associations, l\u2019objectif est de d\u00e9couvrir diff\u00e9rents types de handicap, autant moteurs que mentaux.<\/p>\n<p>  Explorer les particularit\u00e9s de certains handicaps<\/p>\n<p>Une place importante sera ainsi consacr\u00e9e <a href=\"https:\/\/www.dna.fr\/education\/2025\/05\/07\/deux-strasbourgeoises-concoivent-un-programme-au-service-des-parents-d-adolescents-autistes\" target=\"_blank\" rel=\"nofollow noopener\">aux troubles autistiques<\/a> afin d\u2019en explorer par le jeu les particularit\u00e9s et d\u2019aider \u00e0 comprendre leur fonctionnement avec la projection d\u2019un film Mon petit fr\u00e8re de la lune, en partenariat avec l\u2019association Autisme aujourd\u2019hui, et une exposition photographique. Un lieu de repos o\u00f9 consulter livres sensoriels et albums de litt\u00e9rature jeunesse sur le th\u00e8me du handicap offrira un retour au calme en collaboration avec la Biblioth\u00e8que d\u2019Alsace.<\/p>\n<p>  Un pas de plus vers l\u2019inclusion<\/p>\n<p>Le handicap visuel sera \u00e9galement repr\u00e9sent\u00e9 \u00e0 travers divers ateliers. \u00ab\u00a0Il sera possible d\u2019apprendre \u00e0 signer une chanson en langage des signes, de tester des lunettes simulant des maladies oculaires ou de se livrer \u00e0 une partie de dominos tactiles\u2026 \u00e0 l\u2019aveugle\u00a0\u00bb, expose Sandra Bail. Une chasse au tr\u00e9sor familiarisera les volontaires aux maladies invisibles\u00a0: munis de lampe UV, ils prendront part \u00e0 un jeu de piste emmenant \u00e0 la recherche d\u2019indices cach\u00e9s dans le Vaisseau.<\/p>\n<p>Les handicaps moteurs ne seront pas oubli\u00e9s avec parcours \u00e0 obstacles et initiations \u00e0 la boccia, ce handisport <a href=\"https:\/\/www.dna.fr\/jeux-olympiques\/2024\/09\/02\/boccia-sacree-championne-aurelie-aubert-marque-l-histoire\" target=\"_blank\" rel=\"nofollow noopener\">mis en lumi\u00e8re lors des Jeux Olympiques<\/a> de Paris. Une exp\u00e9rience immersive qui montre que chaque pas vers l\u2019inclusion est un pas vers une soci\u00e9t\u00e9 plus juste et solidaire.<\/p>\n<p class=\"note\">Dimanche 15\u00a0juin de 10\u00a0h \u00e0 18\u00a0h au Vaisseau, 1 bis, rue Philippe-Dollinger \u00e0 Strasbourg. Entr\u00e9e \u00e0 12\u00a0\u20ac, accessibilit\u00e9 et tarif PMR.<\/p>\n","protected":false},"excerpt":{"rendered":"\u00c0 l\u2019origine de cette journ\u00e9e festive de sensibilisation \u00e0 divers handicaps, des jeunes en service civique\u00a0: \u00ab\u00a0Il y&hellip;\n","protected":false},"author":2,"featured_media":165875,"comment_status":"","ping_status":"","sticky":false,"template":"","format":"standard","meta":{"footnotes":""},"categories":[2820],"tags":[1111,11,2389,2649,1687,2880,1777,674,107,1011,27,775,12,25,640,2879],"class_list":{"0":"post-165874","1":"post","2":"type-post","3":"status-publish","4":"format-standard","5":"has-post-thumbnail","7":"category-strasbourg","8":"tag-actu","9":"tag-actualites","10":"tag-alsace","11":"tag-bas-rhin","12":"tag-culture-loisirs","13":"tag-edition-strasbourg","14":"tag-eu","15":"tag-europe","16":"tag-fil-info","17":"tag-fr","18":"tag-france","19":"tag-grand-est","20":"tag-news","21":"tag-republique-francaise","22":"tag-strasbourg","23":"tag-strasbourg-ville"},"share_on_mastodon":{"url":"https:\/\/pubeurope.com\/@fr\/114659595604819487","error":""},"_links":{"self":[{"href":"https:\/\/www.europesays.com\/fr\/wp-json\/wp\/v2\/posts\/165874","targetHints":{"allow":["GET"]}}],"collection":[{"href":"https:\/\/www.europesays.com\/fr\/wp-json\/wp\/v2\/posts"}],"about":[{"href":"https:\/\/www.europesays.com\/fr\/wp-json\/wp\/v2\/types\/post"}],"author":[{"embeddable":true,"href":"https:\/\/www.europesays.com\/fr\/wp-json\/wp\/v2\/users\/2"}],"replies":[{"embeddable":true,"href":"https:\/\/www.europesays.com\/fr\/wp-json\/wp\/v2\/comments?post=165874"}],"version-history":[{"count":0,"href":"https:\/\/www.europesays.com\/fr\/wp-json\/wp\/v2\/posts\/165874\/revisions"}],"wp:featuredmedia":[{"embeddable":true,"href":"https:\/\/www.europesays.com\/fr\/wp-json\/wp\/v2\/media\/165875"}],"wp:attachment":[{"href":"https:\/\/www.europesays.com\/fr\/wp-json\/wp\/v2\/media?parent=165874"}],"wp:term":[{"taxonomy":"category","embeddable":true,"href":"https:\/\/www.europesays.com\/fr\/wp-json\/wp\/v2\/categories?post=165874"},{"taxonomy":"post_tag","embeddable":true,"href":"https:\/\/www.europesays.com\/fr\/wp-json\/wp\/v2\/tags?post=165874"}],"curies":[{"name":"wp","href":"https:\/\/api.w.org\/{rel}","templated":true}]}}