{"id":165878,"date":"2025-06-10T14:43:10","date_gmt":"2025-06-10T14:43:10","guid":{"rendered":"https:\/\/www.europesays.com\/fr\/165878\/"},"modified":"2025-06-10T14:43:10","modified_gmt":"2025-06-10T14:43:10","slug":"lart-comme-vecteur-dapaisement-et-despoir-le-centre-antoine-lacassagne","status":"publish","type":"post","link":"https:\/\/www.europesays.com\/fr\/165878\/","title":{"rendered":"L\u2019Art comme vecteur d\u2019apaisement et d\u2019espoir : Le Centre Antoine Lacassagne (\u2026)"},"content":{"rendered":"<p>                    <img loading=\"lazy\" decoding=\"async\" src=\"https:\/\/www.europesays.com\/fr\/wp-content\/uploads\/2025\/06\/b45f175d0a9f2377b86d11ae79f684.png\" class=\"img-responsive post-image\" width=\"680\" height=\"510\" alt=\"L'Art comme vecteur (\u2026)\" title=\"L'Art comme vecteur d'apaisement et d'espoir : Le Centre Antoine Lacassagne et C\u00e9sar Malfi\"\/><\/p>\n<p class=\"chapo\">Le Centre Antoine Lacassagne \u00e0 Nice a accueilli l\u2019artiste C\u00e9sar Malfi pour la r\u00e9alisation de trois \u0153uvres murales monumentales sur sa fa\u00e7ade principale. Ce projet artistique, \u00e0 la fois participatif et engag\u00e9, s\u2019inscrit dans une d\u00e9marche m\u00ealant art et humanisme, visant \u00e0 transformer l\u2019\u00e9tablissement en un lieu de soins, de culture et de vie.<\/p>\n<p>                    Un projet porteur de sens<\/p>\n<p>Le Centre Antoine Lacassagne, reconnu pour son engagement dans la lutte contre le cancer, a choisi de s\u2019associer avec <strong>C\u00e9sar Malfi<\/strong> pour inscrire l\u2019art dans l\u2019architecture m\u00eame de l\u2019\u00e9tablissement. Les fresques, imagin\u00e9es par Malfi dans son style unique m\u00ealant h\u00e9ritage classique et esth\u00e9tique contemporaine, offrent un nouveau regard sur le b\u00e2timent et incarnent pleinement les valeurs que le Centre souhaite faire rayonner\u00a0: humanit\u00e9, solidarit\u00e9 et engagement.<br class=\"autobr\"\/><br \/>\nInspir\u00e9 du mythe des Trois Gr\u00e2ces, ce projet artistique refl\u00e8te la volont\u00e9 d\u2019offrir aux patients, soignants et visiteurs un environnement de soin \u00e0 la fois apaisant, vivant et porteur de sens. \u00ab\u00a0Faire rena\u00eetre les Trois Gr\u00e2ces sur l\u2019enceinte du Centre Antoine Lacassagne, \u00e0 quelques pas de mes premiers souvenirs, c\u2019est offrir un geste d\u2019espoir face au cancer, un message humaniste o\u00f9 l\u2019art et la m\u00e9decine se rejoignent pour donner un visage \u00e0 la force tranquille de ceux qui m\u00e8nent ce combat\u00a0\u00bb, d\u00e9clare C\u00e9sar Malfi.<\/p>\n<p>Une collaboration engag\u00e9e<\/p>\n<p>Pour le <strong>Pr Emmanuel Barranger, <\/strong> Directeur G\u00e9n\u00e9ral du Centre Antoine Lacassagne, cette collaboration avec C\u00e9sar Malfi est bien plus qu\u2019un projet artistique\u00a0: \u00ab\u00a0C\u2019est un message d\u2019ouverture, d\u2019espoir et d\u2019humanit\u00e9 inscrit sur nos murs. \u00c0 travers cette fresque, nous affirmons que la culture et l\u2019art ont toute leur place au sein d\u2019un lieu de soins. Ils participent \u00e0 l\u2019apaisement, \u00e0 la r\u00e9silience et \u00e0 la vie, tout simplement.\u00a0\u00bb Fond\u00e9 en 1961, le Centre Antoine Lacassagne est l\u2019un des 18 Centres de Lutte Contre le Cancer du r\u00e9seau Unicancer. \u00c9tablissement priv\u00e9 \u00e0 but non lucratif reconnu d\u2019utilit\u00e9 publique, il assure des missions de soins, de recherche et d\u2019enseignement en canc\u00e9rologie. Chaque ann\u00e9e, plus de 6 500 patients sont pris en charge par les \u00e9quipes du Centre, avec une approche personnalis\u00e9e et multidisciplinaire, dans le respect de valeurs fortes\u00a0: l\u2019humain avant tout, l\u2019expertise, l\u2019engagement et l\u2019innovation.<\/p>\n<p>C\u00e9sar Malfi, figure du street art humaniste<\/p>\n<p>Artiste autodidacte originaire de la r\u00e9gion ni\u00e7oise, <a href=\"https:\/\/cesarmalfi.com\/\" class=\"spip_out\" rel=\"external nofollow noopener\" target=\"_blank\">C\u00e9sar Malfi<\/a> s\u2019est impos\u00e9 comme l\u2019un des talents les plus prometteurs de la sc\u00e8ne street art. Inspir\u00e9 par l\u2019Antiquit\u00e9 et les canons classiques, il propose une \u00ab\u00a0Nouvelle Renaissance\u00a0\u00bb, fusionnant h\u00e9ritage classique et expression contemporaine. Remarqu\u00e9 pour ses fresques monumentales, il transpose les h\u00e9ros et dieux des mus\u00e9es vers l\u2019espace urbain. \u00c0 travers ses \u0153uvres, il invite le public \u00e0 repenser le rapport \u00e0 la beaut\u00e9, \u00e0 l\u2019histoire, \u00e0 la culture et \u00e0 l\u2019humain.<\/p>\n<p>\u00c0 travers ce projet, le Centre Antoine Lacassagne affirme sa volont\u00e9 de faire de son \u00e9tablissement un lieu o\u00f9 l\u2019art devient vecteur d\u2019apaisement, de solidarit\u00e9 et d\u2019espoir, c\u00e9l\u00e9brant ainsi l\u2019art au service de la r\u00e9silience.<\/p>\n<p>Visuel de Une\u00a0: Libert\u00e9, \u00e9galit\u00e9, f\u00e9minit\u00e9 &#8211; Les Moulins \u00a9C\u00e9sar Malfi<\/p>\n","protected":false},"excerpt":{"rendered":"Le Centre Antoine Lacassagne \u00e0 Nice a accueilli l\u2019artiste C\u00e9sar Malfi pour la r\u00e9alisation de trois \u0153uvres murales&hellip;\n","protected":false},"author":2,"featured_media":165879,"comment_status":"","ping_status":"","sticky":false,"template":"","format":"standard","meta":{"footnotes":""},"categories":[2819],"tags":[1111,11,2408,1777,674,1011,27,12,2401,882,25],"class_list":{"0":"post-165878","1":"post","2":"type-post","3":"status-publish","4":"format-standard","5":"has-post-thumbnail","7":"category-nice","8":"tag-actu","9":"tag-actualites","10":"tag-appels-d","11":"tag-eu","12":"tag-europe","13":"tag-fr","14":"tag-france","15":"tag-news","16":"tag-nice","17":"tag-provence-alpes-cote-dazur","18":"tag-republique-francaise"},"share_on_mastodon":{"url":"https:\/\/pubeurope.com\/@fr\/114659603533507700","error":""},"_links":{"self":[{"href":"https:\/\/www.europesays.com\/fr\/wp-json\/wp\/v2\/posts\/165878","targetHints":{"allow":["GET"]}}],"collection":[{"href":"https:\/\/www.europesays.com\/fr\/wp-json\/wp\/v2\/posts"}],"about":[{"href":"https:\/\/www.europesays.com\/fr\/wp-json\/wp\/v2\/types\/post"}],"author":[{"embeddable":true,"href":"https:\/\/www.europesays.com\/fr\/wp-json\/wp\/v2\/users\/2"}],"replies":[{"embeddable":true,"href":"https:\/\/www.europesays.com\/fr\/wp-json\/wp\/v2\/comments?post=165878"}],"version-history":[{"count":0,"href":"https:\/\/www.europesays.com\/fr\/wp-json\/wp\/v2\/posts\/165878\/revisions"}],"wp:featuredmedia":[{"embeddable":true,"href":"https:\/\/www.europesays.com\/fr\/wp-json\/wp\/v2\/media\/165879"}],"wp:attachment":[{"href":"https:\/\/www.europesays.com\/fr\/wp-json\/wp\/v2\/media?parent=165878"}],"wp:term":[{"taxonomy":"category","embeddable":true,"href":"https:\/\/www.europesays.com\/fr\/wp-json\/wp\/v2\/categories?post=165878"},{"taxonomy":"post_tag","embeddable":true,"href":"https:\/\/www.europesays.com\/fr\/wp-json\/wp\/v2\/tags?post=165878"}],"curies":[{"name":"wp","href":"https:\/\/api.w.org\/{rel}","templated":true}]}}