{"id":165880,"date":"2025-06-10T14:44:10","date_gmt":"2025-06-10T14:44:10","guid":{"rendered":"https:\/\/www.europesays.com\/fr\/165880\/"},"modified":"2025-06-10T14:44:10","modified_gmt":"2025-06-10T14:44:10","slug":"pres-de-20-000-visiteurs-lundi-a-la-baleine-record-daffluence-au-palais-des-expositions-de-nice","status":"publish","type":"post","link":"https:\/\/www.europesays.com\/fr\/165880\/","title":{"rendered":"Pr\u00e8s de 20.000 visiteurs lundi \u00e0 la Baleine, record d\u2019affluence au palais des Expositions de Nice"},"content":{"rendered":"<p>Pr\u00e8s de 20.000 visiteurs ont pouss\u00e9 lundi les portes du palais des Expositions \u00e0 Nice.<\/p>\n<p>Ils sont venus d\u00e9couvrir les actions des Organisations Non Gouvernementales (ONG), des organismes scientifiques et des institutions en faveur de la protection des Oc\u00e9ans. Une affluence record depuis l\u2019ouverture, le 2 juin de La Baleine.<\/p>\n<p>\u00ab\u00a0En 2022 \u00e0 Lisbonne, la 2e Conf\u00e9rence des Nations Unies sur l\u2019Oc\u00e9an avait accueilli 7.000 personnes. A Nice c\u2019est 100.000 participants, a soulign\u00e9 ce mardi en fin de matin\u00e9e Jean-No\u00ebl Barrot, ministre de l\u2019Europe et des Affaires Etrang\u00e8res. On fait de cet \u00e9v\u00e9nement une conf\u00e9rence populaire, de mobilisation, o\u00f9 tout le monde peut \u00eatre acteur.\u00a0\u00bb<\/p>\n<p>La Baleine propose 16 pavillons th\u00e9matiques et des \u00e9v\u00e9nements, ateliers, expositions et rencontres autour des grands enjeux oc\u00e9aniques: biodiversit\u00e9, climat, innovation, exploration, arts, solutions citoyennes&#8230; <\/p>\n<p>L\u2019espace est ouvert \u00e0 toutes et tous. L\u2019inscription est gratuite et se fait sur le lien <a href=\"https:\/\/we-are-the-ocean.com\/\" target=\"_blank\" rel=\"noopener nofollow\">we-are-the-ocean.com<\/a><\/p>\n","protected":false},"excerpt":{"rendered":"Pr\u00e8s de 20.000 visiteurs ont pouss\u00e9 lundi les portes du palais des Expositions \u00e0 Nice. Ils sont venus&hellip;\n","protected":false},"author":2,"featured_media":165881,"comment_status":"","ping_status":"","sticky":false,"template":"","format":"standard","meta":{"footnotes":""},"categories":[2819],"tags":[1111,11,436,1777,674,1011,27,12,2401,882,25],"class_list":{"0":"post-165880","1":"post","2":"type-post","3":"status-publish","4":"format-standard","5":"has-post-thumbnail","7":"category-nice","8":"tag-actu","9":"tag-actualites","10":"tag-environnement","11":"tag-eu","12":"tag-europe","13":"tag-fr","14":"tag-france","15":"tag-news","16":"tag-nice","17":"tag-provence-alpes-cote-dazur","18":"tag-republique-francaise"},"share_on_mastodon":{"url":"https:\/\/pubeurope.com\/@fr\/114659607470604844","error":""},"_links":{"self":[{"href":"https:\/\/www.europesays.com\/fr\/wp-json\/wp\/v2\/posts\/165880","targetHints":{"allow":["GET"]}}],"collection":[{"href":"https:\/\/www.europesays.com\/fr\/wp-json\/wp\/v2\/posts"}],"about":[{"href":"https:\/\/www.europesays.com\/fr\/wp-json\/wp\/v2\/types\/post"}],"author":[{"embeddable":true,"href":"https:\/\/www.europesays.com\/fr\/wp-json\/wp\/v2\/users\/2"}],"replies":[{"embeddable":true,"href":"https:\/\/www.europesays.com\/fr\/wp-json\/wp\/v2\/comments?post=165880"}],"version-history":[{"count":0,"href":"https:\/\/www.europesays.com\/fr\/wp-json\/wp\/v2\/posts\/165880\/revisions"}],"wp:featuredmedia":[{"embeddable":true,"href":"https:\/\/www.europesays.com\/fr\/wp-json\/wp\/v2\/media\/165881"}],"wp:attachment":[{"href":"https:\/\/www.europesays.com\/fr\/wp-json\/wp\/v2\/media?parent=165880"}],"wp:term":[{"taxonomy":"category","embeddable":true,"href":"https:\/\/www.europesays.com\/fr\/wp-json\/wp\/v2\/categories?post=165880"},{"taxonomy":"post_tag","embeddable":true,"href":"https:\/\/www.europesays.com\/fr\/wp-json\/wp\/v2\/tags?post=165880"}],"curies":[{"name":"wp","href":"https:\/\/api.w.org\/{rel}","templated":true}]}}