{"id":165894,"date":"2025-06-10T14:51:13","date_gmt":"2025-06-10T14:51:13","guid":{"rendered":"https:\/\/www.europesays.com\/fr\/165894\/"},"modified":"2025-06-10T14:51:13","modified_gmt":"2025-06-10T14:51:13","slug":"cest-quoi-ce-delire","status":"publish","type":"post","link":"https:\/\/www.europesays.com\/fr\/165894\/","title":{"rendered":"C&rsquo;est quoi ce d\u00e9lire ?"},"content":{"rendered":"<p>            Par<br \/>\n        <strong><br \/>\n            <a href=\"https:\/\/actu.fr\/auteur\/margot-nicodeme\" title=\"Consulter tous les articles de Margot Nicod\u00e8me\" rel=\"nofollow noopener\" target=\"_blank\">Margot Nicod\u00e8me<\/a><br \/>\n        <\/strong><\/p>\n<p>        Publi\u00e9 le<\/p>\n<p>            10 juin 2025 \u00e0 16h36        <\/p>\n<p>Tout le monde, voire plus qu\u2019il ne fallait de monde, \u00e9tait sur la ligne de d\u00e9part (virtuelle), lundi 9 juin 2025. <b>\u00c0 20h p\u00e9tantes s\u2019ouvraient les inscriptions<\/b> pour le tr\u00e8s populaire <b>Urban trail de <a href=\"https:\/\/actu.fr\/hauts-de-france\/lille_59350\" rel=\"nofollow noopener\" target=\"_blank\">Lille<\/a><\/b>, \u00e9dition 2025. L\u2019\u00e9preuve star, sur les trois propos\u00e9es, c\u2019est le trail de 8 km en marchant ou en courant et \u00e0 la nuit tomb\u00e9e. Le parcours se fait en plein c\u0153ur de ville, \u00e0 travers des monuments et b\u00e2timents embl\u00e9matiques. Ce lundi, <b>les 9000 places sont \u00e9coul\u00e9es \u00e0 une vitesse folle<\/b>, laissant <b>de nombreux aspirants un brin d\u00e9sabus\u00e9s<\/b>.<\/p>\n<p>L\u2019Urban trail pris d\u2019assaut, des Lillois d\u00e9\u00e7us : \u00ab\u00a0C\u2019est quoi ce d\u00e9lire ?\u00a0\u00bb<\/p>\n<p class=\" wall-content\">En moins d\u2019une heure, toutes les places \u00e9taient parties. Le site a m\u00eame un peu crash\u00e9 les premi\u00e8res minutes, tant il \u00e9tait surcharg\u00e9 d\u2019internautes. Les plus chanceux ont d\u00e9croch\u00e9 leur ticket pour la file d\u2019attente, s\u2019\u00e9tirant parfois sur 10 minutes, avant d\u2019\u00eatre redirig\u00e9s vers le formulaire d\u2019inscription, enfin ! Malheureusement, la s\u00e9lection a fait un paquet de malheureux, qui n\u2019ont pas h\u00e9sit\u00e9 \u00e0 faire part de leur d\u00e9ception.\u00a0<\/p>\n<p class=\" wall-content\">\u00ab\u00a0C\u2019est quoi ce d\u00e9lire ? Pas moyen d\u2019avoir une place pour le trail de Lille sauf si on ne bosse pas et qu\u2019on a les yeux riv\u00e9s sur l\u2019\u00e9cran alors\u2026\u00a0\u00bb, s\u2019exprime un internaute. \u00ab\u00a0Punaise, d\u00e9j\u00e0\u2026\u00a0\u00bb ; \u00ab\u00a0Je suis d\u00e9go\u00fbt\u00e9e en 1h de temps complet\u2026\u00a0\u00bb ; \u00ab\u00a0C\u2019est une blague\u2026 Pff\u00a0\u00bb ; \u00ab\u00a0Cet engouement pour l\u2019Urban trail c\u2019est fou ! D\u2019habitude je la fais, mais c\u2019est surcot\u00e9 un engouement aussi fort\u2026\u00a0\u00bb Les commentaires, l\u00e9g\u00e8rement teint\u00e9s d\u2019amertume pour certains, se suivent et se ressemblent.<\/p>\n<p>    <a href=\"https:\/\/www.facebook.com\/plugins\/post.php?href=https%3A%2F%2Fwww.facebook.com%2FUrbanTrailLille%2Fposts%2Fpfbid02s1yhSkqxUjXyGhtNBFXY4Y5idEbKK6F8PnX1r8m4DGscpQ2DrQUGeZhqXSUujgu4l&amp;show_text=true&amp;width=350\" title=\"Ouvrie le lien\" rel=\"nofollow noopener\" target=\"_blank\">Cliquez ici pour visualiser le contenu<\/a><\/p>\n<p class=\" wall-content\">Pour rappel, l\u2019Urban trail (dont les tickets sont \u00e0 18 \u20ac et 13 \u20ac pour les enfants de -16 ans) est une \u00e9preuve nocturne, de marche ou de course, non chronom\u00e9tr\u00e9e. Sa particularit\u00e9 : ses participants traversent, de nuit (d\u00e9part \u00e0 17h30),<b> des endroits pour la majorit\u00e9 inaccessibles au grand public<\/b>. H\u00f4tel de ville, si\u00e8ges du D\u00e9partement et de la R\u00e9gion, Op\u00e9ra de Lille, gare Saint-Sauveur, mus\u00e9e de l\u2019Hospice Comtesse, <a href=\"https:\/\/actu.fr\/tag\/palais-des-beaux-arts-de-lille\" rel=\"nofollow noopener\" target=\"_blank\">palais des Beaux-arts<\/a>\u2026 De quoi se sentir privil\u00e9gi\u00e9.\u00a0<\/p>\n<p>Vid\u00e9os : en ce moment sur Actu<\/p>\n<p class=\" wall-content\">\u00c0 noter qu\u2019<a href=\"https:\/\/urbantraildelille.fr\/\" rel=\"nofollow noopener\" target=\"_blank\">il reste des places<\/a> pour les deux autres \u00e9preuves de l\u2019Urban trail, cette ann\u00e9e fix\u00e9 <b>au samedi 15 novembre<\/b> : le 5 et le 10 km, le long du boulevard de la Libert\u00e9 (suppl\u00e9ment tour de la Citadelle pour le 10 km). De quoi se consoler un peu, si l\u2019on aime le running.<\/p>\n<p class=\" wall-content\">Suivez toute l\u2019actualit\u00e9 de vos villes et m\u00e9dias favoris en vous inscrivant \u00e0 <a href=\"https:\/\/moncompte.actu.fr\" title=\"D\u00e9couvez Mon Actu\" rel=\"nofollow noopener\" data-trk=\"{&quot;cta&quot;:{&quot;action&quot;:&quot;https:\\\/\\\/moncompte.actu.fr&quot;,&quot;category&quot;:&quot;mon compte&quot;,&quot;from&quot;:&quot;article footer&quot;,&quot;name&quot;:&quot;Mon actu&quot;,&quot;type&quot;:&quot;cta&quot;}}\" target=\"_blank\">Mon Actu<\/a>.<\/p>\n","protected":false},"excerpt":{"rendered":"Par Margot Nicod\u00e8me Publi\u00e9 le 10 juin 2025 \u00e0 16h36 Tout le monde, voire plus qu\u2019il ne fallait&hellip;\n","protected":false},"author":2,"featured_media":165895,"comment_status":"","ping_status":"","sticky":false,"template":"","format":"standard","meta":{"footnotes":""},"categories":[2815],"tags":[1111,11,1777,674,1011,27,811,1307,12,25,104,6187],"class_list":{"0":"post-165894","1":"post","2":"type-post","3":"status-publish","4":"format-standard","5":"has-post-thumbnail","7":"category-lille","8":"tag-actu","9":"tag-actualites","10":"tag-eu","11":"tag-europe","12":"tag-fr","13":"tag-france","14":"tag-hauts-de-france","15":"tag-lille","16":"tag-news","17":"tag-republique-francaise","18":"tag-societe","19":"tag-trail"},"share_on_mastodon":{"url":"","error":""},"_links":{"self":[{"href":"https:\/\/www.europesays.com\/fr\/wp-json\/wp\/v2\/posts\/165894","targetHints":{"allow":["GET"]}}],"collection":[{"href":"https:\/\/www.europesays.com\/fr\/wp-json\/wp\/v2\/posts"}],"about":[{"href":"https:\/\/www.europesays.com\/fr\/wp-json\/wp\/v2\/types\/post"}],"author":[{"embeddable":true,"href":"https:\/\/www.europesays.com\/fr\/wp-json\/wp\/v2\/users\/2"}],"replies":[{"embeddable":true,"href":"https:\/\/www.europesays.com\/fr\/wp-json\/wp\/v2\/comments?post=165894"}],"version-history":[{"count":0,"href":"https:\/\/www.europesays.com\/fr\/wp-json\/wp\/v2\/posts\/165894\/revisions"}],"wp:featuredmedia":[{"embeddable":true,"href":"https:\/\/www.europesays.com\/fr\/wp-json\/wp\/v2\/media\/165895"}],"wp:attachment":[{"href":"https:\/\/www.europesays.com\/fr\/wp-json\/wp\/v2\/media?parent=165894"}],"wp:term":[{"taxonomy":"category","embeddable":true,"href":"https:\/\/www.europesays.com\/fr\/wp-json\/wp\/v2\/categories?post=165894"},{"taxonomy":"post_tag","embeddable":true,"href":"https:\/\/www.europesays.com\/fr\/wp-json\/wp\/v2\/tags?post=165894"}],"curies":[{"name":"wp","href":"https:\/\/api.w.org\/{rel}","templated":true}]}}