{"id":165900,"date":"2025-06-10T14:54:09","date_gmt":"2025-06-10T14:54:09","guid":{"rendered":"https:\/\/www.europesays.com\/fr\/165900\/"},"modified":"2025-06-10T14:54:09","modified_gmt":"2025-06-10T14:54:09","slug":"intrusion-dans-lancien-couvent-de-la-rue-saint-savournin-a-marseille-un-agent-de-securite-menace-dun-couteau","status":"publish","type":"post","link":"https:\/\/www.europesays.com\/fr\/165900\/","title":{"rendered":"Intrusion dans l&rsquo;ancien couvent de la rue Saint-Savournin \u00e0 Marseille, un agent de s\u00e9curit\u00e9 menac\u00e9 d&rsquo;un couteau"},"content":{"rendered":"<p>Le discret couvent au 50 de la rue Saint-Savournin (1er), entre les quartiers de <a href=\"https:\/\/www.laprovence.com\/article\/region\/25497082415705\/video-la-plaine-le-jarret-epluchures-beach-ces-noms-de-lieux-et-de-rues-qui-nexistent-pas-a-marseille\" target=\"_blank\" rel=\"nofollow noopener\">la Plaine<\/a> et des R\u00e9form\u00e9s, a fait l&rsquo;objet d&rsquo;une intrusion dans la journ\u00e9e de lundi.<\/p>\n<p>Un agent de s\u00e9curit\u00e9 faisait sa ronde lorsqu&rsquo;il a \u00e9t\u00e9 alert\u00e9 par des bruits pour le moins inhabituels dans ce b\u00e2timent d\u00e9saffect\u00e9 qui abrite notamment un orgue datant de 1866 prot\u00e9g\u00e9 au titre des monuments historiques et qui a \u00e9t\u00e9 pr\u00e9empt\u00e9 d\u00e9but 2025 par la municipalit\u00e9 afin d&rsquo;en faire une <a href=\"https:\/\/www.laprovence.com\/article\/region\/45170427693527\/insuffisance-de-residences-etudiantes-a-marseille-on-a-40-ans-de-retard\" target=\"_blank\" rel=\"nofollow noopener\">r\u00e9sidence sociale \u00e9tudiante<\/a>.<\/p>\n<p>Le quadrag\u00e9naire a \u00e9t\u00e9 interpell\u00e9<\/p>\n<p>Alors qu&rsquo;il arpentait au pas de course les 1\u00a0500\u00a0m2 du couvent, le vigile est quasiment tomb\u00e9 nez \u00e0 nez avec un individu qui \u00e9tait parvenu \u00e0 s&rsquo;introduire dans la b\u00e2tisse apr\u00e8s avoir forc\u00e9 une porte. Manifestement contrari\u00e9 de la rencontre, l&rsquo;homme a menac\u00e9 l&rsquo;agent de s\u00e9curit\u00e9 avec un <a href=\"https:\/\/www.laprovence.com\/article\/faits-divers-justice\/2426916927462514\/info-la-provence-un-homme-blesse-de-plusieurs-coups-de-couteau-dans-le-quartier-saint-loup-a-marseille\" target=\"_blank\" rel=\"nofollow noopener\">couteau<\/a>. Il n&rsquo;a toutefois pas eu le loisir d&rsquo;en faire davantage usage, puisque les forces de l&rsquo;ordre, pr\u00e9venues par le vigile, l&rsquo;ont rapidement interpell\u00e9.<\/p>\n<p>\u00c2g\u00e9 de 43 ans, l&rsquo;individu a \u00e9t\u00e9 plac\u00e9 en garde \u00e0 vue.<\/p>\n","protected":false},"excerpt":{"rendered":"Le discret couvent au 50 de la rue Saint-Savournin (1er), entre les quartiers de la Plaine et des&hellip;\n","protected":false},"author":2,"featured_media":165901,"comment_status":"","ping_status":"","sticky":false,"template":"","format":"standard","meta":{"footnotes":""},"categories":[2814],"tags":[17,1111,11,29930,1446,1777,674,274,1011,27,29929,24991,884,12,882,25,3640,29931],"class_list":{"0":"post-165900","1":"post","2":"type-post","3":"status-publish","4":"format-standard","5":"has-post-thumbnail","7":"category-marseille","8":"tag-17","9":"tag-actu","10":"tag-actualites","11":"tag-couvent","12":"tag-dans","13":"tag-eu","14":"tag-europe","15":"tag-faits-divers-justice","16":"tag-fr","17":"tag-france","18":"tag-intrusion","19":"tag-lancien","20":"tag-marseille","21":"tag-news","22":"tag-provence-alpes-cote-dazur","23":"tag-republique-francaise","24":"tag-rue","25":"tag-saint-savournin"},"share_on_mastodon":{"url":"https:\/\/pubeurope.com\/@fr\/114659646729216193","error":""},"_links":{"self":[{"href":"https:\/\/www.europesays.com\/fr\/wp-json\/wp\/v2\/posts\/165900","targetHints":{"allow":["GET"]}}],"collection":[{"href":"https:\/\/www.europesays.com\/fr\/wp-json\/wp\/v2\/posts"}],"about":[{"href":"https:\/\/www.europesays.com\/fr\/wp-json\/wp\/v2\/types\/post"}],"author":[{"embeddable":true,"href":"https:\/\/www.europesays.com\/fr\/wp-json\/wp\/v2\/users\/2"}],"replies":[{"embeddable":true,"href":"https:\/\/www.europesays.com\/fr\/wp-json\/wp\/v2\/comments?post=165900"}],"version-history":[{"count":0,"href":"https:\/\/www.europesays.com\/fr\/wp-json\/wp\/v2\/posts\/165900\/revisions"}],"wp:featuredmedia":[{"embeddable":true,"href":"https:\/\/www.europesays.com\/fr\/wp-json\/wp\/v2\/media\/165901"}],"wp:attachment":[{"href":"https:\/\/www.europesays.com\/fr\/wp-json\/wp\/v2\/media?parent=165900"}],"wp:term":[{"taxonomy":"category","embeddable":true,"href":"https:\/\/www.europesays.com\/fr\/wp-json\/wp\/v2\/categories?post=165900"},{"taxonomy":"post_tag","embeddable":true,"href":"https:\/\/www.europesays.com\/fr\/wp-json\/wp\/v2\/tags?post=165900"}],"curies":[{"name":"wp","href":"https:\/\/api.w.org\/{rel}","templated":true}]}}