{"id":165914,"date":"2025-06-10T15:02:13","date_gmt":"2025-06-10T15:02:13","guid":{"rendered":"https:\/\/www.europesays.com\/fr\/165914\/"},"modified":"2025-06-10T15:02:13","modified_gmt":"2025-06-10T15:02:13","slug":"a-montparnasse-le-miramar-ferme-definitivement-ses-portes-paris-perd-encore-un-cinema-historique","status":"publish","type":"post","link":"https:\/\/www.europesays.com\/fr\/165914\/","title":{"rendered":"\u00c0 Montparnasse, le Miramar ferme d\u00e9finitivement ses portes\u00a0: Paris perd encore un cin\u00e9ma historique"},"content":{"rendered":"<p class=\"paragraph text_align_left\">L\u2019odeur du pop-corn envahit une derni\u00e8re fois le hall d\u2019accueil. Le Miramar est bien calme en ce lundi 9 juin au soir. Deux films sont projet\u00e9s,<a href=\"https:\/\/www.leparisien.fr\/culture-loisirs\/cinema\/festival-de-cannes\/festival-de-cannes-avec-jeunes-meres-les-freres-dardenne-nous-emeuvent-comme-rarement-23-05-2025-ZRXP3ULMPJBUDPG2DJZYRL556E.php\" target=\"_self\" rel=\"nofollow noopener\"> \u00ab Jeunes M\u00e8res \u00bb<\/a> \u00e0 20 heures, suivi de <a href=\"https:\/\/www.leparisien.fr\/culture-loisirs\/cinema\/ma-mere-dieu-et-sylvie-vartan-bientot-une-suite-pour-le-carton-surprise-du-printemps-au-cinema-25-04-2025-4XE2XEP2A5DRVDWHM5XLS7BHX4.php\" target=\"_self\" rel=\"nofollow noopener\">\u00ab Ma M\u00e8re, Dieu et Sylvie Vartan \u00bb <\/a>un quart d\u2019heure plus tard. Derri\u00e8re son petit comptoir, Reza vend ses derni\u00e8res places. 8,90 euros pi\u00e8ce pour ces trois \u00e9tudiantes. \u00ab Je vais conserver ce ticket en papier \u00bb, souffle un habitu\u00e9 du cin\u00e9ma de la rue du D\u00e9part, dans le XIVe arrondissement de Paris.<\/p>\n<p class=\"paragraph text_align_left\">Situ\u00e9 face \u00e0 la tour Montparnasse, il avait d\u00e9j\u00e0 perdu son enseigne principale depuis des mois. \u00ab Nous nous doutions que la fin \u00e9tait proche \u00bb, regrette un client r\u00e9gulier. Cette fois, le glas a sonn\u00e9 pour l\u2019\u00e9tablissement fond\u00e9 par <a href=\"https:\/\/www.leparisien.fr\/paris-75\/de-joseph-a-benjamine-rytmann-la-saga-de-l-empereur-du-cinema-de-montparnasse-05-02-2021-8423315.php\" target=\"_blank\" rel=\"noreferrer nofollow noopener\">Joseph Rytmann<\/a> avant-guerre et int\u00e9gr\u00e9 au groupe Path\u00e9-Gaumont en 2009. Apr\u00e8s quatre-vingt-sept ans de service, le complexe ouvert en 1938 \u00e0 la place d\u2019une ancienne brasserie tire sa r\u00e9v\u00e9rence. Une fermeture confirm\u00e9e au Parisien par le groupe<a href=\"https:\/\/www.leparisien.fr\/culture-loisirs\/cinema\/l-ascension-de-pathe-et-gaumont-les-deux-rois-francais-du-cinema-19-05-2019-8075058.php\" target=\"_self\" rel=\"nofollow noopener\"> Path\u00e9-Gaumont<\/a>.<\/p>\n","protected":false},"excerpt":{"rendered":"L\u2019odeur du pop-corn envahit une derni\u00e8re fois le hall d\u2019accueil. Le Miramar est bien calme en ce lundi&hellip;\n","protected":false},"author":2,"featured_media":165915,"comment_status":"","ping_status":"","sticky":false,"template":"","format":"standard","meta":{"footnotes":""},"categories":[1888],"tags":[11,872,1777,674,1011,27,1944,12,626,25],"class_list":{"0":"post-165914","1":"post","2":"type-post","3":"status-publish","4":"format-standard","5":"has-post-thumbnail","7":"category-paris","8":"tag-actualites","9":"tag-culture-et-loisirs","10":"tag-eu","11":"tag-europe","12":"tag-fr","13":"tag-france","14":"tag-ma-ville","15":"tag-news","16":"tag-paris","17":"tag-republique-francaise"},"share_on_mastodon":{"url":"https:\/\/pubeurope.com\/@fr\/114659678242474126","error":""},"_links":{"self":[{"href":"https:\/\/www.europesays.com\/fr\/wp-json\/wp\/v2\/posts\/165914","targetHints":{"allow":["GET"]}}],"collection":[{"href":"https:\/\/www.europesays.com\/fr\/wp-json\/wp\/v2\/posts"}],"about":[{"href":"https:\/\/www.europesays.com\/fr\/wp-json\/wp\/v2\/types\/post"}],"author":[{"embeddable":true,"href":"https:\/\/www.europesays.com\/fr\/wp-json\/wp\/v2\/users\/2"}],"replies":[{"embeddable":true,"href":"https:\/\/www.europesays.com\/fr\/wp-json\/wp\/v2\/comments?post=165914"}],"version-history":[{"count":0,"href":"https:\/\/www.europesays.com\/fr\/wp-json\/wp\/v2\/posts\/165914\/revisions"}],"wp:featuredmedia":[{"embeddable":true,"href":"https:\/\/www.europesays.com\/fr\/wp-json\/wp\/v2\/media\/165915"}],"wp:attachment":[{"href":"https:\/\/www.europesays.com\/fr\/wp-json\/wp\/v2\/media?parent=165914"}],"wp:term":[{"taxonomy":"category","embeddable":true,"href":"https:\/\/www.europesays.com\/fr\/wp-json\/wp\/v2\/categories?post=165914"},{"taxonomy":"post_tag","embeddable":true,"href":"https:\/\/www.europesays.com\/fr\/wp-json\/wp\/v2\/tags?post=165914"}],"curies":[{"name":"wp","href":"https:\/\/api.w.org\/{rel}","templated":true}]}}