{"id":165926,"date":"2025-06-10T15:08:08","date_gmt":"2025-06-10T15:08:08","guid":{"rendered":"https:\/\/www.europesays.com\/fr\/165926\/"},"modified":"2025-06-10T15:08:08","modified_gmt":"2025-06-10T15:08:08","slug":"allemagne-fini-les-blocages-derniere-generation-appelle-a-creer-un-conseil-citoyen-pour-le-climat","status":"publish","type":"post","link":"https:\/\/www.europesays.com\/fr\/165926\/","title":{"rendered":"Allemagne. Fini les blocages, Derni\u00e8re G\u00e9n\u00e9ration appelle \u00e0 cr\u00e9er un conseil citoyen pour le climat"},"content":{"rendered":"\n<p>Le 31\u00a0mai, une grande tente \u00e9tait install\u00e9e sur la pelouse qui borde le b\u00e2timent du Reichstag, o\u00f9 si\u00e8ge le Parlement allemand. \u00c0 l\u2019int\u00e9rieur, des personnalit\u00e9s du monde de la culture et de la politique, comme le d\u00e9put\u00e9 social-d\u00e9mocrate Marco B\u00fclow, l\u2019autrice K\u00fcbra G\u00fcm\u00fcsay ou encore <a href=\"https:\/\/www.courrierinternational.com\/article\/autriche-marlene-engelhorn-la-riche-heritiere-qui-veut-laisser-ses-compatriotes-depenser-son-argent\" target=\"_blank\" rel=\"noopener\">l\u2019h\u00e9riti\u00e8re et philanthrope autrichienne Marlene Engelhorn<\/a>.<\/p>\n<p>Tous avaient \u00e9t\u00e9 invit\u00e9s pour parler de lutte contre le d\u00e9r\u00e8glement climatique. \u201cAvec ce rassemblement, Derni\u00e8re G\u00e9n\u00e9ration voulait f\u00eater son grand retour, <a class=\"ithalc\" data-ithal=\"lien_externe\" data-ithalc=\"[nav_article]\" target=\"_blank\" href=\"https:\/\/taz.de\/Neuausrichtung-des-Aktivismus\/!6091019\/\" rel=\"noopener\">rapporte la <strong>Tageszeitung<\/strong><\/a><strong>.<\/strong> Le mouvement s\u2019appellera\u00a0d\u00e9sormais Nouvelle G\u00e9n\u00e9ration.\u201d<\/p>\n<p>D\u00e9but 2024, les membres de la section allemande de Derni\u00e8re G\u00e9n\u00e9ration avaient annonc\u00e9 renoncer aux blocages des autoroutes et aux autres actions chocs men\u00e9es par le mouvement \u00e9cologiste. Ils souhaitent d\u00e9sormais cr\u00e9er ce qu\u2019il nomme un \u201cparlement du peuple\u201d, une sorte de conseil citoyen destin\u00e9 \u00e0 porter des actions imm\u00e9diates pour lutter contre le d\u00e9r\u00e8glement climatique. \u201cL\u2019id\u00e9e derri\u00e8re, c\u2019est que si les simples citoyens pouvaient enfin \u00eatre aux manettes, sans l\u2019influence des lobbys \u00e9conomiques et des tactiques politiciennes, alors l\u2019Allemagne pourrait lutter efficacement contre la crise climatique.\u201d<\/p>\n<p>Est-ce vraiment le cas\u00a0? se demande le journal de gauche berlinois. Un conseil citoyen constitu\u00e9 de personnes tir\u00e9es au sort peut-il fonctionner\u00a0dans l\u2019Allemagne de 2025\u00a0?<\/p>\n<p>               \u201cUn entre-soi de gauche\u201d       <\/p>\n<p>L\u2019id\u00e9e a \u00e9merg\u00e9 au sein du mouvement au moment des l\u00e9gislatives de 2021, <a href=\"https:\/\/www.courrierinternational.com\/article\/environnement-une-greve-de-la-faim-pour-mettre-le-climat-au-centre-des-elections-allemandes\" target=\"_blank\" rel=\"noopener\">lorsque des militants avaient organis\u00e9 une gr\u00e8ve de la faim pour mettre le sujet au c\u0153ur des d\u00e9bats politiques<\/a>. \u00c0 l\u2019\u00e9poque, les manifestations pour le climat rassemblaient des centaines de milliers de personnes et <a href=\"https:\/\/www.courrierinternational.com\/sujet\/olaf-scholz\" target=\"_blank\" rel=\"noopener\">le social-d\u00e9mocrate Olaf Scholz<\/a> se pr\u00e9sentait comme \u201cle chancelier du climat\u201d.<\/p>\n<p>Depuis, la guerre en Ukraine, la politique migratoire et l\u2019inflation semblent pr\u00e9occuper davantage les politiques. Et le parti d\u2019extr\u00eame droite <a href=\"https:\/\/www.courrierinternational.com\/article\/allemagne-la-strategie-derriere-le-plus-gros-succes-electoral-de-l-afd_228117\" target=\"_blank\" rel=\"noopener\">Alternative pour l\u2019Allemagne<\/a>, une formation qui n\u2019est pas connue pour son programme \u00e9cologique, a le vent en poupe.<\/p>\n<p>Les militants interrog\u00e9s par la Tageszeitung en sont conscients. \u201c\u00c0 mon avis, parce qu\u2019ici nous partageons tous les m\u00eames opinions politiques, on imagine qu\u2019il suffit de mettre les citoyens lambda au pouvoir pour que tout soit r\u00e9solu, analyse Pauline Schumacher, l\u2019une des participantes pr\u00e9sentes \u00e0 Berlin. Mais, selon moi, ce n\u2019est pas un reflet fid\u00e8le de notre soci\u00e9t\u00e9.\u201d Le m\u00e9dia est du m\u00eame avis. Il n\u2019y a qu\u2019\u00e0 voir le profil des personnes rassembl\u00e9es sous la tente pour s\u2019en convaincre, \u201cce \u2018parlement du peuple\u2019 est un entre-soi, un entre-soi de gauche\u201d.<\/p>\n<p>N\u00e9anmoins, les militants entendent renouer avec le reste de la soci\u00e9t\u00e9 en opposant leur \u201cparlement du peuple\u201d \u00e0 ce qu\u2019ils appellent le \u201cparlement du profit\u201d, \u00e0 savoir le Bundestag.<\/p>\n<p>\u201cC\u2019est l\u2019opposition entre les tentes blanches entour\u00e9es par la foule et l\u2019imposante fa\u00e7ade du Reichstag.\u201d L\u2019id\u00e9e est de redonner de la l\u00e9gitimit\u00e9 aux militants, qui se pr\u00e9sentent comme \u201cle porte-voix de celles et ceux qui ne veulent pas accepter plus longtemps le statu quo\u201d.<\/p>\n","protected":false},"excerpt":{"rendered":"Le 31\u00a0mai, une grande tente \u00e9tait install\u00e9e sur la pelouse qui borde le b\u00e2timent du Reichstag, o\u00f9 si\u00e8ge&hellip;\n","protected":false},"author":2,"featured_media":165927,"comment_status":"","ping_status":"","sticky":false,"template":"","format":"standard","meta":{"footnotes":""},"categories":[1587],"tags":[11,672,1804,4734,1805,1803,1777,674,1801,29936,12,316,1802,1857],"class_list":{"0":"post-165926","1":"post","2":"type-post","3":"status-publish","4":"format-standard","5":"has-post-thumbnail","7":"category-allemagne","8":"tag-actualites","9":"tag-allemagne","10":"tag-bundesrepublik-deutschland","11":"tag-changement-climatique","12":"tag-de","13":"tag-deutschland","14":"tag-eu","15":"tag-europe","16":"tag-germany","17":"tag-mobilisation-des-jeunes-pour-le-climat","18":"tag-news","19":"tag-politique","20":"tag-republique-federale-dallemagne","21":"tag-sociu00e9tu00e9"},"share_on_mastodon":{"url":"https:\/\/pubeurope.com\/@fr\/114659702110102243","error":""},"_links":{"self":[{"href":"https:\/\/www.europesays.com\/fr\/wp-json\/wp\/v2\/posts\/165926","targetHints":{"allow":["GET"]}}],"collection":[{"href":"https:\/\/www.europesays.com\/fr\/wp-json\/wp\/v2\/posts"}],"about":[{"href":"https:\/\/www.europesays.com\/fr\/wp-json\/wp\/v2\/types\/post"}],"author":[{"embeddable":true,"href":"https:\/\/www.europesays.com\/fr\/wp-json\/wp\/v2\/users\/2"}],"replies":[{"embeddable":true,"href":"https:\/\/www.europesays.com\/fr\/wp-json\/wp\/v2\/comments?post=165926"}],"version-history":[{"count":0,"href":"https:\/\/www.europesays.com\/fr\/wp-json\/wp\/v2\/posts\/165926\/revisions"}],"wp:featuredmedia":[{"embeddable":true,"href":"https:\/\/www.europesays.com\/fr\/wp-json\/wp\/v2\/media\/165927"}],"wp:attachment":[{"href":"https:\/\/www.europesays.com\/fr\/wp-json\/wp\/v2\/media?parent=165926"}],"wp:term":[{"taxonomy":"category","embeddable":true,"href":"https:\/\/www.europesays.com\/fr\/wp-json\/wp\/v2\/categories?post=165926"},{"taxonomy":"post_tag","embeddable":true,"href":"https:\/\/www.europesays.com\/fr\/wp-json\/wp\/v2\/tags?post=165926"}],"curies":[{"name":"wp","href":"https:\/\/api.w.org\/{rel}","templated":true}]}}