{"id":165928,"date":"2025-06-10T15:09:14","date_gmt":"2025-06-10T15:09:14","guid":{"rendered":"https:\/\/www.europesays.com\/fr\/165928\/"},"modified":"2025-06-10T15:09:14","modified_gmt":"2025-06-10T15:09:14","slug":"aucun-signal-de-leurope-sur-un-possible-terrain-dentente-en-matiere-de-securite","status":"publish","type":"post","link":"https:\/\/www.europesays.com\/fr\/165928\/","title":{"rendered":"\u00ab Aucun signal \u00bb de l&rsquo;Europe sur un possible terrain d&rsquo;entente en mati\u00e8re de s\u00e9curit\u00e9"},"content":{"rendered":"<p style=\"text-align:justify;\">AA \/ Istanbuln \/ Burc Eruygur<\/p>\n<p style=\"text-align:justify;\">La Russie ne per\u00e7oit \u00ab aucun signal \u00bb de la part de l&rsquo;Europe sur la recherche d&rsquo;un terrain d&rsquo;entente en mati\u00e8re de s\u00e9curit\u00e9, a d\u00e9clar\u00e9 le Kremlin, mardi.<\/p>\n<p style=\"text-align:justify;\">\u00ab Jusqu&rsquo;\u00e0 pr\u00e9sent, aucun signe de convergence en vue d&rsquo;accords futurs avec l&rsquo;Europe n&rsquo;a \u00e9t\u00e9 ressenti&#8230; Il n&rsquo;y a absolument aucun signe de la volont\u00e9 de rechercher des points de convergence \u00bb, a d\u00e9clar\u00e9 le porte-parole Dmitri Peskov lors d&rsquo;un point de presse.<\/p>\n<p style=\"text-align:justify;\">\u00ab L&rsquo;Europe est toujours focalis\u00e9e sur la guerre, l&rsquo;Europe est, pour ainsi dire, engag\u00e9e dans une fanfaronnade militariste \u00bb, a ajout\u00e9 Peskov.<\/p>\n<p style=\"text-align:justify;\">Ces d\u00e9clarations r\u00e9pondaient \u00e0 une question sur les d\u00e9clarations du premier ministre hongrois Viktor Orban, qui a affirm\u00e9 dans une interview accord\u00e9e \u00e0 la cha\u00eene fran\u00e7aise LCI, dimanche, que l&rsquo;Europe devait se renforcer \u00e0 long terme et qu&rsquo;elle devait conclure un accord strat\u00e9gique avec la Russie.<\/p>\n<p style=\"text-align:justify;\">Peskov a indiqu\u00e9 que Moscou et Washington sont d\u00e9sormais en contact permanent, et que le pr\u00e9sident russe Vladimir Poutine et le pr\u00e9sident am\u00e9ricain Donald Trump entretiennent des contacts directs et discutent de questions urgentes lorsque cela est n\u00e9cessaire.<\/p>\n<p style=\"text-align:justify;\">\u00ab C&rsquo;est ce qui se passe maintenant de mani\u00e8re constante. Cela nous aide \u00e0 comprendre nos positions respectives et \u00e0 aller de l&rsquo;avant \u00bb, a d\u00e9clar\u00e9 Peskov, r\u00e9pondant \u00e0 une question sur les informations concernant la possibilit\u00e9 que Trump se retire des pourparlers de paix entre la Russie et l&rsquo;Ukraine.<\/p>\n<p style=\"text-align:justify;\">Lundi, une analyse du magazine Foreign Policy a affirm\u00e9 que Donald Trump pourrait reprocher \u00e0 Moscou et \u00e0 Kiev de \u00ab ne pas faire ce qu&rsquo;il leur demande \u00bb, de se retirer du processus de paix en cours et d&rsquo;interrompre les livraisons d&rsquo;armes de Washington \u00e0 l&rsquo;Ukraine.<\/p>\n<p style=\"text-align:justify;\">Peskov a d\u00e9clar\u00e9 qu&rsquo;il n&rsquo;y avait pas d&rsquo;accord final entre Moscou et Kiev sur l&rsquo;\u00e9change de prisonniers et de d\u00e9pouilles convenu lors du deuxi\u00e8me cycle de pourparlers de paix directs \u00e0 Istanbul, ajoutant que des camions frigorifiques se trouvaient \u00e0 la fronti\u00e8re entre la Russie et l&rsquo;Ukraine depuis \u00ab plusieurs jours \u00bb, pr\u00eats \u00e0 transf\u00e9rer les d\u00e9pouilles des militaires ukrainiens \u00e0 Kiev.<\/p>\n<p style=\"text-align:justify;\">Le 2 juin, Istanbul a accueilli le deuxi\u00e8me cycle de pourparlers de paix, apr\u00e8s le premier tenu \u00e9galement dans la m\u00e9tropole turque le 16 mai. Cette fois, les deux parties ont accept\u00e9 d&rsquo;\u00e9changer davantage de prisonniers de guerre, en se concentrant sur les plus jeunes et les plus gravement bless\u00e9s, et de restituer les d\u00e9pouilles de 6 000 soldats de chaque camp.<\/p>\n<p style=\"text-align:justify;\">La Russie et l&rsquo;Ukraine ont toutes deux confirm\u00e9, lundi, que la premi\u00e8re s\u00e9rie d&rsquo;\u00e9changes pr\u00e9vus par les accords conclus \u00e0 Istanbul avait eu lieu.<\/p>\n<p style=\"text-align:justify;\">* Traduit de l\u2019Anglais par Mourad Belhaj<\/p>\n<p>                            &#13;<br \/>\n                                <a href=\"https:\/\/www.aa.com.tr\/fr\/p\/abonnement\/1001\" target=\"_blank\" style=\"font-size:12px; color:#444; text-decoration:none;\" rel=\"nofollow noopener\">&#13;<br \/>\n                                    Seulement une partie des d\u00e9p\u00eaches, que l&rsquo;Agence Anadolu diffuse \u00e0 ses abonn\u00e9s via le Syst\u00e8me de Diffusion interne (HAS), est diffus\u00e9e sur le site de l&rsquo;AA, de mani\u00e8re r\u00e9sum\u00e9e. <b style=\"color:#1897F7\">Contactez-nous s&rsquo;il vous pla\u00eet pour vous abonner.<\/b>&#13;<br \/>\n                                <\/a>&#13;<\/p>\n","protected":false},"excerpt":{"rendered":"AA \/ Istanbuln \/ Burc Eruygur La Russie ne per\u00e7oit \u00ab aucun signal \u00bb de la part de&hellip;\n","protected":false},"author":2,"featured_media":165929,"comment_status":"","ping_status":"","sticky":false,"template":"","format":"standard","meta":{"footnotes":""},"categories":[1586],"tags":[4295,11,1785,5438,1777,674,1011,27,4998,12,25,132,220],"class_list":{"0":"post-165928","1":"post","2":"type-post","3":"status-publish","4":"format-standard","5":"has-post-thumbnail","7":"category-europe","8":"tag-tats-unis","9":"tag-actualites","10":"tag-anadolu-ajansi","11":"tag-dmitri-peskov","12":"tag-eu","13":"tag-europe","14":"tag-fr","15":"tag-france","16":"tag-kremlin","17":"tag-news","18":"tag-republique-francaise","19":"tag-russie","20":"tag-ukraine"},"share_on_mastodon":{"url":"https:\/\/pubeurope.com\/@fr\/114659705738867772","error":""},"_links":{"self":[{"href":"https:\/\/www.europesays.com\/fr\/wp-json\/wp\/v2\/posts\/165928","targetHints":{"allow":["GET"]}}],"collection":[{"href":"https:\/\/www.europesays.com\/fr\/wp-json\/wp\/v2\/posts"}],"about":[{"href":"https:\/\/www.europesays.com\/fr\/wp-json\/wp\/v2\/types\/post"}],"author":[{"embeddable":true,"href":"https:\/\/www.europesays.com\/fr\/wp-json\/wp\/v2\/users\/2"}],"replies":[{"embeddable":true,"href":"https:\/\/www.europesays.com\/fr\/wp-json\/wp\/v2\/comments?post=165928"}],"version-history":[{"count":0,"href":"https:\/\/www.europesays.com\/fr\/wp-json\/wp\/v2\/posts\/165928\/revisions"}],"wp:featuredmedia":[{"embeddable":true,"href":"https:\/\/www.europesays.com\/fr\/wp-json\/wp\/v2\/media\/165929"}],"wp:attachment":[{"href":"https:\/\/www.europesays.com\/fr\/wp-json\/wp\/v2\/media?parent=165928"}],"wp:term":[{"taxonomy":"category","embeddable":true,"href":"https:\/\/www.europesays.com\/fr\/wp-json\/wp\/v2\/categories?post=165928"},{"taxonomy":"post_tag","embeddable":true,"href":"https:\/\/www.europesays.com\/fr\/wp-json\/wp\/v2\/tags?post=165928"}],"curies":[{"name":"wp","href":"https:\/\/api.w.org\/{rel}","templated":true}]}}