{"id":165935,"date":"2025-06-10T15:13:10","date_gmt":"2025-06-10T15:13:10","guid":{"rendered":"https:\/\/www.europesays.com\/fr\/165935\/"},"modified":"2025-06-10T15:13:10","modified_gmt":"2025-06-10T15:13:10","slug":"il-sapproche-de-moi-pose-son-doigt-sur-mon-sein-chez-air-france-la-culture-dentreprise-machiste-en-pilote-automatique","status":"publish","type":"post","link":"https:\/\/www.europesays.com\/fr\/165935\/","title":{"rendered":"\u00ab\u00a0Il s\u2019approche de moi, pose son doigt sur mon sein\u00a0\u00bb\u00a0: chez Air France, la culture d\u2019entreprise machiste en pilote automatique"},"content":{"rendered":"<p>Depuis l\u2019irruption de <a href=\"https:\/\/www.humanite.fr\/societe\/metoo\/en-cinq-ans-comment-la-vague-metoo-a-change-le-monde-766062\" data-type=\"link\" data-id=\"https:\/\/www.humanite.fr\/societe\/metoo\/en-cinq-ans-comment-la-vague-metoo-a-change-le-monde-766062\" target=\"_blank\" rel=\"noopener\">#MeToo<\/a>, elle guettait f\u00e9brilement le moment o\u00f9 l\u2019onde de choc allait enfin secouer l\u2019entreprise et d\u00e9nouer les langues. Apr\u00e8s l\u2019avalanche de t\u00e9moignages recueillis aupr\u00e8s d\u2019h\u00f4tesses de l\u2019air victimes de violences sexistes et sexuelles (VSS) par\u00a0la cellule investigation <a href=\"https:\/\/www.radiofrance.fr\/franceinter\/podcasts\/secrets-d-info\/secrets-d-info-du-samedi-15-fevrier-2025-1152028\" data-type=\"link\" data-id=\"https:\/\/www.radiofrance.fr\/franceinter\/podcasts\/secrets-d-info\/secrets-d-info-du-samedi-15-fevrier-2025-1152028\" target=\"_blank\" rel=\"noopener\">de Radio France<\/a> il y a quatre mois, Alice*, cheffe de cabine \u00e0 <a href=\"https:\/\/www.humanite.fr\/social-et-economie\/air-france\/des-collegues-sont-paniques-a-orly-les-salaries-dair-france-dans-langoisse-avant-leur-transfert-a-roissy-charles-de-gaulle\" data-type=\"link\" data-id=\"https:\/\/www.humanite.fr\/social-et-economie\/air-france\/des-collegues-sont-paniques-a-orly-les-salaries-dair-france-dans-langoisse-avant-leur-transfert-a-roissy-charles-de-gaulle\" target=\"_blank\" rel=\"noopener\">Air France,<\/a> pensait enfin venue l\u2019heure de cette prise de conscience collective.<\/p>\n<p>Le voile lev\u00e9 sur l\u2019ampleur des cas de VSS au sein de la compagnie a\u00e9rienne, les propos d\u00e9gradants ciblant les salari\u00e9es, leur normalisation et le sentiment d\u2019impunit\u00e9 des agresseurs \u2013 autant de faits point\u00e9s par un rapport d\u2019audit dat\u00e9 de septembre 2024 et sur lesquels l\u2019inspection du travail se penche actuellement \u2013 ne pouvaient \u00e0 ses yeux manquer de provoquer un sursaut. Ce fut la douche froide pour celle qui, en trente ans de carri\u00e8re, n\u2019a jamais pu s\u2019accommoder du climat sexiste omnipr\u00e9sent dans son quotidien professionnel.<\/p>\n<p>Un chef de cabine qui colle \u00e0 plusieurs reprises son sexe dans le dos d\u2019une h\u00f4tesse en plein vol, la harc\u00e8le en escale, mais \u00e9chappe aux sanctions de la direction\u00a0; steward qui empoigne la poitrine d\u2019une autre dans une chambre d\u2019h\u00f4tel sous les ricanements du pilote\u2026 les t\u00e9moignages sont \u00e9difiants. Et pourtant. \u00ab\u00a0Quand les r\u00e9v\u00e9lations sont sorties, c\u2019\u00e9tait\u00a0: \u201dCirculez, il n\u2019y a rien \u00e0 voir.\u201d Un coll\u00e8gue a carr\u00e9ment ni\u00e9 le probl\u00e8me quand j\u2019ai abord\u00e9 le sujet. En fait, il s\u2019en fichait. Ce n\u2019\u00e9tait pas son affaire. La plupart des gens ici n\u2019arrivent toujours pas \u00e0 mettre de mots sur ce qui se passe\u00a0\u00bb, analyse Alice.<\/p>\n<p>\u00ab\u00a0On ne peut plus rigoler\u00a0\u00bb<\/p>\n<p>\u00ab\u00a0On ne peut plus&#8230;<\/p>\n","protected":false},"excerpt":{"rendered":"Depuis l\u2019irruption de #MeToo, elle guettait f\u00e9brilement le moment o\u00f9 l\u2019onde de choc allait enfin secouer l\u2019entreprise et&hellip;\n","protected":false},"author":2,"featured_media":165936,"comment_status":"","ping_status":"","sticky":false,"template":"","format":"standard","meta":{"footnotes":""},"categories":[4],"tags":[11,1816,29937,1011,27,29938,12,25,29939],"class_list":{"0":"post-165935","1":"post","2":"type-post","3":"status-publish","4":"format-standard","5":"has-post-thumbnail","7":"category-france","8":"tag-actualites","9":"tag-air-france","10":"tag-conditions-de-travail","11":"tag-fr","12":"tag-france","13":"tag-harcu00e8lement-sexuel","14":"tag-news","15":"tag-republique-francaise","16":"tag-vss-violences-sexistes-et-sexuelles"},"share_on_mastodon":{"url":"https:\/\/pubeurope.com\/@fr\/114659721473684360","error":""},"_links":{"self":[{"href":"https:\/\/www.europesays.com\/fr\/wp-json\/wp\/v2\/posts\/165935","targetHints":{"allow":["GET"]}}],"collection":[{"href":"https:\/\/www.europesays.com\/fr\/wp-json\/wp\/v2\/posts"}],"about":[{"href":"https:\/\/www.europesays.com\/fr\/wp-json\/wp\/v2\/types\/post"}],"author":[{"embeddable":true,"href":"https:\/\/www.europesays.com\/fr\/wp-json\/wp\/v2\/users\/2"}],"replies":[{"embeddable":true,"href":"https:\/\/www.europesays.com\/fr\/wp-json\/wp\/v2\/comments?post=165935"}],"version-history":[{"count":0,"href":"https:\/\/www.europesays.com\/fr\/wp-json\/wp\/v2\/posts\/165935\/revisions"}],"wp:featuredmedia":[{"embeddable":true,"href":"https:\/\/www.europesays.com\/fr\/wp-json\/wp\/v2\/media\/165936"}],"wp:attachment":[{"href":"https:\/\/www.europesays.com\/fr\/wp-json\/wp\/v2\/media?parent=165935"}],"wp:term":[{"taxonomy":"category","embeddable":true,"href":"https:\/\/www.europesays.com\/fr\/wp-json\/wp\/v2\/categories?post=165935"},{"taxonomy":"post_tag","embeddable":true,"href":"https:\/\/www.europesays.com\/fr\/wp-json\/wp\/v2\/tags?post=165935"}],"curies":[{"name":"wp","href":"https:\/\/api.w.org\/{rel}","templated":true}]}}