{"id":165939,"date":"2025-06-10T15:16:13","date_gmt":"2025-06-10T15:16:13","guid":{"rendered":"https:\/\/www.europesays.com\/fr\/165939\/"},"modified":"2025-06-10T15:16:13","modified_gmt":"2025-06-10T15:16:13","slug":"jai-beaucoup-de-sans-detour-sur-le-couple-dantoine-dupont-et-iris-mittenaere","status":"publish","type":"post","link":"https:\/\/www.europesays.com\/fr\/165939\/","title":{"rendered":"\u201cJ\u2019ai beaucoup de\u2026\u201d sans d\u00e9tour sur le couple d\u2019Antoine Dupont et Iris Mittenaere"},"content":{"rendered":"<p><strong>Et si le couple le plus glamour \u00e9tait celui d\u2019Antoine<br \/>\nDupont et Iris Mittenaere ?<\/strong> Exit <strong>Guillaume<br \/>\nCanet<\/strong> et <strong>Marion Cotillard<\/strong>, place aux<br \/>\njeunes. Et les nouveaux chouchous, qui ont renvoy\u00e9 <a href=\"https:\/\/www.melty.fr\/people\/elsa-bois-cette-escapade-secrete-avec-florent-manaudou-2225176.html\" rel=\"nofollow noopener\" target=\"_blank\"><br \/>\naux vestiaires <strong>Florent Manaudou<\/strong> et <strong>Elsa<br \/>\nBois<\/strong><\/a>, sont sous le feu des projecteurs. <strong>Lors<br \/>\ndu Festival de Cannes, tout d\u2019abord, en mai dernier, et tr\u00e8s<br \/>\nr\u00e9cemment \u00e0 Roland-Garros.<\/strong> Leur idylle divise les<br \/>\ninternautes, voire attise les jalousies sur les r\u00e9seaux sociaux.<br \/>\n<strong>Fabien Galthi\u00e9, s\u00e9lectionneur du XV de France, donne son<br \/>\navis bien tranch\u00e9.<\/strong><\/p>\n<p>Un couple atypique mais tr\u00e8s tendance<\/p>\n<p><strong>Antoine Dupont et Iris Mittenaere se rencontrent au<br \/>\nprintemps 2025.<\/strong> Ou peut-\u00eatre un peu avant. En tout cas,<br \/>\nles deux tourtereaux officialisent leur relation amoureuse en mars.<br \/>\n<strong>Tr\u00e8s vite, Paris Match leur accole l\u2019\u00e9tiquette tr\u00e8s trendy<br \/>\nde \u201ccouple le plus sexy du printemps\u201d.<\/strong> Une jolie<br \/>\nappellation qui attire les regards sur un couple atypique mais<br \/>\ntendance\u2026<\/p>\n<p>Atypique car deux univers s\u00e9parent les deux amants. D\u2019un c\u00f4t\u00e9,<br \/>\nla sueur sous les aisselles, les chocs des corps, le virilisme de<br \/>\nla troisi\u00e8me mi-temps. <strong>Antoine Dupont, rugbyman<br \/>\nstar.<\/strong> De l\u2019autre, les podiums, le maquillage, la gr\u00e2ce de<br \/>\nl\u2019\u00e9charpe saillant une robe satin\u00e9e. <strong>Iris Mittenaere, Miss<br \/>\nFrance et Miss Univers.<\/strong> La Belle et la B\u00eate ? Non, trop<br \/>\nclich\u00e9.<\/p>\n<p>Antoine Dupont et Iris Mittenaere critiqu\u00e9s<\/p>\n<p><strong>Forc\u00e9ment, une telle association, un tel couple, lov\u00e9<br \/>\ndans le strass et les paillettes, crucifi\u00e9 sous les flashs, est<br \/>\nsource de critiques.<\/strong> Le hater moyen, sur les<br \/>\n<strong>r\u00e9seaux sociaux<\/strong>, d\u00e9verse son fiel envers Antoine<br \/>\nDupont et Iris Mittenaere. D\u2019aucuns y voient une union factice, aux<br \/>\nmondes tr\u00e8s \u00e9loign\u00e9s. Les rageux 2.0 n\u2019y vont pas de main morte<br \/>\nenvers le couple-star.<\/p>\n<p><a href=\"https:\/\/www.melty.fr\/people\/iris-mittenaere-et-antoine-dupont-ce-couple-sonne-faux-les-amoureux-epingles-lors-de-la-finale-de-roland-garros-2240764.html\" rel=\"nofollow noopener\" target=\"_blank\"><br \/>\nOn vous en parlait pas plus tard qu\u2019hier, lundi 9 mai<\/a>, du<br \/>\nd\u00e9cha\u00eenement de passion qu\u2019a provoqu\u00e9 leur apparition dans les<br \/>\ngradins de Roland-Garros. Et c\u2019est un doux euph\u00e9misme. <strong>Dans<br \/>\nun monde, virtuel, qui plus est, o\u00f9 la bienveillance n\u2019est qu\u2019un<br \/>\nmot dans un dictionnaire laiss\u00e9 ferm\u00e9, beaucoup ont laiss\u00e9 libre<br \/>\ncourt \u00e0 leur jalousie voire leur haine en ligne.<\/strong><\/p>\n<p>Les deux amoureux vus par Fabien<br \/>\nGalthi\u00e9<\/p>\n<p>Pour vivre heureux vivons cach\u00e9s ? Peut-\u00eatre bien, cette maxime<br \/>\nest souvent de rigueur quand il s\u2019agit d\u2019amour. Et peut-\u00eatre encore<br \/>\nplus lorsqu\u2019on est une c\u00e9l\u00e9brit\u00e9 en 2025. <strong>L\u00a0\u00bbobscurantisme<br \/>\nde notre \u00e9poque hyperconnect\u00e9e est une v\u00e9ritable<br \/>\npoudri\u00e8re.<\/strong> N\u2019importe qui d\u00e9goupille, d\u00e9verse sa rage,<br \/>\navant de passer \u00e0 autre chose. Une photo de son repas du midi fa\u00e7on<br \/>\nrestau gastronomique, par exemple. Heureusement, il reste les<br \/>\nproches.<\/p>\n<p>Fabien Galthi\u00e9 est une sommit\u00e9 dans l\u2019ovalie. <strong>Originaire<br \/>\nde Cahors, celui-ci est un rugbyman fran\u00e7ais de renom devenu le<br \/>\ns\u00e9lectionneur du XV de France depuis 2020.<\/strong> Dans une<br \/>\ninterview, donn\u00e9e au <strong>Midi Olympique<\/strong>, il revient<br \/>\nsur le couple naissant Antoine Dupont et Iris Mittenaere. \u201cLa<br \/>\nnouvelle dimension d\u2019Antoine Dupont et son couple avec l\u2019ancienne<br \/>\nMiss Univers ?\u201d, lance le s\u00e9lectionneur avec beaucoup de<br \/>\nfranchise. \u201cAntoine Dupont, Matthieu Jalibert et tous les<br \/>\nautres joueurs dont vous parlez sont indissociables de l\u2019\u00e9quipe de<br \/>\nFrance depuis 2020. <strong>J\u2019ai beaucoup d\u2019affection pour<br \/>\neux.<\/strong> [\u2026] Antoine, c\u2019est le chemin parfait, tout<br \/>\ndroit ou presque [&#8230;]\u201d Heureusement, donc, Galthi\u00e9 veille au<br \/>\ngrain, et sur son petit prot\u00e9g\u00e9.<\/p>\n","protected":false},"excerpt":{"rendered":"Et si le couple le plus glamour \u00e9tait celui d\u2019Antoine Dupont et Iris Mittenaere ? Exit Guillaume Canet&hellip;\n","protected":false},"author":2,"featured_media":165940,"comment_status":"","ping_status":"","sticky":false,"template":"","format":"standard","meta":{"footnotes":""},"categories":[1416],"tags":[905,514,1011,27,7308,479,1468,60],"class_list":{"0":"post-165939","1":"post","2":"type-post","3":"status-publish","4":"format-standard","5":"has-post-thumbnail","7":"category-rugby","8":"tag-a-la-une-melty","9":"tag-antoine-dupont","10":"tag-fr","11":"tag-france","12":"tag-iris-mittenaere","13":"tag-rugby","14":"tag-rugby-football","15":"tag-sports"},"share_on_mastodon":{"url":"https:\/\/pubeurope.com\/@fr\/114659733292798439","error":""},"_links":{"self":[{"href":"https:\/\/www.europesays.com\/fr\/wp-json\/wp\/v2\/posts\/165939","targetHints":{"allow":["GET"]}}],"collection":[{"href":"https:\/\/www.europesays.com\/fr\/wp-json\/wp\/v2\/posts"}],"about":[{"href":"https:\/\/www.europesays.com\/fr\/wp-json\/wp\/v2\/types\/post"}],"author":[{"embeddable":true,"href":"https:\/\/www.europesays.com\/fr\/wp-json\/wp\/v2\/users\/2"}],"replies":[{"embeddable":true,"href":"https:\/\/www.europesays.com\/fr\/wp-json\/wp\/v2\/comments?post=165939"}],"version-history":[{"count":0,"href":"https:\/\/www.europesays.com\/fr\/wp-json\/wp\/v2\/posts\/165939\/revisions"}],"wp:featuredmedia":[{"embeddable":true,"href":"https:\/\/www.europesays.com\/fr\/wp-json\/wp\/v2\/media\/165940"}],"wp:attachment":[{"href":"https:\/\/www.europesays.com\/fr\/wp-json\/wp\/v2\/media?parent=165939"}],"wp:term":[{"taxonomy":"category","embeddable":true,"href":"https:\/\/www.europesays.com\/fr\/wp-json\/wp\/v2\/categories?post=165939"},{"taxonomy":"post_tag","embeddable":true,"href":"https:\/\/www.europesays.com\/fr\/wp-json\/wp\/v2\/tags?post=165939"}],"curies":[{"name":"wp","href":"https:\/\/api.w.org\/{rel}","templated":true}]}}