{"id":16594,"date":"2025-04-11T05:32:12","date_gmt":"2025-04-11T05:32:12","guid":{"rendered":"https:\/\/www.europesays.com\/fr\/16594\/"},"modified":"2025-04-11T05:32:12","modified_gmt":"2025-04-11T05:32:12","slug":"marseille-le-trafic-des-trains-arrete-durgence-a-la-gare-saint-charles-ce-quil-se-passe","status":"publish","type":"post","link":"https:\/\/www.europesays.com\/fr\/16594\/","title":{"rendered":"Marseille. Le trafic des trains arr\u00eat\u00e9 d&rsquo;urgence \u00e0 la gare Saint-Charles, ce qu&rsquo;il se passe"},"content":{"rendered":"<p>            Par<br \/>\n        <strong><br \/>\n            <a href=\"https:\/\/actu.fr\/auteur\/fabien-binacchi\" title=\"Consulter tous les articles de Fabien Binacchi\" target=\"_blank\" rel=\"noopener\">Fabien Binacchi<\/a><br \/>\n        <\/strong><\/p>\n<p>        Publi\u00e9 le<\/p>\n<p>            9 avr. 2025 \u00e0 11h39<br \/>\n        ; mis \u00e0 jour le 9 avr. 2025 \u00e0 12h27    <\/p>\n<p>Mise \u00e0 jour le 9 avril 2025 \u00e0 12\u2009: 25\u2009: La SNCF annonce la \u00ab\u2009fin de l\u2019incident\u2009\u00bb. \u00ab\u2009La circulation reprend progressivement\u2009\u00bb \u00e0 la gare Saint-Charles, a-t-elle fait savoir un peu apr\u00e8s 12h, tout en pr\u00e9cisant que \u00ab\u2009des retards et des suppressions restent \u00e0 pr\u00e9voir\u2009\u00bb.<\/p>\n<p class=\" wall-content\">Moment de panique \u00e0 la gare de <a href=\"https:\/\/actu.fr\/tag\/gare-saint-charles\" target=\"_blank\" rel=\"noopener\">Marseille Saint-Charles<\/a> ce matin du mercredi 9\u00a0avril 2025. Depuis 11\u2009h, une op\u00e9ration de d\u00e9minage est en cours apr\u00e8s <strong>la d\u00e9couverte d\u2019un bagage abandonn\u00e9<\/strong> dans le b\u00e2timent.<\/p>\n<p class=\" wall-content\">Le trafic est \u00e0 l\u2019arr\u00eat.<\/p>\n<p>L\u2019alerte signal\u00e9e \u00e0 11\u2009h\u200912<\/p>\n<p class=\" wall-content\">Un \u00ab\u2009bagage abandonn\u00e9 en gare de Marseille Saint Charles\u2009\u00bb a \u00e9t\u00e9 signal\u00e9 \u00e0 11\u2009h\u200912 par la SNCF, sur son compte X en r\u00e9gion Paca.<\/p>\n<p class=\" wall-content\">\n<p class=\" wall-content\">La circulation des trains a \u00e9t\u00e9 <strong>imm\u00e9diatement stopp\u00e9e<\/strong> pour permettre l\u2019intervention des services de secours et de d\u00e9minage.<\/p>\n<p>Reprise du trafic annonc\u00e9 pour midi<\/p>\n<p class=\" wall-content\">La SNCF pr\u00e9vient en effet de l\u2019\u00ab\u2009interruption de la circulation au d\u00e9part et \u00e0 l\u2019arriv\u00e9e de cette gare\u2009\u00bb. Elle annonce une \u00ab\u2009reprise de la circulation estim\u00e9e \u00e0 12h\u2009\u00bb.<\/p>\n<p>Vid\u00e9os : en ce moment sur Actu<\/p>\n<p class=\" wall-content\"><strong>Des retards et des suppressions sont \u00e0 pr\u00e9voir.<\/strong><\/p>\n<p class=\" wall-content\">Suivez toute l\u2019actualit\u00e9 de vos villes et m\u00e9dias favoris en vous inscrivant \u00e0 <a href=\"https:\/\/moncompte.actu.fr\" title=\"D\u00e9couvez Mon Actu\" rel=\"nofollow noopener\" data-trk=\"{&quot;cta&quot;:{&quot;action&quot;:&quot;https:\\\/\\\/moncompte.actu.fr&quot;,&quot;category&quot;:&quot;mon compte&quot;,&quot;from&quot;:&quot;article footer&quot;,&quot;name&quot;:&quot;Mon actu&quot;,&quot;type&quot;:&quot;cta&quot;}}\" target=\"_blank\">Mon Actu<\/a>.<\/p>\n","protected":false},"excerpt":{"rendered":"Par Fabien Binacchi Publi\u00e9 le 9 avr. 2025 \u00e0 11h39 ; mis \u00e0 jour le 9 avr. 2025&hellip;\n","protected":false},"author":2,"featured_media":16595,"comment_status":"","ping_status":"","sticky":false,"template":"","format":"standard","meta":{"footnotes":""},"categories":[2814],"tags":[1111,11,1777,674,118,1011,27,6305,884,12,882,25,2215],"class_list":{"0":"post-16594","1":"post","2":"type-post","3":"status-publish","4":"format-standard","5":"has-post-thumbnail","7":"category-marseille","8":"tag-actu","9":"tag-actualites","10":"tag-eu","11":"tag-europe","12":"tag-faits-divers","13":"tag-fr","14":"tag-france","15":"tag-gare-saint-charles","16":"tag-marseille","17":"tag-news","18":"tag-provence-alpes-cote-dazur","19":"tag-republique-francaise","20":"tag-sncf"},"share_on_mastodon":{"url":"https:\/\/pubeurope.com\/@fr\/114317698235313019","error":""},"_links":{"self":[{"href":"https:\/\/www.europesays.com\/fr\/wp-json\/wp\/v2\/posts\/16594","targetHints":{"allow":["GET"]}}],"collection":[{"href":"https:\/\/www.europesays.com\/fr\/wp-json\/wp\/v2\/posts"}],"about":[{"href":"https:\/\/www.europesays.com\/fr\/wp-json\/wp\/v2\/types\/post"}],"author":[{"embeddable":true,"href":"https:\/\/www.europesays.com\/fr\/wp-json\/wp\/v2\/users\/2"}],"replies":[{"embeddable":true,"href":"https:\/\/www.europesays.com\/fr\/wp-json\/wp\/v2\/comments?post=16594"}],"version-history":[{"count":0,"href":"https:\/\/www.europesays.com\/fr\/wp-json\/wp\/v2\/posts\/16594\/revisions"}],"wp:featuredmedia":[{"embeddable":true,"href":"https:\/\/www.europesays.com\/fr\/wp-json\/wp\/v2\/media\/16595"}],"wp:attachment":[{"href":"https:\/\/www.europesays.com\/fr\/wp-json\/wp\/v2\/media?parent=16594"}],"wp:term":[{"taxonomy":"category","embeddable":true,"href":"https:\/\/www.europesays.com\/fr\/wp-json\/wp\/v2\/categories?post=16594"},{"taxonomy":"post_tag","embeddable":true,"href":"https:\/\/www.europesays.com\/fr\/wp-json\/wp\/v2\/tags?post=16594"}],"curies":[{"name":"wp","href":"https:\/\/api.w.org\/{rel}","templated":true}]}}