{"id":165943,"date":"2025-06-10T15:19:09","date_gmt":"2025-06-10T15:19:09","guid":{"rendered":"https:\/\/www.europesays.com\/fr\/165943\/"},"modified":"2025-06-10T15:19:09","modified_gmt":"2025-06-10T15:19:09","slug":"toprak-razgatlioglu-officialise-en-motogp-des-2026","status":"publish","type":"post","link":"https:\/\/www.europesays.com\/fr\/165943\/","title":{"rendered":"Toprak Razgatlioglu officialis\u00e9 en MotoGP d\u00e8s 2026 !"},"content":{"rendered":"<p>Les rumeurs se faisaient de plus en plus fortes et elles basculent \u00e0 pr\u00e9sent dans le domaine de l&rsquo;information concr\u00e8te\u00a0:\u00a0<a href=\"https:\/\/fr.motorsport.com\/driver\/toprak-razgatlioglu\/178502\/\" target=\"_blank\" rel=\"noopener\">Toprak Razgatlioglu<\/a> va rejoindre le MotoGP avec Yamaha, et il le fera d\u00e8s 2026 en courant sous les couleurs de Pramac.<\/p>\n<p>L&rsquo;annonce en a \u00e9t\u00e9 fait ce mardi par le constructeur lui-m\u00eame. Il s&rsquo;agit de retrouvailles avec le pilote turc, puisque tous deux ont d\u00e9j\u00e0 \u00e9t\u00e9 unis pendant quatre ans en WorldSBK, avec succ\u00e8s car cela avait men\u00e9 au titre mondial en 2021. Depuis, Razgatlioglu est devenu le deuxi\u00e8me pilote le plus victorieux de ce championnat et il a remport\u00e9 un second sacre, avec BMW cette fois.<\/p>\n<p>Pour sa huiti\u00e8me saison dans la cat\u00e9gorie WorldSBK, il est actuellement deuxi\u00e8me du championnat, en lutte face \u00e0 <a href=\"https:\/\/fr.motorsport.com\/driver\/nicolo-bulega\/291557\/\" target=\"_blank\" rel=\"noopener\">Nicol\u00f2 Bulega<\/a> que Ducati a annonc\u00e9 ce matin comme nouveau pilote essayeur de sa MotoGP dans l&rsquo;optique du passage aux pneus Pirelli en 2027.<\/p>\n<p>Lire aussi :<\/p>\n<p>Aur\u00e9ol\u00e9 d&rsquo;un statut de star, et ce depuis ses d\u00e9buts tonitruants \u00e0 Magny-Cours en 2014, lorsqu&rsquo;il a remport\u00e9 sa premi\u00e8re course en Superstock 600 \u00e0 la surprise g\u00e9n\u00e9rale, le Turc a connu une carri\u00e8re aussi impressionnante que volatile. Il a plusieurs fois \u00e9t\u00e9 dit en discussion avec l&rsquo;une ou l&rsquo;autre des \u00e9quipes MotoGP. Il a m\u00eame r\u00e9alis\u00e9 deux tests avec Yamaha, en 2022 et 2023, mais sans jamais concr\u00e9tiser les attentes en vue d&rsquo;un tel transfert.<\/p>\n<p>C&rsquo;est au sein du team Pramac Racing que Toprak Razgatlioglu fera finalement son arriv\u00e9e sur la grille MotoGP. L&rsquo;\u00e9quipe italienne s&rsquo;est associ\u00e9e cette ann\u00e9e \u00e0 Yamaha apr\u00e8s avoir \u00e9t\u00e9 un partenaire de longue date avec Ducati, jusqu&rsquo;au titre remport\u00e9 par <a href=\"https:\/\/fr.motorsport.com\/driver\/jorge-martin\/109391\/\" target=\"_blank\" rel=\"noopener\">Jorge Mart\u00edn<\/a> en 2024.<\/p>\n<p>Une arriv\u00e9e fix\u00e9e un an avant le changement de r\u00e8glement<\/p>\n<p>Yamaha pr\u00e9sente ce recrutement comme \u00ab\u00a0une d\u00e9cision strat\u00e9gique, qui va permettre au pilote turc d&rsquo;exprimer son talent unique au plus haut niveau de la course moto\u00a0\u00bb.\u00a0Il n&rsquo;attendra pas 2027 et le changement de r\u00e8glement, et aura donc une ann\u00e9e pour prendre ses marques avant la r\u00e9duction de la cylindr\u00e9e et le passage aux pneus Pirelli.<\/p>\n<p>\u00ab\u00a0Nous sommes ravis d&rsquo;accueillir \u00e0 nouveau Toprak dans la famille Yamaha\u00a0\u00bb, d\u00e9clare Paolo Pavesio, directeur ex\u00e9cutif de Yamaha Motor Racing. \u00ab\u00a0Toprak, pilote Yamaha le plus victorieux de tous les temps en Superbike, a prouv\u00e9 son talent exceptionnel en remportant deux fois le titre WorldSBK, ce qui n&rsquo;est pas une mince affaire.\u00a0\u00bb<\/p>\n<p>\u00ab\u00a0Son passage au MotoGP est \u00e0 la fois un &lsquo;retour aux sources&rsquo; et un nouveau d\u00e9fi passionnant, avec pour objectif clair une progression constante au fil du temps. Son esprit combatif et sa d\u00e9termination correspondent parfaitement \u00e0 l&rsquo;\u00e9quipe Prima Pramac Yamaha MotoGP et \u00e0 la strat\u00e9gie audacieuse de Yamaha en MotoGP. Nous pensons donc que 2026 est le moment id\u00e9al pour ce transfert que de nombreux fans attendent depuis longtemps.\u00a0\u00bb<\/p>\n<p>Yamaha n&rsquo;en dit pas plus sur le line-up de l&rsquo;\u00e9quipe Pramac pour la saison prochaine. <a href=\"https:\/\/fr.motorsport.com\/driver\/jack-miller\/96423\/\" target=\"_blank\" rel=\"noopener\">Jack Miller<\/a> et <a href=\"https:\/\/fr.motorsport.com\/driver\/miguel-oliveira\/109382\/\" target=\"_blank\" rel=\"noopener\">Miguel Oliveira<\/a>, arriv\u00e9s dans l&rsquo;\u00e9quipe cette ann\u00e9e, ne sont sous contrat que pour un an. Le patron du programme Yamaha avait initialement promis <a href=\"https:\/\/fr.motorsport.com\/motogp\/news\/razgatlioglu-pramac-yamaha-decision-ete\/10722986\/\" target=\"_self\" rel=\"noopener\">de ne pas prendre de d\u00e9cision quant \u00e0 la venue de Toprak Razgatlioglu avant l&rsquo;\u00e9t\u00e9<\/a>, par respect pour eux.<\/p>\n<p>Dans cet article<\/p>\n<p>    L\u00e9na Buffa\n<\/p>\n<p>    MotoGP\n<\/p>\n<p>    Toprak Razgatlioglu\n<\/p>\n<p>    Pramac Racing\n<\/p>\n<p>Soyez le premier inform\u00e9 et souscrivez aux alertes mails pour recevoir les infos en temps r\u00e9el<\/p>\n<p>    S&rsquo;abonner aux alertes de news<\/p>\n","protected":false},"excerpt":{"rendered":"Les rumeurs se faisaient de plus en plus fortes et elles basculent \u00e0 pr\u00e9sent dans le domaine de&hellip;\n","protected":false},"author":2,"featured_media":165944,"comment_status":"","ping_status":"","sticky":false,"template":"","format":"standard","meta":{"footnotes":""},"categories":[1413],"tags":[1011,27,1457,1456,1458,3593,60,8341],"class_list":{"0":"post-165943","1":"post","2":"type-post","3":"status-publish","4":"format-standard","5":"has-post-thumbnail","7":"category-moto","8":"tag-fr","9":"tag-france","10":"tag-moto","11":"tag-motocycle","12":"tag-motogp","13":"tag-pramac-racing","14":"tag-sports","15":"tag-toprak-razgatlioglu"},"share_on_mastodon":{"url":"https:\/\/pubeurope.com\/@fr\/114659745279936517","error":""},"_links":{"self":[{"href":"https:\/\/www.europesays.com\/fr\/wp-json\/wp\/v2\/posts\/165943","targetHints":{"allow":["GET"]}}],"collection":[{"href":"https:\/\/www.europesays.com\/fr\/wp-json\/wp\/v2\/posts"}],"about":[{"href":"https:\/\/www.europesays.com\/fr\/wp-json\/wp\/v2\/types\/post"}],"author":[{"embeddable":true,"href":"https:\/\/www.europesays.com\/fr\/wp-json\/wp\/v2\/users\/2"}],"replies":[{"embeddable":true,"href":"https:\/\/www.europesays.com\/fr\/wp-json\/wp\/v2\/comments?post=165943"}],"version-history":[{"count":0,"href":"https:\/\/www.europesays.com\/fr\/wp-json\/wp\/v2\/posts\/165943\/revisions"}],"wp:featuredmedia":[{"embeddable":true,"href":"https:\/\/www.europesays.com\/fr\/wp-json\/wp\/v2\/media\/165944"}],"wp:attachment":[{"href":"https:\/\/www.europesays.com\/fr\/wp-json\/wp\/v2\/media?parent=165943"}],"wp:term":[{"taxonomy":"category","embeddable":true,"href":"https:\/\/www.europesays.com\/fr\/wp-json\/wp\/v2\/categories?post=165943"},{"taxonomy":"post_tag","embeddable":true,"href":"https:\/\/www.europesays.com\/fr\/wp-json\/wp\/v2\/tags?post=165943"}],"curies":[{"name":"wp","href":"https:\/\/api.w.org\/{rel}","templated":true}]}}