{"id":165947,"date":"2025-06-10T15:21:10","date_gmt":"2025-06-10T15:21:10","guid":{"rendered":"https:\/\/www.europesays.com\/fr\/165947\/"},"modified":"2025-06-10T15:21:10","modified_gmt":"2025-06-10T15:21:10","slug":"cyclisme-criterium-du-dauphine-ivan-romeo-la-3e-etape-et-le-jaune-van-der-poel-piege","status":"publish","type":"post","link":"https:\/\/www.europesays.com\/fr\/165947\/","title":{"rendered":"Cyclisme. Crit\u00e9rium du Dauphin\u00e9 &#8211; Ivan Romeo la 3e \u00e9tape et le Jaune, Van der poel pi\u00e9g\u00e9"},"content":{"rendered":"<p> Lire la suite de l&rsquo;article&#13;<\/p>\n<p>\u00a0<\/p>\n<p>&#13;<br \/>\nIvan Romeo fait coup double, Lipowitz prend 1 minute d&rsquo;avance sur les favoris&#13;<\/p>\n<p>Pr\u00e9sent \u00e0 l&rsquo;avant,\u00a0<strong>Mathieu van der Poel<\/strong>\u00a0(Alpecin &#8211; Deceuninck) avait logiquement la pancarte, et le maillot vert n&rsquo;a pas r\u00e9ussi \u00e0 trouver l&rsquo;ouverture dans ce final tr\u00e8s tactique. Le N\u00e9erlandais r\u00e8gle le 2e groupe de poursuivants pour la 5e place \u00e0 27&Prime;, devant les Fran\u00e7ais\u00a0<strong>Axel Laurance<\/strong> (INEOS Grenadiers),\u00a0<strong>Brieuc Rolland<\/strong> (Groupama-FDJ) et\u00a0<strong>Julien Bernard<\/strong> (Lidl-Trek). Le peloton en termine lui \u00e0 1&rsquo;08\u00a0\u00bb avec tous les favoris, mais sans le maillot jaune <strong>Jonathan Milan<\/strong> (Lidl-Trek), qui s&rsquo;est accroch\u00e9 toute la journ\u00e9e pour d\u00e9fendre sa tunique mais a \u00e9t\u00e9 distanc\u00e9 dans la derni\u00e8re difficult\u00e9. <\/p>\n<p>&#13;<\/p>\n<p>A noter qu&rsquo;en d\u00e9but d&rsquo;\u00e9tape,\u00a0<strong>Tadej Pogacar<\/strong>\u00a0(UAE Team Emirates-XRG) et\u00a0<strong>Remco Evenepoel<\/strong>\u00a0(Soudal Quick-Step) ont chacun grappill\u00e9 2&Prime; et 1&Prime;\u00a0de bonifications. Le Slov\u00e8ne devance d\u00e9sormais de 6&Prime; <strong>Jonas Vingegaard<\/strong> (Visma), et de 11&Prime; le Belge. Au g\u00e9n\u00e9ral, <strong>Ivan Romeo<\/strong> s&#8217;empare du Jaune avec 17&Prime; d&rsquo;avance sur le Fran\u00e7ais <strong>Barr\u00e9<\/strong>, 18&Prime; sur <strong>Tejada<\/strong> et 24&Prime; sur <strong>Lipowitz<\/strong>, \u00e0 la veille d&rsquo;un chrono qui s&rsquo;annonce d\u00e9cisif.<\/p>\n<p>&#13;<\/p>\n<p>\u00a0<\/p>\n<p>&#13;<br \/>\nLe r\u00e9sum\u00e9 de la course&#13;<\/p>\n<p>Une fois le bel hommage rendu \u00e0 <strong>Romain Bardet<\/strong> lors de la pr\u00e9sentation des \u00e9quipes et sur la ligne de d\u00e9part, le peloton s&rsquo;\u00e9lance et d\u00e9marre directement dans le vif du sujet avec deux bels ascensions \u00e0 gravir d&rsquo;entr\u00e9e : la\u00a0C\u00f4te de Cornille (4.1 km \u00e0 4.8%)\u00a0suivi dans la foul\u00e9e dela C\u00f4te de la Barbate (5.8 km \u00e0 6.8%). Un d\u00e9part muscl\u00e9 qui donne forc\u00e9ment lieu \u00e0 une grosse bataille pour prendre l&rsquo;\u00e9chapp\u00e9e et fait mal au maillot Jaune <strong>Jonathan Milan<\/strong> (Lidl-Trek), rapidement distanc\u00e9. Les attaques se multiplient mais personne n&rsquo;arrive \u00e0 faire la diff\u00e9rence au bout de 30 km, o\u00f9 se situe le premier sprint interm\u00e9diaire du jour, \u00e0 La Chaise-Dieu. L&rsquo;occasion pour les favoris d&rsquo;aller chercher quelques pr\u00e9cieuses bonifications. Derri\u00e8re le Fran\u00e7ais <strong>Louis Barr\u00e9<\/strong> (Intermarch\u00e9 &#8211; Wanty), qui a attaqu\u00e9 juste avant, <strong>Tadej Pogacar<\/strong> (UAE Team Emirates-XRG) prend la 2e place devant <strong>Remco Evenepoel<\/strong> (Soudal Quick-Step), soit respectivement 2 et 1 secondes de bonif chacun.<\/p>\n<p>&#13;<\/p>\n<p>Dans la foul\u00e9e, la bonne \u00e9chapp\u00e9e parvient enfin \u00e0 se former avec 13 coureurs et de tr\u00e8s beaux noms \u00e0 l&rsquo;avant, dont le maillot vert\u00a0<strong>Mathieu van der Poel<\/strong> (Alpecin &#8211; Deceuninck) et l&rsquo;Allemand\u00a0<strong>Florian Lipowitz<\/strong> (Red Bull &#8211; BORA &#8211; hansgrohe), 2e de <strong>Paris-Nice 2025<\/strong>\u00a0et un r\u00e9el\u00a0danger pour le g\u00e9n\u00e9ral ! Cinq Fran\u00e7ais sont \u00e9galement pr\u00e9sents, avec\u00a0<strong>Anthony Turgis<\/strong> (TotalEnergies), <strong>Louis Barr\u00e9<\/strong>, <strong>Brieuc Rolland<\/strong> (Groupama &#8211; FDJ), <strong>Julien Bernard<\/strong> (Lidl &#8211; Trek),et\u00a0<strong>Axel Laurance<\/strong> (INEOS Grenadiers), mais aussi\u00a0<strong>Eddie Dunbar<\/strong> (Team Jayco AlUla), <strong>Krists Neilands<\/strong> (Israel &#8211; Premier Tech), <strong>Andreas Leknessund<\/strong> (Uno-X Mobility), <strong>Iv\u00e1n Romeo<\/strong> (Movistar), <strong>Harold Tejada<\/strong> (XDS Astana Team) et <strong>Michael Leonard<\/strong> (INEOS Grenadiers).<\/p>\n<p>&#13;<\/p>\n<p>\u00a0<\/p>\n<p>&#13;<br \/>\nUne \u00e9chapp\u00e9e de 13 avec Van der Poel, Lipowitz et 5 Fran\u00e7ais&#13;<\/p>\n<p>Cette belle \u00e9chapp\u00e9e prend jusqu&rsquo;\u00e0 2 minutes d&rsquo;avance mais est tr\u00e8s rapidement prise au s\u00e9rieux par un peloton loin d&rsquo;\u00eatre au complet \u00e0 la mi-course. Il faut dire que la pr\u00e9sence de\u00a0<strong>Florian Lipowitz<\/strong> \u00e0 l&rsquo;avant ne permet pas aux \u00e9quipes des cadors de leur laisser trop de champ.\u00a0<strong>UAE Team Emirates-XRG<\/strong> vient rouler la premi\u00e8re, ensuite aid\u00e9e par la <strong>Soudal Quick-Step<\/strong> et la\u00a0<strong>Visma | Lease a Bike<\/strong> pour garder l&rsquo;\u00e9cart sous contr\u00f4le. L\u00e2ch\u00e9 \u00e0 plusieurs reprises lors de chaque difficult\u00e9, le\u00a0maillot Jaune\u00a0<strong>Jonathan Milan<\/strong>\u00a0parvient finalement \u00e0 revenir \u00e0 chaque fois et fait bien partie du peloton \u00e0 50 km de l&rsquo;arriv\u00e9e.<\/p>\n<p>&#13;<\/p>\n<p>Il ne reste alors plus qu&rsquo;une mont\u00e9e \u00e0 franchir : la tr\u00e8s pentue C\u00f4te du Ch\u00e2teau Jaune (1.2 km \u00e0 9.5%), dont le sommet est situ\u00e9 \u00e0 moins de 20 bornes du but. L&rsquo;\u00e9cart restae stabilis\u00e9 autour de 1&rsquo;30\u00a0\u00bb, mais \u00e0 l&rsquo;approche du juge de paix de ce final, l&rsquo;entente se d\u00e9sagr\u00e8ge entre les \u00e9chapp\u00e9s, malgr\u00e9 la belle opportunit\u00e9 qui se pr\u00e9sente pour eux. Certains commencent \u00e0 compter leurs coups de p\u00e9dales et \u00e0 se regarder, ce qui donne des id\u00e9es au peloton, toujours en lice pour la victoire sans m\u00eame vraiment mener la chasse. R\u00e9sultat, au pied, il y a moins d&rsquo;une minute d&rsquo;avance pour les attaquants.<\/p>\n<p>&#13;<\/p>\n<p>\u00a0<\/p>\n<p>&#13;<br \/>\nLe peloton battu, belle bataille entre les \u00e9chapp\u00e9s&#13;<\/p>\n<p>Sentant le souffle du peloton, <strong>Julien Bernard<\/strong> d\u00e9cide de passer \u00e0 l&rsquo;action et d&rsquo;attaquer.\u00a0<strong>Harold Tejada<\/strong>\u00a0et\u00a0<strong>Florian Lipowitz <\/strong>reviennent dans un second temps, et l&rsquo;Allemand, tr\u00e8s costaud, en remet une d\u00e8s qu&rsquo;il revient. <strong>Van der Poel<\/strong> et le reste de l&rsquo;\u00e9chapp\u00e9e sont point\u00e9s \u00e0 environ 10 secondes au sommet. Le peloton monte au train sous l&rsquo;impulsion d&rsquo;<strong>UAE<\/strong>\u00a0mais perd un peu de temps, m\u00eame si ce rythme est fatal \u00e0 <strong>Milan<\/strong>, qui ne reviendra et va c\u00e9der son maillot Jaune. A l&rsquo;avant,\u00a0<strong>Andreas Leknessund <\/strong>a lui aussi r\u00e9ussi \u00e0 faire la jonction, on retrouve donc un quatuor en t\u00eate avec quelques secondes d&rsquo;avance sur un groupe de poursuivants men\u00e9 tambour battant par <strong>Van der Poel<\/strong>\u00a0dans la descente. Un peu juste dans la mont\u00e9e, le N\u00e9erlandais est impressionnant dans cette partie technique et roulante et recolle sur la t\u00eate \u00e0 13 km, avec dans sa roue le seul <strong>Louis Barr\u00e9<\/strong>.<\/p>\n<p>&#13;<\/p>\n<p>Le peloton est lui d\u00e9sormais point\u00e9 \u00e0 1&rsquo;20\u00a0\u00bb et ne devrait pas pouvoir rentrer. La gagne est devant, mais la pr\u00e9sence de MVDP au sein des six en t\u00eate ne favorise pas une entente parfaite. Cela profite \u00e0 un groupe de 4 poursuivants avec\u00a0<strong>Eddie Dunbar<\/strong>,<strong>\u00a0<strong>Brieuc Rolland<\/strong><\/strong>,<strong><strong>\u00a0<strong>Iv\u00e1n Romeo <\/strong><\/strong><\/strong>et\u00a0<strong><strong><strong><strong>Axel Laurance<\/strong><\/strong><\/strong><\/strong>. Dix coureurs ouvrent donc la route alors qu&rsquo;on entre dans les 10 derniers kms. Le final n&rsquo;est pas tout plat\u00a0 et s&rsquo;annonce tr\u00e8s tactique pour \u00e9viter d&rsquo;arriver au sprint avec <strong>Van der Poel<\/strong> ou <strong>Laurance<\/strong>, de loin les plus rapides. <\/p>\n<p>&#13;<\/p>\n<p>\u00a0<\/p>\n<p>&#13;<br \/>\nIvan Romeo plus malin, coup double pour l&rsquo;Espagnol !&#13;<\/p>\n<p>Profitant d&rsquo;une petite bosse d&rsquo;1 km \u00e0 5% non r\u00e9pertori\u00e9e, Ivan Romeo part en facteur et prend quelques m\u00e8tres. Tr\u00e8s \u00e0 l&rsquo;aise, <strong>Lipowitz<\/strong> ne laisse pas faire et fait un gros effort pour revenir qui met tout le monde dans le rouge. Mais l&rsquo;Espagnol remet \u00e7a \u00e0 5 km, et cette fois-ci personne ne r\u00e9agit !\u00a0<strong>Lipowitz <\/strong>est encore tr\u00e8s fort mais s&rsquo;y prend trop tard pour comnler l&rsquo;\u00e9cart, qui grimpe \u00e0 15 secondes. Van der Poel tente d&rsquo;organiser la poursuite, sans succ\u00e8s. On se regarde comme souvent beaucoup trop dans ce genre de configuration, et <strong>Romeo<\/strong> s&rsquo;envole vers la victoire ! Le champion du monde du chrono U23 l&rsquo;an pass\u00e9 roule fort et d\u00e9croche son premier succ\u00e8s WorldTour. Sortis en contre,\u00a0<strong>Tejada<\/strong>,\u00a0<strong>Barr\u00e9<\/strong>\u00a0et\u00a0<strong>Lipowitz<\/strong>\u00a0arrive dans cet ordre \u00e0 14&Prime;.<\/p>\n<p>Criterium du Dauphine &#8211; Classement de la 3\u00e8 \u00e9tape Criterium du Dauphine &#8211; Classement g\u00e9n\u00e9ral provisoire apr\u00e8s la 3\u00e8 \u00e9tape<\/p>\n","protected":false},"excerpt":{"rendered":"Lire la suite de l&rsquo;article&#13; \u00a0 &#13; Ivan Romeo fait coup double, Lipowitz prend 1 minute d&rsquo;avance sur&hellip;\n","protected":false},"author":2,"featured_media":165948,"comment_status":"","ping_status":"","sticky":false,"template":"","format":"standard","meta":{"footnotes":""},"categories":[1411],"tags":[24803,1154,207,211,1011,27,209,60,210,212,208,213],"class_list":{"0":"post-165947","1":"post","2":"type-post","3":"status-publish","4":"format-standard","5":"has-post-thumbnail","7":"category-cyclisme","8":"tag-criterium-du-dauphine","9":"tag-cycling","10":"tag-cyclisme","11":"tag-ffc","12":"tag-fr","13":"tag-france","14":"tag-route","15":"tag-sports","16":"tag-tour-de-france","17":"tag-uci","18":"tag-velo","19":"tag-world-tour"},"share_on_mastodon":{"url":"https:\/\/pubeurope.com\/@fr\/114659752857552020","error":""},"_links":{"self":[{"href":"https:\/\/www.europesays.com\/fr\/wp-json\/wp\/v2\/posts\/165947","targetHints":{"allow":["GET"]}}],"collection":[{"href":"https:\/\/www.europesays.com\/fr\/wp-json\/wp\/v2\/posts"}],"about":[{"href":"https:\/\/www.europesays.com\/fr\/wp-json\/wp\/v2\/types\/post"}],"author":[{"embeddable":true,"href":"https:\/\/www.europesays.com\/fr\/wp-json\/wp\/v2\/users\/2"}],"replies":[{"embeddable":true,"href":"https:\/\/www.europesays.com\/fr\/wp-json\/wp\/v2\/comments?post=165947"}],"version-history":[{"count":0,"href":"https:\/\/www.europesays.com\/fr\/wp-json\/wp\/v2\/posts\/165947\/revisions"}],"wp:featuredmedia":[{"embeddable":true,"href":"https:\/\/www.europesays.com\/fr\/wp-json\/wp\/v2\/media\/165948"}],"wp:attachment":[{"href":"https:\/\/www.europesays.com\/fr\/wp-json\/wp\/v2\/media?parent=165947"}],"wp:term":[{"taxonomy":"category","embeddable":true,"href":"https:\/\/www.europesays.com\/fr\/wp-json\/wp\/v2\/categories?post=165947"},{"taxonomy":"post_tag","embeddable":true,"href":"https:\/\/www.europesays.com\/fr\/wp-json\/wp\/v2\/tags?post=165947"}],"curies":[{"name":"wp","href":"https:\/\/api.w.org\/{rel}","templated":true}]}}