{"id":165951,"date":"2025-06-10T15:23:10","date_gmt":"2025-06-10T15:23:10","guid":{"rendered":"https:\/\/www.europesays.com\/fr\/165951\/"},"modified":"2025-06-10T15:23:10","modified_gmt":"2025-06-10T15:23:10","slug":"olivier-pernaut-et-son-epouse-catherine-dupraz-font-une-grande-annonce-un-petit-nouveau-dans-la-famille","status":"publish","type":"post","link":"https:\/\/www.europesays.com\/fr\/165951\/","title":{"rendered":"Olivier Pernaut et son \u00e9pouse Catherine Dupraz font une grande annonce : un petit nouveau dans la famille"},"content":{"rendered":"<p>      R\u00e9sum\u00e9<\/p>\n<p>Olivier Pernaut et son \u00e9pouse Catherine Dupraz ont r\u00e9cemment agrandi leur foyer avec l\u2019arriv\u00e9e d\u2019un nouveau compagnon \u00e0 quatre pattes, partag\u00e9 avec joie sur les r\u00e9seaux sociaux.<\/p>\n<p>        Sommaire<\/p>\n<p><strong>Olivier Pernaut est un homme combl\u00e9<\/strong>. Le fils a\u00een\u00e9 de Jean-Pierre Pernaut a partag\u00e9 sur Instagram un instant de vie avec sa petite smala. Le pilote automobile de 44 ans, <a href=\"https:\/\/www.public.fr\/jean-pierre-pernaut-ce-bel-heritage-laisse-a-son-fils-olivier-et-son-petit-fils-leo\" target=\"_blank\" rel=\"noopener\">heureux papa de L\u00e9o, 11 ans<\/a>, et de Rose, 7 ans, a accueilli avec son \u00e9pouse Catherine Dupraz un petit nouveau dans la famille !<\/p>\n<p>En effet, sur Instagram, les deux tourtereaux ont immortalis\u00e9 l&rsquo;arriv\u00e9e d&rsquo;un magnifique chat blanc dans leur famille. <strong>\u00ab\u00a0On a craqu\u00e9 !\u00a0\u00bb<\/strong> <strong>s&rsquo;est r\u00e9jouie Catherine Dupraz<\/strong> dans une story que son \u00e9poux a partag\u00e9e, et sur laquelle appara\u00eet la petite-fille de Jean-Pierre Pernaut. <a href=\"https:\/\/vsd.fr\/62938-cercle-vicieux-lou-pernaut-en-danger-elle-brise-le-silence-sur-ses-variations-de-poids\/\" target=\"_blank\" rel=\"noopener\">La ni\u00e8ce de Lou et de Tom<\/a> semble la plus combl\u00e9e possible !<\/p>\n<p>Moins connu que ses deux demis-fr\u00e8re et s\u0153ur, Olivier Pernaut est le fr\u00e8re de Julia. Ils sont tous deux issus du premier mariage de leur p\u00e8re, avec <strong>Dominique Bonnet<\/strong>. Julia, l&rsquo;a\u00een\u00e9e, est n\u00e9e en 1978. Olivier l&rsquo;a suivie cinq ann\u00e9es plus tard. S&rsquo;il est pilote automobile, Julia, elle, est <a href=\"https:\/\/www.public.fr\/jean-pierre-pernaut-ses-deux-premiers-enfants-julia-et-olivier-lui-rendent-un-hommage-original-sur-sa-terre-natale\" target=\"_blank\" rel=\"noopener\">une docteure tr\u00e8s r\u00e9put\u00e9e<\/a>. <strong>Chirurgienne gyn\u00e9cologue et oncologue en gyn\u00e9cologie<\/strong>, Julia Pernaut travaille dans un centre chirurgical priv\u00e9 r\u00e9put\u00e9 \u00e0 Amiens. <\/p>\n<p>Une famille Pernaut (r\u00e9)unie dans la douleur<\/p>\n<p>Jean-Pierre Pernaut qui nous a quitt\u00e9s il y a d\u00e9sormais trois ans <strong>des suites d&rsquo;un cancer du poumon<\/strong>, s&rsquo;\u00e9tait ensuite remari\u00e9e \u00e0 Nathalie Marquay-Pernaut. Avec cette derni\u00e8re, deux autres enfants sont n\u00e9s : Lou, 23 ans, et Tom, 22 ans. Les quatre fr\u00e8res et s\u0153urs, que l&rsquo;on voit tr\u00e8s rarement ensemble, \u00e9taient apparus <strong>ensemble pour les fun\u00e9railles de leur p\u00e8re en mars 2022<\/strong>, aux c\u00f4t\u00e9s des petits-enfants de ce dernier, mais aussi de leurs cousins et cousines (les enfants de <a href=\"https:\/\/www.public.fr\/mort-de-jean-pierre-pernaut-son-frere-jean-francois-est-lui-aussi-decede-des-suites-d-une-longue-maladie\" target=\"_blank\" rel=\"noopener\">Jean-Fran\u00e7ois Pernaut<\/a>).<\/p>\n<p>Avec Jean-Pierre Pernaut, Olivier partageait la passion de la course automobile. Mais si ce sport n&rsquo;est rest\u00e9 qu&rsquo;un hobbie pour le d\u00e9funt patriarche, <strong>son fils, lui, en a fait son m\u00e9tier<\/strong> ! Olivier int\u00e8gre d\u00e8s l&rsquo;adolescence une \u00e9cole priv\u00e9e de sport automobile. Dipl\u00f4m\u00e9 en ing\u00e9nierie m\u00e9canique, il devient pilote de rallye professionnel \u00e0 la t\u00eate de l&rsquo;\u00e9curie de la team Orhes Racing. <strong>Il a remport\u00e9 le troph\u00e9e Andros \u00e0 Val Thorens en 2021<\/strong>, soit quelques mois avant la mort de son p\u00e8re. Le plus beaux des cadeaux.<\/p>\n<p><img loading=\"lazy\" decoding=\"async\" width=\"775\" height=\"1677\" src=\"data:image\/svg+xml,%3Csvg%20xmlns=\" http:=\"\" alt=\"Rose est aux anges, elle accueille un petit nouveau \u00e0 la maison !\" data-lazy- data-lazy- data-lazy-src=\"https:\/\/www.europesays.com\/fr\/wp-content\/uploads\/2025\/06\/WhatsApp-Image-2025-06-10-at-10.23.32-edited.jpeg\"\/><\/p>\n<p>      Mentionn\u00e9s dans cet article<\/p>\n<p>\u00c0 lire aussi<\/p>\n","protected":false},"excerpt":{"rendered":"R\u00e9sum\u00e9 Olivier Pernaut et son \u00e9pouse Catherine Dupraz ont r\u00e9cemment agrandi leur foyer avec l\u2019arriv\u00e9e d\u2019un nouveau compagnon&hellip;\n","protected":false},"author":2,"featured_media":165952,"comment_status":"","ping_status":"","sticky":false,"template":"","format":"standard","meta":{"footnotes":""},"categories":[1359],"tags":[17709,7654,58,59,652,1011,27,3350,29940,973],"class_list":{"0":"post-165951","1":"post","2":"type-post","3":"status-publish","4":"format-standard","5":"has-post-thumbnail","7":"category-people","8":"tag-animal-de-compagnie","9":"tag-chat","10":"tag-divertissement","11":"tag-entertainment","12":"tag-famille","13":"tag-fr","14":"tag-france","15":"tag-jean-pierre-pernaut","16":"tag-lou-pernaut","17":"tag-people"},"share_on_mastodon":{"url":"https:\/\/pubeurope.com\/@fr\/114659760907562573","error":""},"_links":{"self":[{"href":"https:\/\/www.europesays.com\/fr\/wp-json\/wp\/v2\/posts\/165951","targetHints":{"allow":["GET"]}}],"collection":[{"href":"https:\/\/www.europesays.com\/fr\/wp-json\/wp\/v2\/posts"}],"about":[{"href":"https:\/\/www.europesays.com\/fr\/wp-json\/wp\/v2\/types\/post"}],"author":[{"embeddable":true,"href":"https:\/\/www.europesays.com\/fr\/wp-json\/wp\/v2\/users\/2"}],"replies":[{"embeddable":true,"href":"https:\/\/www.europesays.com\/fr\/wp-json\/wp\/v2\/comments?post=165951"}],"version-history":[{"count":0,"href":"https:\/\/www.europesays.com\/fr\/wp-json\/wp\/v2\/posts\/165951\/revisions"}],"wp:featuredmedia":[{"embeddable":true,"href":"https:\/\/www.europesays.com\/fr\/wp-json\/wp\/v2\/media\/165952"}],"wp:attachment":[{"href":"https:\/\/www.europesays.com\/fr\/wp-json\/wp\/v2\/media?parent=165951"}],"wp:term":[{"taxonomy":"category","embeddable":true,"href":"https:\/\/www.europesays.com\/fr\/wp-json\/wp\/v2\/categories?post=165951"},{"taxonomy":"post_tag","embeddable":true,"href":"https:\/\/www.europesays.com\/fr\/wp-json\/wp\/v2\/tags?post=165951"}],"curies":[{"name":"wp","href":"https:\/\/api.w.org\/{rel}","templated":true}]}}