{"id":165953,"date":"2025-06-10T15:24:10","date_gmt":"2025-06-10T15:24:10","guid":{"rendered":"https:\/\/www.europesays.com\/fr\/165953\/"},"modified":"2025-06-10T15:24:10","modified_gmt":"2025-06-10T15:24:10","slug":"une-sculpture-perdue-dauguste-rodin-vendue-pour-860-000-euros-lors-dune-vente-aux-encheres-en-france","status":"publish","type":"post","link":"https:\/\/www.europesays.com\/fr\/165953\/","title":{"rendered":"Une sculpture perdue d&rsquo;Auguste Rodin vendue pour 860 000 euros lors d&rsquo;une vente aux ench\u00e8res en France"},"content":{"rendered":"<p>\n         Publi\u00e9 le<br \/>\n            10\/06\/2025 &#8211; 16:46 UTC+2<\/p>\n<p><img decoding=\"async\" class=\"c-ad__placeholder__logo\" src=\"https:\/\/www.europesays.com\/fr\/wp-content\/uploads\/2025\/03\/logo-euronews-grey-6-180x22.svg.svg+xml\" width=\"180\" height=\"22\" alt=\"\" loading=\"lazy\"\/>PUBLICIT\u00c9<\/p>\n<p>Une petite sculpture en marbre de l&rsquo;artiste fran\u00e7ais <a href=\"https:\/\/fr.euronews.com\/culture\/2015\/11\/11\/reouverture-du-musee-rodin\" target=\"_blank\" rel=\"noopener\"><strong>Auguste Rodin<\/strong><\/a>, longtemps consid\u00e9r\u00e9e comme une copie, a \u00e9t\u00e9 adjug\u00e9e 860 000 euros lors d&rsquo;une vente aux ench\u00e8res en France, au ch\u00e2teau de Villandry (Indre-et-Loire), selon le site web de l&rsquo;<a href=\"https:\/\/www.rouillac.com\/en\/\" target=\"_blank\" rel=\"noreferrer noopener\"><strong>h\u00f4tel des ventes Rouillac<\/strong><\/a>.<\/p>\n<p>Le D\u00e9sespoir, variante de la c\u00e9l\u00e8bre Porte de l&rsquo;Enfer, a \u00e9t\u00e9 r\u00e9alis\u00e9 vers 1892. Elle repr\u00e9sente une femme se serrant les genoux et se tenant le pied.<\/p>\n<p>Disparu lors d&rsquo;une vente aux ench\u00e8res en 1906, ses propri\u00e9taires l&rsquo;avaient plac\u00e9 sur un piano dans leur maison, croyant qu&rsquo;il s&rsquo;agissait d&rsquo;une r\u00e9plique.<\/p>\n<p>Apr\u00e8s six semaines d&rsquo;enqu\u00eate, ils ont \u00e9t\u00e9 inform\u00e9s de son authenticit\u00e9.<\/p>\n<p>Le commissaire-priseur fran\u00e7ais Aymeric Rouillac a expliqu\u00e9 \u00e0 l&rsquo;AFP qu&rsquo;il s&rsquo;\u00e9tait rendu au Comit\u00e9 Rodin en mars et que cet organisme, consid\u00e9r\u00e9 comme la principale autorit\u00e9 sur le sculpteur fran\u00e7ais, avait confirm\u00e9 qu&rsquo;il ne s&rsquo;agissait pas d&rsquo;un faux apr\u00e8s de nombreuses recherches et une enqu\u00eate g\u00e9n\u00e9alogique.<\/p>\n<p>M. Rouillac a d\u00e9crit le marbre de 28,5 cm comme une d\u00e9couverte \u00ab\u00a0extr\u00eamement rare\u00a0\u00bb.<\/p>\n<p>\u00ab\u00a0Nous l&rsquo;avons red\u00e9couvert\u00a0\u00bb, a-t-il ajout\u00e9. Il l&rsquo;a vendu pour pr\u00e8s d&rsquo;un million de dollars \u00e0 un acheteur am\u00e9ricain anonyme.<\/p>\n<p>Sources additionnelles<strong> \u2022 AFP<\/strong><\/p>\n","protected":false},"excerpt":{"rendered":"Publi\u00e9 le 10\/06\/2025 &#8211; 16:46 UTC+2 PUBLICIT\u00c9 Une petite sculpture en marbre de l&rsquo;artiste fran\u00e7ais Auguste Rodin, longtemps&hellip;\n","protected":false},"author":2,"featured_media":165954,"comment_status":"","ping_status":"","sticky":false,"template":"","format":"standard","meta":{"footnotes":""},"categories":[1358],"tags":[1348,1384,1385,5975,1386,58,13677,59,1011,27,3899],"class_list":{"0":"post-165953","1":"post","2":"type-post","3":"status-publish","4":"format-standard","5":"has-post-thumbnail","7":"category-arts-et-design","8":"tag-arts","9":"tag-arts-and-design","10":"tag-arts-et-design","11":"tag-decouverte","12":"tag-design","13":"tag-divertissement","14":"tag-encheres","15":"tag-entertainment","16":"tag-fr","17":"tag-france","18":"tag-sculpture"},"share_on_mastodon":{"url":"https:\/\/pubeurope.com\/@fr\/114659764704065102","error":""},"_links":{"self":[{"href":"https:\/\/www.europesays.com\/fr\/wp-json\/wp\/v2\/posts\/165953","targetHints":{"allow":["GET"]}}],"collection":[{"href":"https:\/\/www.europesays.com\/fr\/wp-json\/wp\/v2\/posts"}],"about":[{"href":"https:\/\/www.europesays.com\/fr\/wp-json\/wp\/v2\/types\/post"}],"author":[{"embeddable":true,"href":"https:\/\/www.europesays.com\/fr\/wp-json\/wp\/v2\/users\/2"}],"replies":[{"embeddable":true,"href":"https:\/\/www.europesays.com\/fr\/wp-json\/wp\/v2\/comments?post=165953"}],"version-history":[{"count":0,"href":"https:\/\/www.europesays.com\/fr\/wp-json\/wp\/v2\/posts\/165953\/revisions"}],"wp:featuredmedia":[{"embeddable":true,"href":"https:\/\/www.europesays.com\/fr\/wp-json\/wp\/v2\/media\/165954"}],"wp:attachment":[{"href":"https:\/\/www.europesays.com\/fr\/wp-json\/wp\/v2\/media?parent=165953"}],"wp:term":[{"taxonomy":"category","embeddable":true,"href":"https:\/\/www.europesays.com\/fr\/wp-json\/wp\/v2\/categories?post=165953"},{"taxonomy":"post_tag","embeddable":true,"href":"https:\/\/www.europesays.com\/fr\/wp-json\/wp\/v2\/tags?post=165953"}],"curies":[{"name":"wp","href":"https:\/\/api.w.org\/{rel}","templated":true}]}}