{"id":165957,"date":"2025-06-10T15:26:13","date_gmt":"2025-06-10T15:26:13","guid":{"rendered":"https:\/\/www.europesays.com\/fr\/165957\/"},"modified":"2025-06-10T15:26:13","modified_gmt":"2025-06-10T15:26:13","slug":"vif-echange-entre-pascal-praud-et-shannon-seban-sur-cnews","status":"publish","type":"post","link":"https:\/\/www.europesays.com\/fr\/165957\/","title":{"rendered":"vif \u00e9change entre Pascal Praud et Shannon Seban sur CNews"},"content":{"rendered":"<p>Venue, ce mardi 10 juin, sur le plateau de \u00abL\u2019heure des pros\u00a0\u00bb pour la sortie de son livre\u00a0: Fran\u00e7aise, juives et alors\u00a0?, la pr\u00e9sidente du groupe Renaissance en Seine-Saint-Denis a \u00e9t\u00e9 fortement critiqu\u00e9e par l\u2019animateur et ses chroniqueurs.<\/p>\n<p class=\"fig-paragraph\">Tout est parti d\u2019une question de\u00a0<a href=\"http:\/\/tvmag.lefigaro.fr\/programme-tv\/actu-tele\/jusqu-a-quand-le-deni-pascal-praud-etrille-les-medias-et-leur-couverture-des-violences-apres-la-victoire-du-psg-20250602\" target=\"_blank\" data-fig-type=\"Article\" rel=\"noopener nofollow\" data-gtm-custom-categorie=\"navigation\" data-gtm-custom-action=\"crossclick\" data-gtm-custom-label=\"Contextuel\" data-gtm-event=\"customEventSPE\" data-fig-domain=\"TVMAG\"><strong>Pascal Praud<\/strong><\/a> \u00a0dans \u00abL\u2019Heure des pros\u00bb ce mardi matin sur CNews\u00a0: \u00ab Vous consid\u00e9rez que LFI et RN sont tous deux des partis extr\u00e9mistes\u00a0?\u00a0\u00bb. Apr\u00e8s avoir acquiesc\u00e9, <strong>Shannon Seban<\/strong>, \u00e9lue du parti Renaissance en Seine-Saint-Denis et invit\u00e9e pour son livre Fran\u00e7aise, juive, et alors\u00a0! (Ed. Observatoire), explique qu\u2019en cas de vote, elle ne choisirait pas entre les deux partis.<\/p>\n<p class=\"fig-paragraph\">Une affirmation qui provoque l\u2019incompr\u00e9hension sur le plateau, en premier lieu de la part de son h\u00f4te qui r\u00e9agit imm\u00e9diatement. \u00ab J\u2019ai le sentiment que depuis l\u2019attaque du 7 octobre le Rassemblement National d\u00e9fend les Fran\u00e7ais juifs et que LFI les attaque, d\u00e9bute le pr\u00e9sentateur. Vous qui \u00eates juive, vous dites que c\u2019est bonnet blanc, blanc bonnet\u00a0? \u00bb, interroge encore le journaliste. Son invit\u00e9e convient alors que le parti de Marine Le Pen a, depuis l\u2019attaque du Hamas, eu une position exemplaire dans la lutte contre les actes antis\u00e9mites.<\/p>\n<p class=\"fig-body-link\">\n            \u00c0 lire aussi<br \/>\n        <a class=\"fig-body-link__link\" href=\"http:\/\/tvmag.lefigaro.fr\/programme-tv\/actu-tele\/ils-sont-intransigeants-sur-des-sujets-annexes-pascal-praud-indigne-par-la-nouvelle-loi-anti-tabac-20250530\" target=\"_blank\" data-fig-type=\"Article\" rel=\"noopener nofollow\" data-gtm-custom-categorie=\"navigation\" data-gtm-custom-action=\"crossclick\" data-gtm-custom-label=\"Contextuel\" data-gtm-event=\"customEventSPE\" data-fig-domain=\"TVMAG\">\u00ab Ils sont intransigeants sur des sujets annexes\u00a0\u00bb\u00a0: Pascal Praud indign\u00e9 par la nouvelle loi anti-tabac<br \/>\n    <\/a>\n<\/p>\n<p class=\"fig-paragraph\">Elle \u00e9met cependant des nuances\u00a0: \u00ab On ne peut pas oublier le pass\u00e9 du parti, il ne suffit pas d\u2019un voyage de Jordan Bardella pour le faire dispara\u00eetre, poursuit-elle, faisant r\u00e9f\u00e9rence \u00e0\u00a0<a href=\"http:\/\/www.lefigaro.fr\/politique\/en-israel-jordan-bardella-veut-definitivement-tourner-une-page-de-l-histoire-du-rn-20250326\" target=\"_blank\" data-fig-type=\"Article\" rel=\"noopener nofollow\" data-gtm-custom-categorie=\"navigation\" data-gtm-custom-action=\"crossclick\" data-gtm-custom-label=\"Contextuel\" data-gtm-event=\"customEventSPE\" data-fig-domain=\"LEFIGARO\">une r\u00e9cente visite du pr\u00e9sident du RN en Isra\u00ebl<\/a>. Admettons que le RN ne soit plus antis\u00e9mite, qu\u2019il soit x\u00e9nophobe et raciste me suffit pour le combattre \u00bb. La repr\u00e9sentante du bloc central appuie son argumentaire sur les \u00ab brebis galeuses\u00a0\u00bb du parti lors des derni\u00e8res \u00e9lections l\u00e9gislatives. Ce qui cause l\u2019ire des membres du plateau\u00a0: \u00abManifestement, la majorit\u00e9 des Fran\u00e7ais juifs ne suivent pas votre position\u00a0\u00bb, estime Pascal Paud. \u00ab Ceux que je rencontre, entre LFI et le RN, ils choisissent le RN\u00bb, d\u00e9fend-il encore.<\/p>\n<p class=\"fig-paragraph\">S\u2019ensuit un court d\u00e9bat sur les questions de l\u2019identit\u00e9 fran\u00e7aise et de l\u2019int\u00e9gration\u00a0: \u00ab Ce que souhaite le Rassemblement national, c\u2019est l\u2019effacement des identit\u00e9s, explique l\u2019ancienne candidate aux l\u00e9gislatives anticip\u00e9es de 2024. Moi, je crois en la richesse de la diversit\u00e9\u00a0\u00bb ajoute-t-elle, d\u00e9clenchant l\u2019exasp\u00e9ration de l\u2019animateur. \u00ab Je ne comprends rien \u00e0 ce que vous dites, c\u2019est un m\u00e9li-m\u00e9lo de poncifs et de phrases creuses [\u2026] Pour moi c\u2019est une bouillie intellectuelle\u00a0\u00bb, s\u2019offusque Pascal Praud qui revient sur son propos liminaire\u00a0: \u00ab Je ne comprends pas que vous ne choisissez pas entre le RN et LFI !\u00a0\u00bb. L\u2019invit\u00e9e s\u2019agace alors\u00a0:\u00ab On ne va pas faire trente minutes sur le RN, ce n\u2019est que trois pages du livre sur deux cent\u00a0!\u00bb.<\/p>\n","protected":false},"excerpt":{"rendered":"Venue, ce mardi 10 juin, sur le plateau de \u00abL\u2019heure des pros\u00a0\u00bb pour la sortie de son livre\u00a0:&hellip;\n","protected":false},"author":2,"featured_media":165958,"comment_status":"","ping_status":"","sticky":false,"template":"","format":"standard","meta":{"footnotes":""},"categories":[1356],"tags":[497,496,499,9722,58,59,1011,27,500,504,505,495,10160,503,502,501,252,1364,498],"class_list":{"0":"post-165957","1":"post","2":"type-post","3":"status-publish","4":"format-standard","5":"has-post-thumbnail","7":"category-television","8":"tag-actu-tv","9":"tag-actualite-tv","10":"tag-buzz-tv","11":"tag-cnews","12":"tag-divertissement","13":"tag-entertainment","14":"tag-fr","15":"tag-france","16":"tag-medias","17":"tag-news-tele","18":"tag-news-television","19":"tag-news-tv","20":"tag-pascal-praud","21":"tag-programme-tele","22":"tag-programme-tv","23":"tag-quiz-tv","24":"tag-television","25":"tag-tv","26":"tag-tv-actu"},"share_on_mastodon":{"url":"https:\/\/pubeurope.com\/@fr\/114659773336066978","error":""},"_links":{"self":[{"href":"https:\/\/www.europesays.com\/fr\/wp-json\/wp\/v2\/posts\/165957","targetHints":{"allow":["GET"]}}],"collection":[{"href":"https:\/\/www.europesays.com\/fr\/wp-json\/wp\/v2\/posts"}],"about":[{"href":"https:\/\/www.europesays.com\/fr\/wp-json\/wp\/v2\/types\/post"}],"author":[{"embeddable":true,"href":"https:\/\/www.europesays.com\/fr\/wp-json\/wp\/v2\/users\/2"}],"replies":[{"embeddable":true,"href":"https:\/\/www.europesays.com\/fr\/wp-json\/wp\/v2\/comments?post=165957"}],"version-history":[{"count":0,"href":"https:\/\/www.europesays.com\/fr\/wp-json\/wp\/v2\/posts\/165957\/revisions"}],"wp:featuredmedia":[{"embeddable":true,"href":"https:\/\/www.europesays.com\/fr\/wp-json\/wp\/v2\/media\/165958"}],"wp:attachment":[{"href":"https:\/\/www.europesays.com\/fr\/wp-json\/wp\/v2\/media?parent=165957"}],"wp:term":[{"taxonomy":"category","embeddable":true,"href":"https:\/\/www.europesays.com\/fr\/wp-json\/wp\/v2\/categories?post=165957"},{"taxonomy":"post_tag","embeddable":true,"href":"https:\/\/www.europesays.com\/fr\/wp-json\/wp\/v2\/tags?post=165957"}],"curies":[{"name":"wp","href":"https:\/\/api.w.org\/{rel}","templated":true}]}}