{"id":165963,"date":"2025-06-10T15:30:12","date_gmt":"2025-06-10T15:30:12","guid":{"rendered":"https:\/\/www.europesays.com\/fr\/165963\/"},"modified":"2025-06-10T15:30:12","modified_gmt":"2025-06-10T15:30:12","slug":"en-direct-criterium-du-dauphine-plus-malin-que-ses-adversaires-lespagnol-ivan-romeo-simpose-en-solitaire-a-charantonnay","status":"publish","type":"post","link":"https:\/\/www.europesays.com\/fr\/165963\/","title":{"rendered":"En direct Crit\u00e9rium du Dauphin\u00e9. Plus malin que ses adversaires, l&rsquo;Espagnol Ivan Romeo s&rsquo;impose en solitaire \u00e0 Charantonnay"},"content":{"rendered":"<p>&gt;&gt; Toujours 13 hommes en t\u00eate avec\u00a0le maillot vert\u00a0<strong>Mathieu van der Poel<\/strong>\u00a0(Alpecin-Deceuninck), les Fran\u00e7ais<strong>\u00a0Axel Laurance<\/strong>\u00a0(Ineos Grenadiers),\u00a0<strong>Brieuc Rolland<\/strong>\u00a0(Groupama-FDJ),\u00a0<strong>Julien Bernard<\/strong>\u00a0(Lidl-Trek),\u00a0<strong>Louis Barr\u00e9<\/strong>\u00a0(Intermarch\u00e9-Wanty) et <strong>Anthony Turgis<\/strong> (TotalEnergies).<\/p>\n<p>2e de Paris-Nice, l&rsquo;Allemand\u00a0<strong>Florian Lipowitz<\/strong>\u00a0(Red Bull-Bora-Hansgrohe) les compagne. Avec aussi\u00a0: le Colombien<strong>\u00a0Harold Tejada<\/strong>\u00a0(Astana), le Canadien\u00a0<strong>Michael Shea Leonard<\/strong>\u00a0(Ineos Grenadiers), l&rsquo;Espagnol\u00a0<strong>Ivan Romeo<\/strong>\u00a0(Movistar), le Norv\u00e9gien\u00a0<strong>Andreas Leknessund<\/strong>\u00a0(Uno-X Mobility) et l&rsquo;Irlandais\u00a0<strong>Eddie Dunbar<\/strong>\u00a0(Jayco AlUla).<\/p>\n<p>&gt;&gt; Ces 13 hommes ont 1&rsquo;50 sur un peloton emmen\u00e9 par UAE Emirates et Soudal Quick-Step.<\/p>\n<p>&gt;&gt; Le maillot jaune <strong>Jonathan Milan<\/strong> (Lidl Trek), qui souffre depuis le d\u00e9but de la journ\u00e9e, est point\u00e9 \u00e0 une dizaine de secondes du peloton.<\/p>\n","protected":false},"excerpt":{"rendered":"&gt;&gt; Toujours 13 hommes en t\u00eate avec\u00a0le maillot vert\u00a0Mathieu van der Poel\u00a0(Alpecin-Deceuninck), les Fran\u00e7ais\u00a0Axel Laurance\u00a0(Ineos Grenadiers),\u00a0Brieuc Rolland\u00a0(Groupama-FDJ),\u00a0Julien Bernard\u00a0(Lidl-Trek),\u00a0Louis&hellip;\n","protected":false},"author":2,"featured_media":165964,"comment_status":"","ping_status":"","sticky":false,"template":"","format":"standard","meta":{"footnotes":""},"categories":[9],"tags":[25958,29945,29944,8237,24803,207,3545,115,111,25824,107,1701,1011,27,4002,108,3367,29942,517,1947,60,29943],"class_list":{"0":"post-165963","1":"post","2":"type-post","3":"status-publish","4":"format-standard","5":"has-post-thumbnail","7":"category-sports","8":"tag-charantonnay","9":"tag-chavanay","10":"tag-cheyssieu","11":"tag-clonas-sur-vareze","12":"tag-criterium-du-dauphine","13":"tag-cyclisme","14":"tag-direct-sport","15":"tag-edition-bourgoin-jallieu-nord-dauphine","16":"tag-edition-vienne-roussillon","17":"tag-eyzin-pinet","18":"tag-fil-info","19":"tag-fil-info-sport","20":"tag-fr","21":"tag-france","22":"tag-haute-loire","23":"tag-isere","24":"tag-loire","25":"tag-monsteroux-milieu","26":"tag-sport","27":"tag-sport-national","28":"tag-sports","29":"tag-vernioz"},"share_on_mastodon":{"url":"https:\/\/pubeurope.com\/@fr\/114659788388400615","error":""},"_links":{"self":[{"href":"https:\/\/www.europesays.com\/fr\/wp-json\/wp\/v2\/posts\/165963","targetHints":{"allow":["GET"]}}],"collection":[{"href":"https:\/\/www.europesays.com\/fr\/wp-json\/wp\/v2\/posts"}],"about":[{"href":"https:\/\/www.europesays.com\/fr\/wp-json\/wp\/v2\/types\/post"}],"author":[{"embeddable":true,"href":"https:\/\/www.europesays.com\/fr\/wp-json\/wp\/v2\/users\/2"}],"replies":[{"embeddable":true,"href":"https:\/\/www.europesays.com\/fr\/wp-json\/wp\/v2\/comments?post=165963"}],"version-history":[{"count":0,"href":"https:\/\/www.europesays.com\/fr\/wp-json\/wp\/v2\/posts\/165963\/revisions"}],"wp:featuredmedia":[{"embeddable":true,"href":"https:\/\/www.europesays.com\/fr\/wp-json\/wp\/v2\/media\/165964"}],"wp:attachment":[{"href":"https:\/\/www.europesays.com\/fr\/wp-json\/wp\/v2\/media?parent=165963"}],"wp:term":[{"taxonomy":"category","embeddable":true,"href":"https:\/\/www.europesays.com\/fr\/wp-json\/wp\/v2\/categories?post=165963"},{"taxonomy":"post_tag","embeddable":true,"href":"https:\/\/www.europesays.com\/fr\/wp-json\/wp\/v2\/tags?post=165963"}],"curies":[{"name":"wp","href":"https:\/\/api.w.org\/{rel}","templated":true}]}}