{"id":165971,"date":"2025-06-10T15:34:09","date_gmt":"2025-06-10T15:34:09","guid":{"rendered":"https:\/\/www.europesays.com\/fr\/165971\/"},"modified":"2025-06-10T15:34:09","modified_gmt":"2025-06-10T15:34:09","slug":"gavin-newsom-le-gouverneur-californien-qui-bataille-contre-donald-trump","status":"publish","type":"post","link":"https:\/\/www.europesays.com\/fr\/165971\/","title":{"rendered":"Gavin Newsom, le gouverneur californien qui bataille contre Donald Trump"},"content":{"rendered":"<p><strong>PORTRAIT &#8211; <\/strong>L\u2019ancien maire de San Francisco, gouverneur d\u00e9mocrate de l\u2019\u00c9tat de Californie depuis 2019, tente de se positionner en adversaire politique cr\u00e9dible du pr\u00e9sident en exercice.<\/p>\n<p class=\"fig-paragraph\">En parall\u00e8le des violents affrontements entre forces de l\u2019ordre et manifestants anti-Trump \u00e0 Los Angeles, une autre guerre a \u00e9t\u00e9 relanc\u00e9e, celle qui oppose Donald Trump au gouverneur de Californie, Gavin Newsom. Le pr\u00e9sident am\u00e9ricain l\u2019avait trait\u00e9 d\u2019\u00abenflure\u00bb lors des incendies colossaux ayant ravag\u00e9 Los Angeles en janvier dernier, il l\u2019accuse cette fois-ci d\u2019\u00eatre un \u00abincomp\u00e9tent notoire\u00bb. Et de faire \u00abun boulot horrible\u00bb. Quand son conseiller en mati\u00e8re d\u2019immigration,\u00a0<a href=\"http:\/\/www.lefigaro.fr\/international\/qui-sont-les-premiers-conseillers-nommes-par-donald-trump-20241111\" data-fig-type=\"NewsFlash\" data-gtm-custom-categorie=\"navigation\" data-gtm-custom-action=\"crossclick\" data-gtm-custom-label=\"Contextuel\" data-gtm-event=\"customEventSPE\" data-fig-domain=\"LEFIGARO\" target=\"_blank\" rel=\"noopener\">Tom Homan<\/a>, menace de faire arr\u00eater\u00a0<a href=\"http:\/\/www.lefigaro.fr\/international\/chantre-du-progressisme-et-enflure-pour-donald-trump-gavin-newsom-le-gouverneur-de-californie-sous-le-feu-des-critiques-20250115\" data-fig-type=\"Article\" data-gtm-custom-categorie=\"navigation\" data-gtm-custom-action=\"crossclick\" data-gtm-custom-label=\"Contextuel\" data-gtm-event=\"customEventSPE\" data-fig-domain=\"LEFIGARO\" target=\"_blank\" rel=\"noopener\">Gavin Newsom<\/a>\u00a0s\u2019il continue \u00e0 s\u2019interposer dans la mise en \u0153uvre de la politique f\u00e9d\u00e9rale qui m\u00e8ne de vastes op\u00e9rations d\u2019arrestation de migrants depuis quelques semaines,\u00a0<a href=\"http:\/\/www.lefigaro.fr\/international\/arreter-le-gouverneur-de-californie-serait-super-lance-trump-20250609\" data-fig-type=\"NewsFlash\" data-gtm-custom-categorie=\"navigation\" data-gtm-custom-action=\"crossclick\" data-gtm-custom-label=\"Contextuel\" data-gtm-event=\"customEventSPE\" data-fig-domain=\"LEFIGARO\" target=\"_blank\" rel=\"noopener\">Donald Trump trouve cela \u00absuper<\/a> \u00bb.<\/p>\n<p class=\"fig-paragraph\">Si l\u2019inimiti\u00e9 entre les deux hommes n\u2019est pas nouvelle, la tension est mont\u00e9e d\u2019un cran ce week-end, Gavin Newsom rendant chaque coup au pr\u00e9sident, se montrant pr\u00eat \u00e0 tenir le bras de fer. Alors que l\u2019\u00c9tat f\u00e9d\u00e9ral a d\u00e9cid\u00e9 de d\u00e9ployer pr\u00e8s de 4 milliers de soldats de la Garde nationale\u2026<\/p>\n<p class=\"fig-premium-paywall__infos\">\n        Cet article est r\u00e9serv\u00e9 aux abonn\u00e9s.        Il vous reste 80% \u00e0 d\u00e9couvrir.\n    <\/p>\n<p>                <img  data- alt=\"Le Figaro\" class=\"fig-img--complete fig-img\"\/><\/p>\n<p class=\"fig-premium-paywall__title\">Vente Flash<\/p>\n<p class=\"fig-premium-paywall__subtitle\">3,99\u20ac par mois pendant 12 mois. Sans engagement.<\/p>\n<p class=\"fig-premium-paywall__connect\">\n                D\u00e9j\u00e0 abonn\u00e9\u00a0?                <a class=\"fig-premium-paywall__connect-link\" href=\"https:\/\/connect.lefigaro.fr\/login?client=horizon_web&amp;type=main&amp;redirect_uri=https%3A%2F%2Fwww.lefigaro.fr%2Fle-fantasme-fou-d-un-president-dictatorial-gavin-newsom-le-gouverneur-californien-qui-bataille-contre-donald-trump-20250610\" data-js-gtm=\"{&quot;customCategorie&quot;: &quot;conversion&quot;, &quot;customAction&quot;: &quot;before_Landing_Connexion_paywall_auto&quot;, &quot;customLabel&quot;: &quot;bGVmaWdhcm8uZnJfXzFmMDQ1ZDQzLTY1ZWItNjhjNC1hZmRhLTI1NTBlM2Y3ZjM4ZV9fQXJ0aWNsZQ==_\u00abLe fantasme fou d\u2019un pr\u00e9sident dictatorial\u00bb\u00a0: Gavin Newsom, le gouverneur californien qui bataille contre Donald Trump_284&quot;, &quot;customIDSPE&quot;: &quot;bGVmaWdhcm8uZnJfXzFmMDQ1ZDQzLTY1ZWItNjhjNC1hZmRhLTI1NTBlM2Y3ZjM4ZV9fQXJ0aWNsZQ==&quot;, &quot;event&quot;: &quot;customEventSPE&quot;}\" target=\"_blank\" rel=\"noopener\"><br \/>\n                    Connectez-vous<br \/>\n                <\/a>\n            <\/p>\n","protected":false},"excerpt":{"rendered":"PORTRAIT &#8211; L\u2019ancien maire de San Francisco, gouverneur d\u00e9mocrate de l\u2019\u00c9tat de Californie depuis 2019, tente de se&hellip;\n","protected":false},"author":2,"featured_media":165972,"comment_status":"","ping_status":"","sticky":false,"template":"","format":"standard","meta":{"footnotes":""},"categories":[5],"tags":[328,47,3132,259,11,2139,75,33,1011,27,1110,14,12,517,3131,28],"class_list":{"0":"post-165971","1":"post","2":"type-post","3":"status-publish","4":"format-standard","5":"has-post-thumbnail","7":"category-international","8":"tag-a-la-une","9":"tag-actualite","10":"tag-actualite-francaise","11":"tag-actualite-internationale","12":"tag-actualites","13":"tag-californie","14":"tag-donald-trump","15":"tag-economie","16":"tag-fr","17":"tag-france","18":"tag-informations","19":"tag-international","20":"tag-news","21":"tag-sport","22":"tag-titres","23":"tag-world"},"share_on_mastodon":{"url":"https:\/\/pubeurope.com\/@fr\/114659804452174122","error":""},"_links":{"self":[{"href":"https:\/\/www.europesays.com\/fr\/wp-json\/wp\/v2\/posts\/165971","targetHints":{"allow":["GET"]}}],"collection":[{"href":"https:\/\/www.europesays.com\/fr\/wp-json\/wp\/v2\/posts"}],"about":[{"href":"https:\/\/www.europesays.com\/fr\/wp-json\/wp\/v2\/types\/post"}],"author":[{"embeddable":true,"href":"https:\/\/www.europesays.com\/fr\/wp-json\/wp\/v2\/users\/2"}],"replies":[{"embeddable":true,"href":"https:\/\/www.europesays.com\/fr\/wp-json\/wp\/v2\/comments?post=165971"}],"version-history":[{"count":0,"href":"https:\/\/www.europesays.com\/fr\/wp-json\/wp\/v2\/posts\/165971\/revisions"}],"wp:featuredmedia":[{"embeddable":true,"href":"https:\/\/www.europesays.com\/fr\/wp-json\/wp\/v2\/media\/165972"}],"wp:attachment":[{"href":"https:\/\/www.europesays.com\/fr\/wp-json\/wp\/v2\/media?parent=165971"}],"wp:term":[{"taxonomy":"category","embeddable":true,"href":"https:\/\/www.europesays.com\/fr\/wp-json\/wp\/v2\/categories?post=165971"},{"taxonomy":"post_tag","embeddable":true,"href":"https:\/\/www.europesays.com\/fr\/wp-json\/wp\/v2\/tags?post=165971"}],"curies":[{"name":"wp","href":"https:\/\/api.w.org\/{rel}","templated":true}]}}