{"id":165973,"date":"2025-06-10T15:35:11","date_gmt":"2025-06-10T15:35:11","guid":{"rendered":"https:\/\/www.europesays.com\/fr\/165973\/"},"modified":"2025-06-10T15:35:11","modified_gmt":"2025-06-10T15:35:11","slug":"a-quoi-sattendre-cette-semaine","status":"publish","type":"post","link":"https:\/\/www.europesays.com\/fr\/165973\/","title":{"rendered":"\u00e0 quoi s\u2019attendre cette semaine\u00a0?"},"content":{"rendered":"<p>            Par<br \/>\n        <strong><br \/>\n            <a href=\"https:\/\/actu.fr\/auteur\/briac-trebert\" title=\"Consulter tous les articles de Briac Tr\u00e9bert\" target=\"_blank\" rel=\"noopener\">Briac Tr\u00e9bert<\/a><br \/>\n        <\/strong><\/p>\n<p>        Publi\u00e9 le<\/p>\n<p>            10 juin 2025 \u00e0 14h43        <\/p>\n<p>Des vastes zones du sud-ouest du pays <a href=\"https:\/\/actu.fr\/meteo\/tres-fortes-chaleurs-en-france-cette-semaine-jusqu-a-40-c-prevus-ou-et-quand-il-va-faire-le-plus-chaud_62747865.html\" target=\"_blank\" rel=\"noopener\">o\u00f9 il devrait faire plus de 38\u00b0C<\/a>, le thermom\u00e8tre pourrait aussi monter \u00e0 plus de 33\u00b0C au sud de la <a href=\"https:\/\/actu.fr\/bretagne\/\" target=\"_blank\" rel=\"noopener\">Bretagne<\/a> et en <a href=\"https:\/\/actu.fr\/pays-de-la-loire\/loire-atlantique_44\" target=\"_blank\" rel=\"noopener\">Loire-Atlantique<\/a>\u2026 Comme les mod\u00e8les <a href=\"https:\/\/actu.fr\/meteo\" target=\"_blank\" rel=\"noopener\">m\u00e9t\u00e9o<\/a> l\u2019anticipaient <a href=\"https:\/\/actu.fr\/meteo\/chaleur-jusqu-a-40-c-orages-violents-la-meteo-hors-norme-qui-nous-attend-cette-semaine-en-france_62746784.html\" target=\"_blank\" rel=\"noopener\">depuis plusieurs jours<\/a>, un pic de <strong>chaleur intense<\/strong> va se mettre en place sur la France.<\/p>\n<p class=\" wall-content\">Il fera tr\u00e8s (tr\u00e8s) chaud ce mercredi 11 juin 2025, et sans doute jusqu\u2019\u00e0 ce samedi 14 juin dans de nombreuses r\u00e9gions, avec des valeurs parfois 10\u00b0C \u00e0 12\u00b0C au-dessus des normales, mais les <a href=\"https:\/\/actu.fr\/tag\/orages\" target=\"_blank\" rel=\"noopener\">orages<\/a>, eux, ne seront pas loin.<\/p>\n<p class=\" wall-content\">M\u00e9t\u00e9o France a d\u2019ores et d\u00e9j\u00e0 plac\u00e9 de nombreux d\u00e9partements de la fa\u00e7ade ouest en vigilance jaune pour ce mercredi pour orages et\/ou canicule (il s\u2019agit pour le moment des d\u00e9partements de la Charente, de la Charente-Maritime, de la Dordogne, du Gers, de la Gironde, des Landes, du Lot, du Lot-et-Garonne, des Pyr\u00e9n\u00e9es-Atlantiques, des Hautes-Pyr\u00e9n\u00e9es, des Deux-S\u00e8vres, du Tarn, du Tarn-et-Garonne et de la Vend\u00e9e). Prudence.<\/p>\n<p class=\" wall-content\">Les orages devraient revenir d\u00e8s ce mercredi 11 juin 2025 en soir\u00e9e sur la fa\u00e7ade Atlantique et dans la nuit de ce mercredi \u00e0 jeudi 12 juin. <strong>Des orages localement forts<\/strong> sont \u00e0 craindre, avec de fortes rafales de vent et de la gr\u00eale dans l\u2019ouest de la France dans un premier temps, donc.<\/p>\n<p>Une configuration qui aspire et projette de l\u2019air chaud venu du Sahara<\/p>\n<p class=\" wall-content\">Le contexte de cette chaleur pr\u00e9coce et de ces orages, \u00ab c\u2019est la pr\u00e9sence d\u2019un anticyclone et d\u2019une goutte froide, une poche d\u2019air froid en tr\u00e8s haute altitude \u00bb, explique sur\u00a0actu.fr\u00a0le m\u00e9t\u00e9orologue Yann Amice.<\/p>\n<p>Vid\u00e9os : en ce moment sur Actu<\/p>\n<p class=\" wall-content\">Une configuration qui aspire et<strong> projette de l\u2019air chaud venu du Sahara<\/strong>, du Maghreb et d\u2019<a href=\"https:\/\/actu.fr\/tag\/espagne\" target=\"_blank\" rel=\"noopener\">Espagne<\/a>. Mais d\u00e8s ce mercredi soir, 11 juin, \u00ab\u00a0l\u2019anticyclone, alors que les temp\u00e9ratures seront br\u00fblantes en basses couches, va se d\u00e9caler un peu vers l\u2019est\u00a0\u00bb, s\u00e9quence le m\u00e9t\u00e9orologue.<\/p>\n<blockquote class=\"ac-article-quote wall-content\">\n<p>Les mod\u00e8les m\u00e9t\u00e9o entrevoient, alors que l\u2019anticyclone va l\u00e9g\u00e8rement se d\u00e9caler sur l\u2019est, dans un air br\u00fblant, des orages localement violents pr\u00e8s de la fa\u00e7ade Atlantique entre ce mercredi soir, 11 juin, et ce jeudi 12 juin 2025. Ils devraient \u00e9clater dans un premier temps en soir\u00e9e sur la r\u00e9gion Nouvelle-Aquitaine, avant de gagner dans la nuit de mercredi \u00e0 jeudi les Pays de la Loire et la Bretagne, puis la Normandie.<\/p>\n<p>    <strong>Yann Amice<\/strong><br \/>\n        M\u00e9t\u00e9orologue    <\/p><\/blockquote>\n<p class=\" wall-content\">Ce petit minimum d\u2019altitude va parvenir \u00e0 se glisser dans le golfe de Gascogne et d\u00e9stabiliser fortement la masse d\u2019air. Et c\u2019est la fa\u00e7ade ouest qui subira les premiers effets de ce glissement, avec des ph\u00e9nom\u00e8nes qui pourraient s\u2019av\u00e9rer tr\u00e8s violents.<\/p>\n<p>    <img   decoding=\"async\" loading=\"lazy\" src=\"https:\/\/www.europesays.com\/fr\/wp-content\/uploads\/2025\/06\/oragesmercredi11juin2025-960x640.jpeg\" alt=\"dddd\" width=\"960\" height=\"640\"\/><br \/>\n    Les premiers orages violents sont anticip\u00e9s par les mod\u00e8les m\u00e9t\u00e9o dans l\u2019ouest de la France d\u00e8s ce mercredi 11 juin en fin de journ\u00e9e. (\u00a9WeatherNCo avec Meteologix)Des orages multicellulaires \u00e0 craindre avec de fortes rafales de vent\u00a0<\/p>\n<p class=\" wall-content\">Certains mod\u00e8les voient la mise en place de possibles orages multicellulaires entre ce mercredi et jeudi sur l\u2019ouest. \u00ab On parle de syst\u00e8me convectif de m\u00e9so-\u00e9chelle quand ces orages couvrent une superficie cons\u00e9quente \u00bb, d\u00e9taille Yann Amice.<\/p>\n<blockquote class=\"ac-article-quote wall-content\">\n<p>La France va se retrouver entre de l\u2019air tr\u00e8s chaud remontant du sud et de l\u2019air plus frais encore pr\u00e9sent sur l\u2019Atlantique. Des orages potentiellement forts pourront ainsi \u00e9clater d\u00e8s ce mercredi soir, 11 juin en commen\u00e7ant par le sud-ouest avant de se propager \u00e0 tout l\u2019ouest du pays d\u2019ici ce vendredi 13 juin 2025.<\/p>\n<p>    <strong>M\u00e9t\u00e9o France<\/strong>\n            <\/p><\/blockquote>\n<p class=\" wall-content\">Des \u00ab <strong>bow-\u00e9cho<\/strong> \u00bb, ou grain en arc, un type de ligne orageuse ayant la forme caract\u00e9ristique d\u2019un arc de cercle pourraient notamment se mettre en place. Des structures qui g\u00e9n\u00e8rent tr\u00e8s souvent des <strong>rafales descendantes<\/strong> particuli\u00e8rement puissantes et plus occasionnellement des tornades.<\/p>\n<p>    <img   decoding=\"async\" loading=\"lazy\" src=\"https:\/\/www.europesays.com\/fr\/wp-content\/uploads\/2025\/06\/oragesvendredi13juin2025-960x593.jpeg\" alt=\"ddd\" width=\"960\" height=\"593\"\/><br \/>\n    De nombreuses r\u00e9gions devraient \u00eatre concern\u00e9es par les orages jusqu\u2019au samedi 14 juin 2025. (\u00a9WeatherNCo avec Meteologix)<\/p>\n<p class=\" wall-content\">Et le contexte devrait rester favorable aux orages sur une grande partie de la France pendant plusieurs jours.<\/p>\n<p class=\" wall-content\">Outre la fa\u00e7ade ouest d\u00e8s ce mercredi soir, les secteurs du centre \u00e0 la Lorraine, et de la Normandie, pourraient \u00eatre touch\u00e9s \u00e9galement ces prochains jours, et la journ\u00e9e du vendredi 13 devra \u00eatre particuli\u00e8rement \u00e0 surveiller compte tenu du <strong>contexte instable en altitude<\/strong> qui se d\u00e9placera sur le nord de la France.<\/p>\n<p>Des orages qui devraient \u00e9clater jusqu\u2019\u00e0 samedi, avant l\u2019accalmie\u00a0<\/p>\n<p class=\" wall-content\">Ces orages permettront de retrouver des<strong> temp\u00e9ratures un peu moins suffocantes<\/strong> jeudi sur l\u2019ouest, avant un nouveau pic de chaleur attendu \u00e0 l\u2019\u00e9chelle du pays pour la journ\u00e9e du vendredi 13 juin.<\/p>\n<p class=\" wall-content\">Vendredi, bis repetita, ces orages devraient ainsi de nouveau se d\u00e9velopper sur la moiti\u00e9 ouest du pays, et pourront (encore) \u00eatre localement forts \u00e0 violents.<\/p>\n<p class=\" wall-content\">Samedi 14 juin, ils devraient concerner une zone du sud-ouest au nord-est l\u2019apr\u00e8s-midi tandis que le calme reviendra sur une grande moiti\u00e9 nord. Il faudra attendre dimanche 15 juin pour retrouver un<strong> temps plus calme<\/strong> sur le pays et des temp\u00e9ratures moins excessives.<\/p>\n<p class=\" wall-content\">Suivez toute l\u2019actualit\u00e9 de vos villes et m\u00e9dias favoris en vous inscrivant \u00e0 <a href=\"https:\/\/moncompte.actu.fr\" title=\"D\u00e9couvez Mon Actu\" rel=\"nofollow noopener\" data-trk=\"{&quot;cta&quot;:{&quot;action&quot;:&quot;https:\\\/\\\/moncompte.actu.fr&quot;,&quot;category&quot;:&quot;mon compte&quot;,&quot;from&quot;:&quot;article footer&quot;,&quot;name&quot;:&quot;Mon actu&quot;,&quot;type&quot;:&quot;cta&quot;}}\" target=\"_blank\">Mon Actu<\/a>.<\/p>\n","protected":false},"excerpt":{"rendered":"Par Briac Tr\u00e9bert Publi\u00e9 le 10 juin 2025 \u00e0 14h43 Des vastes zones du sud-ouest du pays o\u00f9&hellip;\n","protected":false},"author":2,"featured_media":165974,"comment_status":"","ping_status":"","sticky":false,"template":"","format":"standard","meta":{"footnotes":""},"categories":[4],"tags":[11,1011,27,2487,2357,12,4594,25,15637],"class_list":{"0":"post-165973","1":"post","2":"type-post","3":"status-publish","4":"format-standard","5":"has-post-thumbnail","7":"category-france","8":"tag-actualites","9":"tag-fr","10":"tag-france","11":"tag-meteo","12":"tag-meteo-france","13":"tag-news","14":"tag-orages","15":"tag-republique-francaise","16":"tag-vague-de-chaleur"},"share_on_mastodon":{"url":"https:\/\/pubeurope.com\/@fr\/114659807978178559","error":""},"_links":{"self":[{"href":"https:\/\/www.europesays.com\/fr\/wp-json\/wp\/v2\/posts\/165973","targetHints":{"allow":["GET"]}}],"collection":[{"href":"https:\/\/www.europesays.com\/fr\/wp-json\/wp\/v2\/posts"}],"about":[{"href":"https:\/\/www.europesays.com\/fr\/wp-json\/wp\/v2\/types\/post"}],"author":[{"embeddable":true,"href":"https:\/\/www.europesays.com\/fr\/wp-json\/wp\/v2\/users\/2"}],"replies":[{"embeddable":true,"href":"https:\/\/www.europesays.com\/fr\/wp-json\/wp\/v2\/comments?post=165973"}],"version-history":[{"count":0,"href":"https:\/\/www.europesays.com\/fr\/wp-json\/wp\/v2\/posts\/165973\/revisions"}],"wp:featuredmedia":[{"embeddable":true,"href":"https:\/\/www.europesays.com\/fr\/wp-json\/wp\/v2\/media\/165974"}],"wp:attachment":[{"href":"https:\/\/www.europesays.com\/fr\/wp-json\/wp\/v2\/media?parent=165973"}],"wp:term":[{"taxonomy":"category","embeddable":true,"href":"https:\/\/www.europesays.com\/fr\/wp-json\/wp\/v2\/categories?post=165973"},{"taxonomy":"post_tag","embeddable":true,"href":"https:\/\/www.europesays.com\/fr\/wp-json\/wp\/v2\/tags?post=165973"}],"curies":[{"name":"wp","href":"https:\/\/api.w.org\/{rel}","templated":true}]}}